{"id":11933,"date":"2025-07-08T13:04:39","date_gmt":"2025-07-08T11:04:39","guid":{"rendered":"https:\/\/www.latramuntana.com\/?p=11933"},"modified":"2026-01-23T13:10:46","modified_gmt":"2026-01-23T12:10:46","slug":"una-gran-festa-destiu-per-celebrar-els-80-anys-de-grup-tramuntana","status":"publish","type":"post","link":"https:\/\/www.latramuntana.com\/ca\/una-gran-festa-destiu-per-celebrar-els-80-anys-de-grup-tramuntana\/","title":{"rendered":"Una gran festa d\u2019estiu per celebrar els 80 anys de Grup Tramuntana"},"content":{"rendered":"\t\t<div data-elementor-type=\"wp-post\" data-elementor-id=\"11933\" class=\"elementor elementor-11933\" data-elementor-post-type=\"post\">\n\t\t\t\t<div class=\"elementor-element elementor-element-1ca53de e-flex e-con-boxed e-con e-parent\" data-id=\"1ca53de\" data-element_type=\"container\" data-e-type=\"container\">\n\t\t\t\t\t<div class=\"e-con-inner\">\n\t\t\t\t<div class=\"elementor-element elementor-element-0155c81 elementor-widget elementor-widget-text-editor\" data-id=\"0155c81\" data-element_type=\"widget\" data-e-type=\"widget\" data-widget_type=\"text-editor.default\">\n\t\t\t\t<div class=\"elementor-widget-container\">\n\t\t\t\t\t\t\t\t\t<p>El passat divendres 4 de juliol vam celebrar una gran festa d\u2019estiu amb motiu dels 80 anys de Grup Tramuntana.<br \/>M\u00e9s que una fita especial, va ser una vetllada per compartir emocions, retrobaments i agra\u00efments amb la nostra gran fam\u00edlia: amics, familiars, col\u00b7laboradors, prove\u00efdors i equip. Tot plegat, al bell mig de l\u2019Empord\u00e0, en un entorn tan acollidor com Mas Falgarona.<\/p><p>La periodista <strong>Maria Xinx\u00f3<\/strong> va conduir l\u2019acte amb eleg\u00e0ncia i proximitat, donant pas a moments plens d\u2019humanitat i bon humor. L\u2019humorista <strong>Pep Plaza<\/strong> ens va fer riure i connectar des del cor, posant el toc d\u2019alegria tan propi de les celebracions familiars.<\/p><p>Un dels instants m\u00e9s sentits de la nit va ser l\u2019homenatge a <strong>Dolors Gimbernat<\/strong>, companya estimada que aquest 2025 tanca una etapa de m\u00e9s de 20 anys de dedicaci\u00f3 al Grup Tramuntana. Un reconeixement merescut i emotiu que ens recorda com les persones s\u00f3n el veritable motor de qui som.<\/p><p>Tamb\u00e9 vam mirar enrere, als nostres or\u00edgens, amb un preci\u00f3s film creat per <strong>Elisenda Raurich<\/strong>, en homenatge als seus avis Josep i Mariss\u00e9. Una pe\u00e7a audiovisual carregada d\u2019emoci\u00f3, que ens va fer reviure les arrels i la hist\u00f2ria que ens ha portat fins aqu\u00ed.<\/p><p>La vetllada va ser possible gr\u00e0cies a l\u2019equip de <strong>N\u00f2mades<\/strong>, que van planificar i acompanyar-nos amb una sensibilitat i una precisi\u00f3 extraordin\u00e0ries, sempre fidels al nostre estil i manera de fer.<\/p><p>I com tota gran festa, no hi va faltar la m\u00fasica. Amb <strong>FrikiBingo<\/strong> i la sessi\u00f3 de la <strong>DJ Mariona<\/strong>, vam acabar la nit ballant i somrient, celebrant el present i somiant el futur.<\/p><p>Tamb\u00e9 volem agrair la col\u00b7laboraci\u00f3 de <strong>Wine Palace<\/strong>, <strong>Pernod Ricard<\/strong>, <strong>Begudes Ball\u00f3<\/strong>, <strong>Garcia Carri\u00f3n<\/strong> i <strong>Coca-Cola<\/strong>, que van sumar qualitat i bon gust d&#8217;aquesta gran nit.<\/p><p>Gr\u00e0cies de tot cor a totes les persones i empreses que heu deixat la vostra empremta en aquesta celebraci\u00f3. I gr\u00e0cies a tots els que, d\u2019una manera o altra, formeu part de la comunitat Tramuntana.<\/p><p>Aquest 80\u00e8 aniversari \u00e9s un homenatge a la nostra hist\u00f2ria, per\u00f2 sobretot \u00e9s un comprom\u00eds amb el futur.<br \/><strong>Continuem construint, amb equip, amb valors i amb arrels.<\/strong><\/p><p><img decoding=\"async\" class=\"emoji\" role=\"img\" draggable=\"false\" src=\"https:\/\/s.w.org\/images\/core\/emoji\/15.1.0\/svg\/1f4f8.svg\" alt=\"\ud83d\udcf8\" \/> <em>A continuaci\u00f3, podeu veure un recull d\u2019imatges amb alguns dels moments m\u00e9s especials de la festa.<\/em><\/p>\t\t\t\t\t\t\t\t<\/div>\n\t\t\t\t<\/div>\n\t\t\t\t<div class=\"elementor-element elementor-element-c0df5a5 elementor-widget elementor-widget-text-editor\" data-id=\"c0df5a5\" data-element_type=\"widget\" data-e-type=\"widget\" data-widget_type=\"text-editor.default\">\n\t\t\t\t<div class=\"elementor-widget-container\">\n\t\t\t\t\t\t\t\t\t<h5><strong>Recull d&#8217;imatges festa d&#8217;estiu.<\/strong><\/h5>\t\t\t\t\t\t\t\t<\/div>\n\t\t\t\t<\/div>\n\t\t\t\t<div class=\"elementor-element elementor-element-031c39b elementor-hidden-desktop elementor-widget elementor-widget-html\" data-id=\"031c39b\" data-element_type=\"widget\" data-e-type=\"widget\" data-widget_type=\"html.default\">\n\t\t\t\t<div class=\"elementor-widget-container\">\n\t\t\t\t\t<a data-flickr-embed=\"true\" href=\"https:\/\/www.flickr.com\/photos\/203196972@N08\/albums\/72177720327395321\" title=\"Festa d\u2019estiu 80 anys Grup Tramuntana\"><img fetchpriority=\"high\" decoding=\"async\" src=\"https:\/\/live.staticflickr.com\/65535\/54641680985_106f7cafb3.jpg\" width=\"500\" height=\"375\" alt=\"Festa d\u2019estiu 80 anys Grup Tramuntana\"\/><\/a><script async src=\"\/\/embedr.flickr.com\/assets\/client-code.js\" charset=\"utf-8\"><\/script>\t\t\t\t<\/div>\n\t\t\t\t<\/div>\n\t\t\t\t<div class=\"elementor-element elementor-element-028de35 elementor-hidden-mobile elementor-widget elementor-widget-html\" data-id=\"028de35\" data-element_type=\"widget\" data-e-type=\"widget\" data-widget_type=\"html.default\">\n\t\t\t\t<div class=\"elementor-widget-container\">\n\t\t\t\t\t<a data-flickr-embed=\"true\" href=\"https:\/\/www.flickr.com\/photos\/203196972@N08\/albums\/72177720327395321\" title=\"Festa d\u2019estiu 80 anys Grup Tramuntana\"><img decoding=\"async\" src=\"https:\/\/live.staticflickr.com\/65535\/54641680985_106f7cafb3_c.jpg\" width=\"800\" height=\"600\" alt=\"Festa d\u2019estiu 80 anys Grup Tramuntana\"\/><\/a><script async src=\"\/\/embedr.flickr.com\/assets\/client-code.js\" charset=\"utf-8\"><\/script>\t\t\t\t<\/div>\n\t\t\t\t<\/div>\n\t\t\t\t<div class=\"elementor-element elementor-element-c3b6d88 elementor-widget elementor-widget-heading\" data-id=\"c3b6d88\" data-element_type=\"widget\" data-e-type=\"widget\" data-widget_type=\"heading.default\">\n\t\t\t\t<div class=\"elementor-widget-container\">\n\t\t\t\t\t<h4 class=\"elementor-heading-title elementor-size-default\">Compartir<\/h4>\t\t\t\t<\/div>\n\t\t\t\t<\/div>\n\t\t\t\t<div class=\"elementor-element elementor-element-b919afc elementor-share-buttons--view-icon elementor-share-buttons--shape-rounded elementor-share-buttons--skin-gradient elementor-grid-0 elementor-share-buttons--color-official elementor-widget elementor-widget-share-buttons\" data-id=\"b919afc\" data-element_type=\"widget\" data-e-type=\"widget\" data-widget_type=\"share-buttons.default\">\n\t\t\t\t<div class=\"elementor-widget-container\">\n\t\t\t\t\t\t\t<div class=\"elementor-grid\" role=\"list\">\n\t\t\t\t\t\t\t\t<div class=\"elementor-grid-item\" role=\"listitem\">\n\t\t\t\t\t\t<div class=\"elementor-share-btn elementor-share-btn_whatsapp\" role=\"button\" tabindex=\"0\" aria-label=\"Compartici\u00f3 en whatsapp\">\n\t\t\t\t\t\t\t\t\t\t\t\t\t\t\t<span class=\"elementor-share-btn__icon\">\n\t\t\t\t\t\t\t\t<svg aria-hidden=\"true\" class=\"e-font-icon-svg e-fab-whatsapp\" viewBox=\"0 0 448 512\" xmlns=\"http:\/\/www.w3.org\/2000\/svg\"><path d=\"M380.9 97.1C339 55.1 283.2 32 223.9 32c-122.4 0-222 99.6-222 222 0 39.1 10.2 77.3 29.6 111L0 480l117.7-30.9c32.4 17.7 68.9 27 106.1 27h.1c122.3 0 224.1-99.6 224.1-222 0-59.3-25.2-115-67.1-157zm-157 341.6c-33.2 0-65.7-8.9-94-25.7l-6.7-4-69.8 18.3L72 359.2l-4.4-7c-18.5-29.4-28.2-63.3-28.2-98.2 0-101.7 82.8-184.5 184.6-184.5 49.3 0 95.6 19.2 130.4 54.1 34.8 34.9 56.2 81.2 56.1 130.5 0 101.8-84.9 184.6-186.6 184.6zm101.2-138.2c-5.5-2.8-32.8-16.2-37.9-18-5.1-1.9-8.8-2.8-12.5 2.8-3.7 5.6-14.3 18-17.6 21.8-3.2 3.7-6.5 4.2-12 1.4-32.6-16.3-54-29.1-75.5-66-5.7-9.8 5.7-9.1 16.3-30.3 1.8-3.7.9-6.9-.5-9.7-1.4-2.8-12.5-30.1-17.1-41.2-4.5-10.8-9.1-9.3-12.5-9.5-3.2-.2-6.9-.2-10.6-.2-3.7 0-9.7 1.4-14.8 6.9-5.1 5.6-19.4 19-19.4 46.3 0 27.3 19.9 53.7 22.6 57.4 2.8 3.7 39.1 59.7 94.8 83.8 35.2 15.2 49 16.5 66.6 13.9 10.7-1.6 32.8-13.4 37.4-26.4 4.6-13 4.6-24.1 3.2-26.4-1.3-2.5-5-3.9-10.5-6.6z\"><\/path><\/svg>\t\t\t\t\t\t\t<\/span>\n\t\t\t\t\t\t\t\t\t\t\t\t\t\t\t\t\t\t\t\t<\/div>\n\t\t\t\t\t<\/div>\n\t\t\t\t\t\t\t\t\t<div class=\"elementor-grid-item\" role=\"listitem\">\n\t\t\t\t\t\t<div class=\"elementor-share-btn elementor-share-btn_facebook\" role=\"button\" tabindex=\"0\" aria-label=\"Compartici\u00f3 en facebook\">\n\t\t\t\t\t\t\t\t\t\t\t\t\t\t\t<span class=\"elementor-share-btn__icon\">\n\t\t\t\t\t\t\t\t<svg aria-hidden=\"true\" class=\"e-font-icon-svg e-fab-facebook\" viewBox=\"0 0 512 512\" xmlns=\"http:\/\/www.w3.org\/2000\/svg\"><path d=\"M504 256C504 119 393 8 256 8S8 119 8 256c0 123.78 90.69 226.38 209.25 245V327.69h-63V256h63v-54.64c0-62.15 37-96.48 93.67-96.48 27.14 0 55.52 4.84 55.52 4.84v61h-31.28c-30.8 0-40.41 19.12-40.41 38.73V256h68.78l-11 71.69h-57.78V501C413.31 482.38 504 379.78 504 256z\"><\/path><\/svg>\t\t\t\t\t\t\t<\/span>\n\t\t\t\t\t\t\t\t\t\t\t\t\t\t\t\t\t\t\t\t<\/div>\n\t\t\t\t\t<\/div>\n\t\t\t\t\t\t\t\t\t<div class=\"elementor-grid-item\" role=\"listitem\">\n\t\t\t\t\t\t<div class=\"elementor-share-btn elementor-share-btn_x-twitter\" role=\"button\" tabindex=\"0\" aria-label=\"Compartici\u00f3 en x-twitter\">\n\t\t\t\t\t\t\t\t\t\t\t\t\t\t\t<span class=\"elementor-share-btn__icon\">\n\t\t\t\t\t\t\t\t<svg aria-hidden=\"true\" class=\"e-font-icon-svg e-fab-x-twitter\" viewBox=\"0 0 512 512\" xmlns=\"http:\/\/www.w3.org\/2000\/svg\"><path d=\"M389.2 48h70.6L305.6 224.2 487 464H345L233.7 318.6 106.5 464H35.8L200.7 275.5 26.8 48H172.4L272.9 180.9 389.2 48zM364.4 421.8h39.1L151.1 88h-42L364.4 421.8z\"><\/path><\/svg>\t\t\t\t\t\t\t<\/span>\n\t\t\t\t\t\t\t\t\t\t\t\t\t\t\t\t\t\t\t\t<\/div>\n\t\t\t\t\t<\/div>\n\t\t\t\t\t\t\t\t\t<div class=\"elementor-grid-item\" role=\"listitem\">\n\t\t\t\t\t\t<div class=\"elementor-share-btn elementor-share-btn_linkedin\" role=\"button\" tabindex=\"0\" aria-label=\"Compartici\u00f3 en linkedin\">\n\t\t\t\t\t\t\t\t\t\t\t\t\t\t\t<span class=\"elementor-share-btn__icon\">\n\t\t\t\t\t\t\t\t<svg aria-hidden=\"true\" class=\"e-font-icon-svg e-fab-linkedin\" viewBox=\"0 0 448 512\" xmlns=\"http:\/\/www.w3.org\/2000\/svg\"><path d=\"M416 32H31.9C14.3 32 0 46.5 0 64.3v383.4C0 465.5 14.3 480 31.9 480H416c17.6 0 32-14.5 32-32.3V64.3c0-17.8-14.4-32.3-32-32.3zM135.4 416H69V202.2h66.5V416zm-33.2-243c-21.3 0-38.5-17.3-38.5-38.5S80.9 96 102.2 96c21.2 0 38.5 17.3 38.5 38.5 0 21.3-17.2 38.5-38.5 38.5zm282.1 243h-66.4V312c0-24.8-.5-56.7-34.5-56.7-34.6 0-39.9 27-39.9 54.9V416h-66.4V202.2h63.7v29.2h.9c8.9-16.8 30.6-34.5 62.9-34.5 67.2 0 79.7 44.3 79.7 101.9V416z\"><\/path><\/svg>\t\t\t\t\t\t\t<\/span>\n\t\t\t\t\t\t\t\t\t\t\t\t\t\t\t\t\t\t\t\t<\/div>\n\t\t\t\t\t<\/div>\n\t\t\t\t\t\t<\/div>\n\t\t\t\t\t\t<\/div>\n\t\t\t\t<\/div>\n\t\t\t\t\t<\/div>\n\t\t\t\t<\/div>\n\t\t<div class=\"elementor-element elementor-element-35ac9aa e-flex e-con-boxed e-con e-parent\" data-id=\"35ac9aa\" data-element_type=\"container\" data-e-type=\"container\">\n\t\t\t\t\t<div class=\"e-con-inner\">\n\t\t\t\t\t<\/div>\n\t\t\t\t<\/div>\n\t\t\t\t<\/div>\n\t\t","protected":false},"excerpt":{"rendered":"<p>Una gran festa estiuenca va reunir equips fam\u00edlies i col\u00b7laboradors per celebrar vuitanta anys de traject\u00f2ria Tramuntana.<\/p>\n","protected":false},"author":3,"featured_media":12006,"comment_status":"open","ping_status":"open","sticky":false,"template":"","format":"standard","meta":{"footnotes":""},"categories":[112],"tags":[],"class_list":["post-11933","post","type-post","status-publish","format-standard","has-post-thumbnail","hentry","category-corporatiu"],"yoast_head":"<!-- This site is optimized with the Yoast SEO plugin v27.4 - https:\/\/yoast.com\/product\/yoast-seo-wordpress\/ -->\n<title>Festa d\u2019estiu per celebrar els 80 anys de Grup Tramuntana<\/title>\n<meta name=\"description\" content=\"Grup Tramuntana celebra 80 anys amb una gran festa d\u2019estiu a Mas Falgarona. Homenatges, m\u00fasica i emocions compartides amb fam\u00edlia i amics.\" \/>\n<meta name=\"robots\" content=\"index, follow, max-snippet:-1, max-image-preview:large, max-video-preview:-1\" \/>\n<link rel=\"canonical\" href=\"https:\/\/www.latramuntana.com\/ca\/una-gran-festa-destiu-per-celebrar-els-80-anys-de-grup-tramuntana\/\" \/>\n<meta property=\"og:locale\" content=\"ca_ES\" \/>\n<meta property=\"og:type\" content=\"article\" \/>\n<meta property=\"og:title\" content=\"Festa d\u2019estiu per celebrar els 80 anys de Grup Tramuntana\" \/>\n<meta property=\"og:description\" content=\"Grup Tramuntana celebra 80 anys amb una gran festa d\u2019estiu a Mas Falgarona. Homenatges, m\u00fasica i emocions compartides amb fam\u00edlia i amics.\" \/>\n<meta property=\"og:url\" content=\"https:\/\/www.latramuntana.com\/ca\/una-gran-festa-destiu-per-celebrar-els-80-anys-de-grup-tramuntana\/\" \/>\n<meta property=\"og:site_name\" content=\"La Tramuntana\" \/>\n<meta property=\"article:publisher\" content=\"https:\/\/www.facebook.com\/gruptramuntana\" \/>\n<meta property=\"article:published_time\" content=\"2025-07-08T11:04:39+00:00\" \/>\n<meta property=\"article:modified_time\" content=\"2026-01-23T12:10:46+00:00\" \/>\n<meta property=\"og:image\" content=\"https:\/\/www.latramuntana.com\/wp-content\/uploads\/2025\/07\/250704_JRP0218-scaled.webp\" \/>\n\t<meta property=\"og:image:width\" content=\"2560\" \/>\n\t<meta property=\"og:image:height\" content=\"1683\" \/>\n\t<meta property=\"og:image:type\" content=\"image\/webp\" \/>\n<meta name=\"author\" content=\"Jonathan Castell\u00f3\" \/>\n<meta name=\"twitter:card\" content=\"summary_large_image\" \/>\n<meta name=\"twitter:label1\" content=\"Escrit per\" \/>\n\t<meta name=\"twitter:data1\" content=\"Jonathan Castell\u00f3\" \/>\n\t<meta name=\"twitter:label2\" content=\"Temps estimat de lectura\" \/>\n\t<meta name=\"twitter:data2\" content=\"3 minuts\" \/>\n<script type=\"application\/ld+json\" class=\"yoast-schema-graph\">{\"@context\":\"https:\\\/\\\/schema.org\",\"@graph\":[{\"@type\":\"Article\",\"@id\":\"https:\\\/\\\/www.latramuntana.com\\\/ca\\\/una-gran-festa-destiu-per-celebrar-els-80-anys-de-grup-tramuntana\\\/#article\",\"isPartOf\":{\"@id\":\"https:\\\/\\\/www.latramuntana.com\\\/ca\\\/una-gran-festa-destiu-per-celebrar-els-80-anys-de-grup-tramuntana\\\/\"},\"author\":{\"name\":\"Jonathan Castell\u00f3\",\"@id\":\"https:\\\/\\\/www.latramuntana.com\\\/ca\\\/#\\\/schema\\\/person\\\/cbef6c5fc8e70e3ed2baa1c98f01888a\"},\"headline\":\"Una gran festa d\u2019estiu per celebrar els 80 anys de Grup Tramuntana\",\"datePublished\":\"2025-07-08T11:04:39+00:00\",\"dateModified\":\"2026-01-23T12:10:46+00:00\",\"mainEntityOfPage\":{\"@id\":\"https:\\\/\\\/www.latramuntana.com\\\/ca\\\/una-gran-festa-destiu-per-celebrar-els-80-anys-de-grup-tramuntana\\\/\"},\"wordCount\":417,\"commentCount\":0,\"publisher\":{\"@id\":\"https:\\\/\\\/www.latramuntana.com\\\/ca\\\/#organization\"},\"image\":{\"@id\":\"https:\\\/\\\/www.latramuntana.com\\\/ca\\\/una-gran-festa-destiu-per-celebrar-els-80-anys-de-grup-tramuntana\\\/#primaryimage\"},\"thumbnailUrl\":\"https:\\\/\\\/www.latramuntana.com\\\/wp-content\\\/uploads\\\/2025\\\/07\\\/250704_JRP0218-scaled.webp\",\"articleSection\":[\"Corporatiu\"],\"inLanguage\":\"ca\",\"potentialAction\":[{\"@type\":\"CommentAction\",\"name\":\"Comment\",\"target\":[\"https:\\\/\\\/www.latramuntana.com\\\/ca\\\/una-gran-festa-destiu-per-celebrar-els-80-anys-de-grup-tramuntana\\\/#respond\"]}]},{\"@type\":\"WebPage\",\"@id\":\"https:\\\/\\\/www.latramuntana.com\\\/ca\\\/una-gran-festa-destiu-per-celebrar-els-80-anys-de-grup-tramuntana\\\/\",\"url\":\"https:\\\/\\\/www.latramuntana.com\\\/ca\\\/una-gran-festa-destiu-per-celebrar-els-80-anys-de-grup-tramuntana\\\/\",\"name\":\"Festa d\u2019estiu per celebrar els 80 anys de Grup Tramuntana\",\"isPartOf\":{\"@id\":\"https:\\\/\\\/www.latramuntana.com\\\/ca\\\/#website\"},\"primaryImageOfPage\":{\"@id\":\"https:\\\/\\\/www.latramuntana.com\\\/ca\\\/una-gran-festa-destiu-per-celebrar-els-80-anys-de-grup-tramuntana\\\/#primaryimage\"},\"image\":{\"@id\":\"https:\\\/\\\/www.latramuntana.com\\\/ca\\\/una-gran-festa-destiu-per-celebrar-els-80-anys-de-grup-tramuntana\\\/#primaryimage\"},\"thumbnailUrl\":\"https:\\\/\\\/www.latramuntana.com\\\/wp-content\\\/uploads\\\/2025\\\/07\\\/250704_JRP0218-scaled.webp\",\"datePublished\":\"2025-07-08T11:04:39+00:00\",\"dateModified\":\"2026-01-23T12:10:46+00:00\",\"description\":\"Grup Tramuntana celebra 80 anys amb una gran festa d\u2019estiu a Mas Falgarona. Homenatges, m\u00fasica i emocions compartides amb fam\u00edlia i amics.\",\"breadcrumb\":{\"@id\":\"https:\\\/\\\/www.latramuntana.com\\\/ca\\\/una-gran-festa-destiu-per-celebrar-els-80-anys-de-grup-tramuntana\\\/#breadcrumb\"},\"inLanguage\":\"ca\",\"potentialAction\":[{\"@type\":\"ReadAction\",\"target\":[\"https:\\\/\\\/www.latramuntana.com\\\/ca\\\/una-gran-festa-destiu-per-celebrar-els-80-anys-de-grup-tramuntana\\\/\"]}]},{\"@type\":\"ImageObject\",\"inLanguage\":\"ca\",\"@id\":\"https:\\\/\\\/www.latramuntana.com\\\/ca\\\/una-gran-festa-destiu-per-celebrar-els-80-anys-de-grup-tramuntana\\\/#primaryimage\",\"url\":\"https:\\\/\\\/www.latramuntana.com\\\/wp-content\\\/uploads\\\/2025\\\/07\\\/250704_JRP0218-scaled.webp\",\"contentUrl\":\"https:\\\/\\\/www.latramuntana.com\\\/wp-content\\\/uploads\\\/2025\\\/07\\\/250704_JRP0218-scaled.webp\",\"width\":2560,\"height\":1683},{\"@type\":\"BreadcrumbList\",\"@id\":\"https:\\\/\\\/www.latramuntana.com\\\/ca\\\/una-gran-festa-destiu-per-celebrar-els-80-anys-de-grup-tramuntana\\\/#breadcrumb\",\"itemListElement\":[{\"@type\":\"ListItem\",\"position\":1,\"name\":\"Portada\",\"item\":\"https:\\\/\\\/www.latramuntana.com\\\/ca\\\/\"},{\"@type\":\"ListItem\",\"position\":2,\"name\":\"Una gran festa d\u2019estiu per celebrar els 80 anys de Grup Tramuntana\"}]},{\"@type\":\"WebSite\",\"@id\":\"https:\\\/\\\/www.latramuntana.com\\\/ca\\\/#website\",\"url\":\"https:\\\/\\\/www.latramuntana.com\\\/ca\\\/\",\"name\":\"La Tramuntana\",\"description\":\"\",\"publisher\":{\"@id\":\"https:\\\/\\\/www.latramuntana.com\\\/ca\\\/#organization\"},\"potentialAction\":[{\"@type\":\"SearchAction\",\"target\":{\"@type\":\"EntryPoint\",\"urlTemplate\":\"https:\\\/\\\/www.latramuntana.com\\\/ca\\\/?s={search_term_string}\"},\"query-input\":{\"@type\":\"PropertyValueSpecification\",\"valueRequired\":true,\"valueName\":\"search_term_string\"}}],\"inLanguage\":\"ca\"},{\"@type\":\"Organization\",\"@id\":\"https:\\\/\\\/www.latramuntana.com\\\/ca\\\/#organization\",\"name\":\"La Tramuntana\",\"url\":\"https:\\\/\\\/www.latramuntana.com\\\/ca\\\/\",\"logo\":{\"@type\":\"ImageObject\",\"inLanguage\":\"ca\",\"@id\":\"https:\\\/\\\/www.latramuntana.com\\\/ca\\\/#\\\/schema\\\/logo\\\/image\\\/\",\"url\":\"https:\\\/\\\/www.latramuntana.com\\\/wp-content\\\/uploads\\\/2024\\\/06\\\/latramuntana-logo.svg\",\"contentUrl\":\"https:\\\/\\\/www.latramuntana.com\\\/wp-content\\\/uploads\\\/2024\\\/06\\\/latramuntana-logo.svg\",\"width\":500,\"height\":55,\"caption\":\"La Tramuntana\"},\"image\":{\"@id\":\"https:\\\/\\\/www.latramuntana.com\\\/ca\\\/#\\\/schema\\\/logo\\\/image\\\/\"},\"sameAs\":[\"https:\\\/\\\/www.facebook.com\\\/gruptramuntana\",\"https:\\\/\\\/www.instagram.com\\\/gruptramuntana\\\/\",\"https:\\\/\\\/www.linkedin.com\\\/company\\\/gruptramuntana\\\/\"]},{\"@type\":\"Person\",\"@id\":\"https:\\\/\\\/www.latramuntana.com\\\/ca\\\/#\\\/schema\\\/person\\\/cbef6c5fc8e70e3ed2baa1c98f01888a\",\"name\":\"Jonathan Castell\u00f3\",\"image\":{\"@type\":\"ImageObject\",\"inLanguage\":\"ca\",\"@id\":\"https:\\\/\\\/secure.gravatar.com\\\/avatar\\\/177c70ebf51c7857f92a2abf788941161ab11be71331a2ac62c0879e02200fdc?s=96&d=mm&r=g\",\"url\":\"https:\\\/\\\/secure.gravatar.com\\\/avatar\\\/177c70ebf51c7857f92a2abf788941161ab11be71331a2ac62c0879e02200fdc?s=96&d=mm&r=g\",\"contentUrl\":\"https:\\\/\\\/secure.gravatar.com\\\/avatar\\\/177c70ebf51c7857f92a2abf788941161ab11be71331a2ac62c0879e02200fdc?s=96&d=mm&r=g\",\"caption\":\"Jonathan Castell\u00f3\"},\"sameAs\":[\"https:\\\/\\\/www.latramuntana.com\"]}]}<\/script>\n<!-- \/ Yoast SEO plugin. -->","yoast_head_json":{"title":"Festa d\u2019estiu per celebrar els 80 anys de Grup Tramuntana","description":"Grup Tramuntana celebra 80 anys amb una gran festa d\u2019estiu a Mas Falgarona. Homenatges, m\u00fasica i emocions compartides amb fam\u00edlia i amics.","robots":{"index":"index","follow":"follow","max-snippet":"max-snippet:-1","max-image-preview":"max-image-preview:large","max-video-preview":"max-video-preview:-1"},"canonical":"https:\/\/www.latramuntana.com\/ca\/una-gran-festa-destiu-per-celebrar-els-80-anys-de-grup-tramuntana\/","og_locale":"ca_ES","og_type":"article","og_title":"Festa d\u2019estiu per celebrar els 80 anys de Grup Tramuntana","og_description":"Grup Tramuntana celebra 80 anys amb una gran festa d\u2019estiu a Mas Falgarona. Homenatges, m\u00fasica i emocions compartides amb fam\u00edlia i amics.","og_url":"https:\/\/www.latramuntana.com\/ca\/una-gran-festa-destiu-per-celebrar-els-80-anys-de-grup-tramuntana\/","og_site_name":"La Tramuntana","article_publisher":"https:\/\/www.facebook.com\/gruptramuntana","article_published_time":"2025-07-08T11:04:39+00:00","article_modified_time":"2026-01-23T12:10:46+00:00","og_image":[{"width":2560,"height":1683,"url":"https:\/\/www.latramuntana.com\/wp-content\/uploads\/2025\/07\/250704_JRP0218-scaled.webp","type":"image\/webp"}],"author":"Jonathan Castell\u00f3","twitter_card":"summary_large_image","twitter_misc":{"Escrit per":"Jonathan Castell\u00f3","Temps estimat de lectura":"3 minuts"},"schema":{"@context":"https:\/\/schema.org","@graph":[{"@type":"Article","@id":"https:\/\/www.latramuntana.com\/ca\/una-gran-festa-destiu-per-celebrar-els-80-anys-de-grup-tramuntana\/#article","isPartOf":{"@id":"https:\/\/www.latramuntana.com\/ca\/una-gran-festa-destiu-per-celebrar-els-80-anys-de-grup-tramuntana\/"},"author":{"name":"Jonathan Castell\u00f3","@id":"https:\/\/www.latramuntana.com\/ca\/#\/schema\/person\/cbef6c5fc8e70e3ed2baa1c98f01888a"},"headline":"Una gran festa d\u2019estiu per celebrar els 80 anys de Grup Tramuntana","datePublished":"2025-07-08T11:04:39+00:00","dateModified":"2026-01-23T12:10:46+00:00","mainEntityOfPage":{"@id":"https:\/\/www.latramuntana.com\/ca\/una-gran-festa-destiu-per-celebrar-els-80-anys-de-grup-tramuntana\/"},"wordCount":417,"commentCount":0,"publisher":{"@id":"https:\/\/www.latramuntana.com\/ca\/#organization"},"image":{"@id":"https:\/\/www.latramuntana.com\/ca\/una-gran-festa-destiu-per-celebrar-els-80-anys-de-grup-tramuntana\/#primaryimage"},"thumbnailUrl":"https:\/\/www.latramuntana.com\/wp-content\/uploads\/2025\/07\/250704_JRP0218-scaled.webp","articleSection":["Corporatiu"],"inLanguage":"ca","potentialAction":[{"@type":"CommentAction","name":"Comment","target":["https:\/\/www.latramuntana.com\/ca\/una-gran-festa-destiu-per-celebrar-els-80-anys-de-grup-tramuntana\/#respond"]}]},{"@type":"WebPage","@id":"https:\/\/www.latramuntana.com\/ca\/una-gran-festa-destiu-per-celebrar-els-80-anys-de-grup-tramuntana\/","url":"https:\/\/www.latramuntana.com\/ca\/una-gran-festa-destiu-per-celebrar-els-80-anys-de-grup-tramuntana\/","name":"Festa d\u2019estiu per celebrar els 80 anys de Grup Tramuntana","isPartOf":{"@id":"https:\/\/www.latramuntana.com\/ca\/#website"},"primaryImageOfPage":{"@id":"https:\/\/www.latramuntana.com\/ca\/una-gran-festa-destiu-per-celebrar-els-80-anys-de-grup-tramuntana\/#primaryimage"},"image":{"@id":"https:\/\/www.latramuntana.com\/ca\/una-gran-festa-destiu-per-celebrar-els-80-anys-de-grup-tramuntana\/#primaryimage"},"thumbnailUrl":"https:\/\/www.latramuntana.com\/wp-content\/uploads\/2025\/07\/250704_JRP0218-scaled.webp","datePublished":"2025-07-08T11:04:39+00:00","dateModified":"2026-01-23T12:10:46+00:00","description":"Grup Tramuntana celebra 80 anys amb una gran festa d\u2019estiu a Mas Falgarona. Homenatges, m\u00fasica i emocions compartides amb fam\u00edlia i amics.","breadcrumb":{"@id":"https:\/\/www.latramuntana.com\/ca\/una-gran-festa-destiu-per-celebrar-els-80-anys-de-grup-tramuntana\/#breadcrumb"},"inLanguage":"ca","potentialAction":[{"@type":"ReadAction","target":["https:\/\/www.latramuntana.com\/ca\/una-gran-festa-destiu-per-celebrar-els-80-anys-de-grup-tramuntana\/"]}]},{"@type":"ImageObject","inLanguage":"ca","@id":"https:\/\/www.latramuntana.com\/ca\/una-gran-festa-destiu-per-celebrar-els-80-anys-de-grup-tramuntana\/#primaryimage","url":"https:\/\/www.latramuntana.com\/wp-content\/uploads\/2025\/07\/250704_JRP0218-scaled.webp","contentUrl":"https:\/\/www.latramuntana.com\/wp-content\/uploads\/2025\/07\/250704_JRP0218-scaled.webp","width":2560,"height":1683},{"@type":"BreadcrumbList","@id":"https:\/\/www.latramuntana.com\/ca\/una-gran-festa-destiu-per-celebrar-els-80-anys-de-grup-tramuntana\/#breadcrumb","itemListElement":[{"@type":"ListItem","position":1,"name":"Portada","item":"https:\/\/www.latramuntana.com\/ca\/"},{"@type":"ListItem","position":2,"name":"Una gran festa d\u2019estiu per celebrar els 80 anys de Grup Tramuntana"}]},{"@type":"WebSite","@id":"https:\/\/www.latramuntana.com\/ca\/#website","url":"https:\/\/www.latramuntana.com\/ca\/","name":"La Tramuntana","description":"","publisher":{"@id":"https:\/\/www.latramuntana.com\/ca\/#organization"},"potentialAction":[{"@type":"SearchAction","target":{"@type":"EntryPoint","urlTemplate":"https:\/\/www.latramuntana.com\/ca\/?s={search_term_string}"},"query-input":{"@type":"PropertyValueSpecification","valueRequired":true,"valueName":"search_term_string"}}],"inLanguage":"ca"},{"@type":"Organization","@id":"https:\/\/www.latramuntana.com\/ca\/#organization","name":"La Tramuntana","url":"https:\/\/www.latramuntana.com\/ca\/","logo":{"@type":"ImageObject","inLanguage":"ca","@id":"https:\/\/www.latramuntana.com\/ca\/#\/schema\/logo\/image\/","url":"https:\/\/www.latramuntana.com\/wp-content\/uploads\/2024\/06\/latramuntana-logo.svg","contentUrl":"https:\/\/www.latramuntana.com\/wp-content\/uploads\/2024\/06\/latramuntana-logo.svg","width":500,"height":55,"caption":"La Tramuntana"},"image":{"@id":"https:\/\/www.latramuntana.com\/ca\/#\/schema\/logo\/image\/"},"sameAs":["https:\/\/www.facebook.com\/gruptramuntana","https:\/\/www.instagram.com\/gruptramuntana\/","https:\/\/www.linkedin.com\/company\/gruptramuntana\/"]},{"@type":"Person","@id":"https:\/\/www.latramuntana.com\/ca\/#\/schema\/person\/cbef6c5fc8e70e3ed2baa1c98f01888a","name":"Jonathan Castell\u00f3","image":{"@type":"ImageObject","inLanguage":"ca","@id":"https:\/\/secure.gravatar.com\/avatar\/177c70ebf51c7857f92a2abf788941161ab11be71331a2ac62c0879e02200fdc?s=96&d=mm&r=g","url":"https:\/\/secure.gravatar.com\/avatar\/177c70ebf51c7857f92a2abf788941161ab11be71331a2ac62c0879e02200fdc?s=96&d=mm&r=g","contentUrl":"https:\/\/secure.gravatar.com\/avatar\/177c70ebf51c7857f92a2abf788941161ab11be71331a2ac62c0879e02200fdc?s=96&d=mm&r=g","caption":"Jonathan Castell\u00f3"},"sameAs":["https:\/\/www.latramuntana.com"]}]}},"_links":{"self":[{"href":"https:\/\/www.latramuntana.com\/ca\/wp-json\/wp\/v2\/posts\/11933","targetHints":{"allow":["GET"]}}],"collection":[{"href":"https:\/\/www.latramuntana.com\/ca\/wp-json\/wp\/v2\/posts"}],"about":[{"href":"https:\/\/www.latramuntana.com\/ca\/wp-json\/wp\/v2\/types\/post"}],"author":[{"embeddable":true,"href":"https:\/\/www.latramuntana.com\/ca\/wp-json\/wp\/v2\/users\/3"}],"replies":[{"embeddable":true,"href":"https:\/\/www.latramuntana.com\/ca\/wp-json\/wp\/v2\/comments?post=11933"}],"version-history":[{"count":8,"href":"https:\/\/www.latramuntana.com\/ca\/wp-json\/wp\/v2\/posts\/11933\/revisions"}],"predecessor-version":[{"id":14726,"href":"https:\/\/www.latramuntana.com\/ca\/wp-json\/wp\/v2\/posts\/11933\/revisions\/14726"}],"wp:featuredmedia":[{"embeddable":true,"href":"https:\/\/www.latramuntana.com\/ca\/wp-json\/wp\/v2\/media\/12006"}],"wp:attachment":[{"href":"https:\/\/www.latramuntana.com\/ca\/wp-json\/wp\/v2\/media?parent=11933"}],"wp:term":[{"taxonomy":"category","embeddable":true,"href":"https:\/\/www.latramuntana.com\/ca\/wp-json\/wp\/v2\/categories?post=11933"},{"taxonomy":"post_tag","embeddable":true,"href":"https:\/\/www.latramuntana.com\/ca\/wp-json\/wp\/v2\/tags?post=11933"}],"curies":[{"name":"wp","href":"https:\/\/api.w.org\/{rel}","templated":true}]}}