{"id":12503,"date":"2025-09-12T17:42:01","date_gmt":"2025-09-12T15:42:01","guid":{"rendered":"https:\/\/www.latramuntana.com\/?p=12503"},"modified":"2026-01-23T12:55:11","modified_gmt":"2026-01-23T11:55:11","slug":"gran-participacio-a-la-1a-tramuntana-trail-una-jornada-historica-entre-la-jonquera-i-el-portus","status":"publish","type":"post","link":"https:\/\/www.latramuntana.com\/ca\/gran-participacio-a-la-1a-tramuntana-trail-una-jornada-historica-entre-la-jonquera-i-el-portus\/","title":{"rendered":"Gran participaci\u00f3 a la 1a Tramuntana Trail: una jornada hist\u00f2rica entre La Jonquera i El Port\u00fas"},"content":{"rendered":"\t\t<div data-elementor-type=\"wp-post\" data-elementor-id=\"12503\" class=\"elementor elementor-12503\" data-elementor-post-type=\"post\">\n\t\t\t\t<div class=\"elementor-element elementor-element-1ca53de e-flex e-con-boxed e-con e-parent\" data-id=\"1ca53de\" data-element_type=\"container\" data-e-type=\"container\">\n\t\t\t\t\t<div class=\"e-con-inner\">\n\t\t\t\t<div class=\"elementor-element elementor-element-0155c81 elementor-widget elementor-widget-text-editor\" data-id=\"0155c81\" data-element_type=\"widget\" data-e-type=\"widget\" data-widget_type=\"text-editor.default\">\n\t\t\t\t<div class=\"elementor-widget-container\">\n\t\t\t\t\t\t\t\t\t<p>El passat dijous <strong>11 de setembre<\/strong>, vam viure una jornada que quedar\u00e0 gravada a la mem\u00f2ria col\u00b7lectiva: la <strong>primera edici\u00f3 de la Tramuntana Trail<\/strong>, una cursa <strong>transfronterera<\/strong> que per primer cop va unir <strong>La Jonquera i El Port\u00fas<\/strong> a trav\u00e9s de l\u2019esport i la natura.<\/p><p><img fetchpriority=\"high\" decoding=\"async\" class=\"alignnone size-medium wp-image-12590\" src=\"https:\/\/www.latramuntana.com\/wp-content\/uploads\/2025\/09\/2.-Sortida-1-300x225.webp\" alt=\"\" width=\"300\" height=\"225\" srcset=\"https:\/\/www.latramuntana.com\/wp-content\/uploads\/2025\/09\/2.-Sortida-1-300x225.webp 300w, https:\/\/www.latramuntana.com\/wp-content\/uploads\/2025\/09\/2.-Sortida-1-1024x768.webp 1024w, https:\/\/www.latramuntana.com\/wp-content\/uploads\/2025\/09\/2.-Sortida-1-768x576.webp 768w, https:\/\/www.latramuntana.com\/wp-content\/uploads\/2025\/09\/2.-Sortida-1.webp 1500w\" sizes=\"(max-width: 300px) 100vw, 300px\" \/><\/p><p>Prop de <strong>100 participants<\/strong>, entre corredors i caminadors, van rec\u00f3rrer <strong>11,4 km i 479 metres de desnivell<\/strong> del circuit. Una experi\u00e8ncia, que va ser molt m\u00e9s que una competici\u00f3: una <strong>jornada festiva <\/strong>que va omplir d\u2019emoci\u00f3 i d\u2019esfor\u00e7 pels camins de muntanya de l\u2019Empord\u00e0.<\/p><h4><strong>El naixement d\u2019una cursa singular<\/strong><\/h4><p>La idea de la Tramuntana Trail va n\u00e9ixer amb la voluntat de crear un esdeveniment <strong>\u00fanic i arrelat al territori<\/strong>, capa\u00e7 d\u2019unir esport, tradici\u00f3 i comunitat. El fet que sigui una <strong>cursa transfronterera<\/strong>, travessant l\u2019espai hist\u00f2ric entre <strong>La Jonquera i El Port\u00fas<\/strong>, la fa diferent de qualsevol altra prova de trail running a Catalunya.<\/p><p>Per Tramuntana, aquesta iniciativa reflecteix plenament els nostres <strong>valors de marca<\/strong>:<\/p><ul><li><strong>Tradici\u00f3<\/strong>, perqu\u00e8 connecta amb la hist\u00f2ria i el territori que ens ha vist cr\u00e9ixer.<\/li><li><strong>Dinamisme<\/strong>, perqu\u00e8 innova amb un format nou i diferent.<\/li><li><strong>Comprom\u00eds<\/strong>, perqu\u00e8 posa al centre la comunitat, els voluntaris i els participants.<\/li><\/ul><div>\u00a0<\/div><div><img decoding=\"async\" class=\"alignnone size-medium wp-image-12582\" src=\"https:\/\/www.latramuntana.com\/wp-content\/uploads\/2025\/09\/250911__JRP1664-1-225x300.webp\" alt=\"\" width=\"225\" height=\"300\" srcset=\"https:\/\/www.latramuntana.com\/wp-content\/uploads\/2025\/09\/250911__JRP1664-1-225x300.webp 225w, https:\/\/www.latramuntana.com\/wp-content\/uploads\/2025\/09\/250911__JRP1664-1-768x1024.webp 768w, https:\/\/www.latramuntana.com\/wp-content\/uploads\/2025\/09\/250911__JRP1664-1.webp 1125w\" sizes=\"(max-width: 225px) 100vw, 225px\" \/><\/div><h4><strong>Un recorregut que enamora<\/strong><\/h4><p>El circuit de la <strong>Tramuntana Trail<\/strong> va sorprendre i emocionar a parts iguals. Els <strong>11,4 km<\/strong> van portar els participants per senders, corriols i camins de muntanya, amb trams exigents que van posar a prova la resist\u00e8ncia i la determinaci\u00f3.<\/p><p>El <strong>Castell de Bellaguarda<\/strong>, s\u00edmbol hist\u00f2ric que vigila la frontera, va ser el punt m\u00e9s emblem\u00e0tic del recorregut. Des d\u2019all\u00e0, les vistes panor\u00e0miques sobre tota la plana de l\u2019<strong>Empord\u00e0<\/strong> van oferir un regal visual dif\u00edcil d\u2019oblidar.<\/p><p>La cursa va combinar l\u2019exig\u00e8ncia f\u00edsica amb la bellesa natural, i aix\u00f2 va permetre que corredors experimentats i caminadors aficionats compartissin el mateix esperit: <strong>viure una experi\u00e8ncia esportiva i emocional en un entorn privilegiat<\/strong>.<\/p><p><img decoding=\"async\" class=\"alignnone size-medium wp-image-12566\" src=\"https:\/\/www.latramuntana.com\/wp-content\/uploads\/2025\/09\/4.1-Recorregut_5-1-300x200.webp\" alt=\"\" width=\"300\" height=\"200\" srcset=\"https:\/\/www.latramuntana.com\/wp-content\/uploads\/2025\/09\/4.1-Recorregut_5-1-300x200.webp 300w, https:\/\/www.latramuntana.com\/wp-content\/uploads\/2025\/09\/4.1-Recorregut_5-1-1024x683.webp 1024w, https:\/\/www.latramuntana.com\/wp-content\/uploads\/2025\/09\/4.1-Recorregut_5-1-768x512.webp 768w, https:\/\/www.latramuntana.com\/wp-content\/uploads\/2025\/09\/4.1-Recorregut_5-1.webp 1500w\" sizes=\"(max-width: 300px) 100vw, 300px\" \/> <img loading=\"lazy\" decoding=\"async\" class=\"alignnone size-medium wp-image-12562\" src=\"https:\/\/www.latramuntana.com\/wp-content\/uploads\/2025\/09\/4.0-Recorregut_2-1-300x225.webp\" alt=\"\" width=\"300\" height=\"225\" srcset=\"https:\/\/www.latramuntana.com\/wp-content\/uploads\/2025\/09\/4.0-Recorregut_2-1-300x225.webp 300w, https:\/\/www.latramuntana.com\/wp-content\/uploads\/2025\/09\/4.0-Recorregut_2-1-1024x768.webp 1024w, https:\/\/www.latramuntana.com\/wp-content\/uploads\/2025\/09\/4.0-Recorregut_2-1-768x576.webp 768w, https:\/\/www.latramuntana.com\/wp-content\/uploads\/2025\/09\/4.0-Recorregut_2-1.webp 1500w\" sizes=\"(max-width: 300px) 100vw, 300px\" \/><\/p><h4><strong>Els protagonistes: podis i reconeixements<\/strong><\/h4><p>Com en tota cursa, hi va haver guanyadors i podis, per\u00f2 l\u2019esperit de la Tramuntana Trail va anar m\u00e9s enll\u00e0 de les classificacions.<\/p><p><img decoding=\"async\" class=\"emoji\" role=\"img\" draggable=\"false\" src=\"https:\/\/s.w.org\/images\/core\/emoji\/16.0.1\/svg\/1f3c5.svg\" alt=\"\ud83c\udfc5\" \/> <strong>Categoria masculina<\/strong><\/p><ol><li>Josep Pag\u00e8s \u2013 53\u2019<\/li><li>Abdessamad Ait Rahou \u2013 55\u2019<\/li><li>David G\u00f3mez \u2013 56\u2019<\/li><\/ol><div>\u00a0<\/div><div><p><img loading=\"lazy\" decoding=\"async\" class=\"alignnone size-medium wp-image-12570\" src=\"https:\/\/www.latramuntana.com\/wp-content\/uploads\/2025\/09\/4.2-Classificats-femeniClassificats-masculi-1-300x270.webp\" alt=\"\" width=\"300\" height=\"270\" srcset=\"https:\/\/www.latramuntana.com\/wp-content\/uploads\/2025\/09\/4.2-Classificats-femeniClassificats-masculi-1-300x270.webp 300w, https:\/\/www.latramuntana.com\/wp-content\/uploads\/2025\/09\/4.2-Classificats-femeniClassificats-masculi-1-1024x922.webp 1024w, https:\/\/www.latramuntana.com\/wp-content\/uploads\/2025\/09\/4.2-Classificats-femeniClassificats-masculi-1-768x691.webp 768w, https:\/\/www.latramuntana.com\/wp-content\/uploads\/2025\/09\/4.2-Classificats-femeniClassificats-masculi-1.webp 1500w\" sizes=\"(max-width: 300px) 100vw, 300px\" \/><\/p><\/div><p><img decoding=\"async\" class=\"emoji\" role=\"img\" draggable=\"false\" src=\"https:\/\/s.w.org\/images\/core\/emoji\/16.0.1\/svg\/1f3c5.svg\" alt=\"\ud83c\udfc5\" \/> <strong>Categoria femenina<\/strong><\/p><ol><li>M. \u00c0ngels Carreras \u2013 1h15\u2019<\/li><li>Berta Batlle \u2013 1h23\u2019<\/li><li>Kris Carreras \u2013 1h24\u2019<\/li><\/ol><div>\u00a0<\/div><div><p><img loading=\"lazy\" decoding=\"async\" class=\"alignnone size-medium wp-image-12574\" src=\"https:\/\/www.latramuntana.com\/wp-content\/uploads\/2025\/09\/4.2.1-Classificats-femeni-1-300x228.webp\" alt=\"\" width=\"300\" height=\"228\" srcset=\"https:\/\/www.latramuntana.com\/wp-content\/uploads\/2025\/09\/4.2.1-Classificats-femeni-1-300x228.webp 300w, https:\/\/www.latramuntana.com\/wp-content\/uploads\/2025\/09\/4.2.1-Classificats-femeni-1-1024x777.webp 1024w, https:\/\/www.latramuntana.com\/wp-content\/uploads\/2025\/09\/4.2.1-Classificats-femeni-1-768x583.webp 768w, https:\/\/www.latramuntana.com\/wp-content\/uploads\/2025\/09\/4.2.1-Classificats-femeni-1.webp 1500w\" sizes=\"(max-width: 300px) 100vw, 300px\" \/><\/p><\/div><p><img decoding=\"async\" class=\"emoji\" role=\"img\" draggable=\"false\" src=\"https:\/\/s.w.org\/images\/core\/emoji\/16.0.1\/svg\/1f44f.svg\" alt=\"\ud83d\udc4f\" \/> <strong>Reconeixements especials<\/strong><\/p><ul><li><strong>Primers jonquerencs:<\/strong> David G\u00f3mez i M. \u00c0ngels Carreras<\/li><li><strong>Primers treballadors del grup Tramuntana:<\/strong> Abdessamad Ait Rahou i Luisa Aponte (1h36\u2019)<\/li><\/ul><div>\u00a0<\/div><div><img loading=\"lazy\" decoding=\"async\" class=\"alignnone size-medium wp-image-12586\" src=\"https:\/\/www.latramuntana.com\/wp-content\/uploads\/2025\/09\/250911__JRP2116-1-300x207.webp\" alt=\"\" width=\"300\" height=\"207\" srcset=\"https:\/\/www.latramuntana.com\/wp-content\/uploads\/2025\/09\/250911__JRP2116-1-300x207.webp 300w, https:\/\/www.latramuntana.com\/wp-content\/uploads\/2025\/09\/250911__JRP2116-1-1024x708.webp 1024w, https:\/\/www.latramuntana.com\/wp-content\/uploads\/2025\/09\/250911__JRP2116-1-768x531.webp 768w, https:\/\/www.latramuntana.com\/wp-content\/uploads\/2025\/09\/250911__JRP2116-1.webp 1500w\" sizes=\"(max-width: 300px) 100vw, 300px\" \/><\/div><div>\u00a0<\/div><p><img decoding=\"async\" class=\"emoji\" role=\"img\" draggable=\"false\" src=\"https:\/\/s.w.org\/images\/core\/emoji\/16.0.1\/svg\/1f4ca.svg\" alt=\"\ud83d\udcca\" \/> Vols con\u00e8ixer tots els temps i classificacions? Consulta aqu\u00ed les <strong><a href=\"https:\/\/www.curses.cat\/classificacions\/classifica.php?url=tramuntanatrail2025\" target=\"_blank\" rel=\"noopener\">classificacions oficials de la Tramuntana Trail 2025<\/a><\/strong>.<\/p><p>Aquests reconeixements van tenir un valor afegit: demostrar que la cursa \u00e9s tamb\u00e9 una manera de <strong>celebrar el talent local i la implicaci\u00f3 de la mateixa fam\u00edlia Tramuntana<\/strong>.<\/p><h4><strong>Una festa d\u2019esport i comunitat<\/strong><\/h4><p>La jornada va ser molt m\u00e9s que una cursa. Des del primer moment, l\u2019ambient que es va viure a La Jonquera i El Port\u00fas va ser el d\u2019una <strong>gran festa popular<\/strong>.<\/p><p>Els <strong>voluntaris<\/strong> van tenir un paper fonamental: sense ells no hauria estat possible. L\u2019organitzaci\u00f3, els punts d\u2019avituallament, la seguretat i l\u2019animaci\u00f3 al llarg del recorregut van ser fruit del seu esfor\u00e7 i dedicaci\u00f3.<\/p><p>Des de Tramuntana volem expressar un <strong>agra\u00efment immens<\/strong> a tothom que va fer possible aquest esdeveniment: participants, voluntaris, col\u00b7laboradors i, molt especialment, a l\u2019<strong>Ajuntament de La Jonquera<\/strong> pel seu suport incondicional.<\/p><p><img loading=\"lazy\" decoding=\"async\" class=\"alignnone size-medium wp-image-12578\" src=\"https:\/\/www.latramuntana.com\/wp-content\/uploads\/2025\/09\/4.3-Recorregut_7-1-300x200.webp\" alt=\"\" width=\"300\" height=\"200\" srcset=\"https:\/\/www.latramuntana.com\/wp-content\/uploads\/2025\/09\/4.3-Recorregut_7-1-300x200.webp 300w, https:\/\/www.latramuntana.com\/wp-content\/uploads\/2025\/09\/4.3-Recorregut_7-1-1024x683.webp 1024w, https:\/\/www.latramuntana.com\/wp-content\/uploads\/2025\/09\/4.3-Recorregut_7-1-768x512.webp 768w, https:\/\/www.latramuntana.com\/wp-content\/uploads\/2025\/09\/4.3-Recorregut_7-1.webp 1500w\" sizes=\"(max-width: 300px) 100vw, 300px\" \/><\/p><h4><strong>Una data amb simbolisme<\/strong><\/h4><p>La primera edici\u00f3 de la Tramuntana Trail va tenir lloc en una jornada molt especial: l\u2019<strong>11 de setembre<\/strong>, Diada nacional de Catalunya.<\/p><p>Aquesta coincid\u00e8ncia va donar a l\u2019esdeveniment un car\u00e0cter encara m\u00e9s simb\u00f2lic: una manera de celebrar la nostra identitat, el nostre territori i la for\u00e7a de la nostra gent. Fer hist\u00f2ria en un dia tan significatiu refor\u00e7a encara m\u00e9s el vincle de la cursa amb la comunitat i amb l\u2019Empord\u00e0.<\/p><p><img loading=\"lazy\" decoding=\"async\" class=\"alignnone size-medium wp-image-12554\" src=\"https:\/\/www.latramuntana.com\/wp-content\/uploads\/2025\/09\/3.-Sortida_2-1-300x204.webp\" alt=\"\" width=\"300\" height=\"204\" srcset=\"https:\/\/www.latramuntana.com\/wp-content\/uploads\/2025\/09\/3.-Sortida_2-1-300x204.webp 300w, https:\/\/www.latramuntana.com\/wp-content\/uploads\/2025\/09\/3.-Sortida_2-1-1024x696.webp 1024w, https:\/\/www.latramuntana.com\/wp-content\/uploads\/2025\/09\/3.-Sortida_2-1-768x522.webp 768w, https:\/\/www.latramuntana.com\/wp-content\/uploads\/2025\/09\/3.-Sortida_2-1.webp 1500w\" sizes=\"(max-width: 300px) 100vw, 300px\" \/><\/p><h4><strong>Mirant cap al futur: Tramuntana Trail 2026<\/strong><\/h4><p>Aquesta nom\u00e9s ha estat la <strong>primera passa<\/strong>. L\u2019objectiu de la Tramuntana Trail \u00e9s consolidar-se com una cita anual de refer\u00e8ncia en el calendari de <strong>trail running a Catalunya<\/strong> i al sud de Fran\u00e7a.<\/p><p>Per al 2026, l\u2019organitzaci\u00f3 ja treballa amb la idea de cr\u00e9ixer: m\u00e9s participants, m\u00e9s difusi\u00f3 i, sobretot, mantenir l\u2019ess\u00e8ncia que la fa \u00fanica. Una cursa que combina <strong>esport i natura<\/strong>, per\u00f2 que sobretot \u00e9s una <strong>festa de comunitat<\/strong>.<\/p>\t\t\t\t\t\t\t\t<\/div>\n\t\t\t\t<\/div>\n\t\t\t\t<div class=\"elementor-element elementor-element-c0df5a5 elementor-widget elementor-widget-text-editor\" data-id=\"c0df5a5\" data-element_type=\"widget\" data-e-type=\"widget\" data-widget_type=\"text-editor.default\">\n\t\t\t\t<div class=\"elementor-widget-container\">\n\t\t\t\t\t\t\t\t\t<p><strong><img decoding=\"async\" class=\"emoji\" role=\"img\" draggable=\"false\" src=\"https:\/\/s.w.org\/images\/core\/emoji\/16.0.1\/svg\/1f4f8.svg\" alt=\"\ud83d\udcf8\" \/> Reviu la Tramuntana Trail en imatges<\/strong><\/p><p>Les paraules poden explicar molt, per\u00f2 les imatges capturen l\u2019ess\u00e8ncia d\u2019all\u00f2 que vam viure. Per aix\u00f2 hem preparat una <strong>galeria completa a Flickr<\/strong>, amb els <strong>millors moments<\/strong> i moltes altres fotografies que mostren l\u2019esfor\u00e7, els somriures i les vistes espectaculars d\u2019aquesta primera edici\u00f3.<\/p>\t\t\t\t\t\t\t\t<\/div>\n\t\t\t\t<\/div>\n\t\t\t\t<div class=\"elementor-element elementor-element-031c39b elementor-hidden-desktop elementor-widget elementor-widget-html\" data-id=\"031c39b\" data-element_type=\"widget\" data-e-type=\"widget\" data-widget_type=\"html.default\">\n\t\t\t\t<div class=\"elementor-widget-container\">\n\t\t\t\t\t<a data-flickr-embed=\"true\" href=\"https:\/\/www.flickr.com\/photos\/203196972@N08\/albums\/72177720328972200\" title=\"Tramuntana Trail\"><img loading=\"lazy\" decoding=\"async\" src=\"https:\/\/live.staticflickr.com\/65535\/54782246993_42ac092cbb.jpg\" width=\"500\" height=\"375\" alt=\"Tramuntana Trail\"\/><\/a><script async src=\"\/\/embedr.flickr.com\/assets\/client-code.js\" charset=\"utf-8\"><\/script>\t\t\t\t<\/div>\n\t\t\t\t<\/div>\n\t\t\t\t<div class=\"elementor-element elementor-element-028de35 elementor-hidden-mobile elementor-widget elementor-widget-html\" data-id=\"028de35\" data-element_type=\"widget\" data-e-type=\"widget\" data-widget_type=\"html.default\">\n\t\t\t\t<div class=\"elementor-widget-container\">\n\t\t\t\t\t<a data-flickr-embed=\"true\" href=\"https:\/\/www.flickr.com\/photos\/203196972@N08\/albums\/72177720328972200\" title=\"Tramuntana Trail\"><img loading=\"lazy\" decoding=\"async\" src=\"https:\/\/live.staticflickr.com\/65535\/54782246993_42ac092cbb_c.jpg\" width=\"800\" height=\"600\" alt=\"Tramuntana Trail\"\/><\/a><script async src=\"\/\/embedr.flickr.com\/assets\/client-code.js\" charset=\"utf-8\"><\/script>\t\t\t\t<\/div>\n\t\t\t\t<\/div>\n\t\t\t\t<div class=\"elementor-element elementor-element-c3b6d88 elementor-widget elementor-widget-heading\" data-id=\"c3b6d88\" data-element_type=\"widget\" data-e-type=\"widget\" data-widget_type=\"heading.default\">\n\t\t\t\t<div class=\"elementor-widget-container\">\n\t\t\t\t\t<h4 class=\"elementor-heading-title elementor-size-default\">Compartir<\/h4>\t\t\t\t<\/div>\n\t\t\t\t<\/div>\n\t\t\t\t<div class=\"elementor-element elementor-element-b919afc elementor-share-buttons--view-icon elementor-share-buttons--shape-rounded elementor-share-buttons--skin-gradient elementor-grid-0 elementor-share-buttons--color-official elementor-widget elementor-widget-share-buttons\" data-id=\"b919afc\" data-element_type=\"widget\" data-e-type=\"widget\" data-widget_type=\"share-buttons.default\">\n\t\t\t\t<div class=\"elementor-widget-container\">\n\t\t\t\t\t\t\t<div class=\"elementor-grid\" role=\"list\">\n\t\t\t\t\t\t\t\t<div class=\"elementor-grid-item\" role=\"listitem\">\n\t\t\t\t\t\t<div class=\"elementor-share-btn elementor-share-btn_whatsapp\" role=\"button\" tabindex=\"0\" aria-label=\"Compartici\u00f3 en whatsapp\">\n\t\t\t\t\t\t\t\t\t\t\t\t\t\t\t<span class=\"elementor-share-btn__icon\">\n\t\t\t\t\t\t\t\t<svg aria-hidden=\"true\" class=\"e-font-icon-svg e-fab-whatsapp\" viewBox=\"0 0 448 512\" xmlns=\"http:\/\/www.w3.org\/2000\/svg\"><path d=\"M380.9 97.1C339 55.1 283.2 32 223.9 32c-122.4 0-222 99.6-222 222 0 39.1 10.2 77.3 29.6 111L0 480l117.7-30.9c32.4 17.7 68.9 27 106.1 27h.1c122.3 0 224.1-99.6 224.1-222 0-59.3-25.2-115-67.1-157zm-157 341.6c-33.2 0-65.7-8.9-94-25.7l-6.7-4-69.8 18.3L72 359.2l-4.4-7c-18.5-29.4-28.2-63.3-28.2-98.2 0-101.7 82.8-184.5 184.6-184.5 49.3 0 95.6 19.2 130.4 54.1 34.8 34.9 56.2 81.2 56.1 130.5 0 101.8-84.9 184.6-186.6 184.6zm101.2-138.2c-5.5-2.8-32.8-16.2-37.9-18-5.1-1.9-8.8-2.8-12.5 2.8-3.7 5.6-14.3 18-17.6 21.8-3.2 3.7-6.5 4.2-12 1.4-32.6-16.3-54-29.1-75.5-66-5.7-9.8 5.7-9.1 16.3-30.3 1.8-3.7.9-6.9-.5-9.7-1.4-2.8-12.5-30.1-17.1-41.2-4.5-10.8-9.1-9.3-12.5-9.5-3.2-.2-6.9-.2-10.6-.2-3.7 0-9.7 1.4-14.8 6.9-5.1 5.6-19.4 19-19.4 46.3 0 27.3 19.9 53.7 22.6 57.4 2.8 3.7 39.1 59.7 94.8 83.8 35.2 15.2 49 16.5 66.6 13.9 10.7-1.6 32.8-13.4 37.4-26.4 4.6-13 4.6-24.1 3.2-26.4-1.3-2.5-5-3.9-10.5-6.6z\"><\/path><\/svg>\t\t\t\t\t\t\t<\/span>\n\t\t\t\t\t\t\t\t\t\t\t\t\t\t\t\t\t\t\t\t<\/div>\n\t\t\t\t\t<\/div>\n\t\t\t\t\t\t\t\t\t<div class=\"elementor-grid-item\" role=\"listitem\">\n\t\t\t\t\t\t<div class=\"elementor-share-btn elementor-share-btn_facebook\" role=\"button\" tabindex=\"0\" aria-label=\"Compartici\u00f3 en facebook\">\n\t\t\t\t\t\t\t\t\t\t\t\t\t\t\t<span class=\"elementor-share-btn__icon\">\n\t\t\t\t\t\t\t\t<svg aria-hidden=\"true\" class=\"e-font-icon-svg e-fab-facebook\" viewBox=\"0 0 512 512\" xmlns=\"http:\/\/www.w3.org\/2000\/svg\"><path d=\"M504 256C504 119 393 8 256 8S8 119 8 256c0 123.78 90.69 226.38 209.25 245V327.69h-63V256h63v-54.64c0-62.15 37-96.48 93.67-96.48 27.14 0 55.52 4.84 55.52 4.84v61h-31.28c-30.8 0-40.41 19.12-40.41 38.73V256h68.78l-11 71.69h-57.78V501C413.31 482.38 504 379.78 504 256z\"><\/path><\/svg>\t\t\t\t\t\t\t<\/span>\n\t\t\t\t\t\t\t\t\t\t\t\t\t\t\t\t\t\t\t\t<\/div>\n\t\t\t\t\t<\/div>\n\t\t\t\t\t\t\t\t\t<div class=\"elementor-grid-item\" role=\"listitem\">\n\t\t\t\t\t\t<div class=\"elementor-share-btn elementor-share-btn_x-twitter\" role=\"button\" tabindex=\"0\" aria-label=\"Compartici\u00f3 en x-twitter\">\n\t\t\t\t\t\t\t\t\t\t\t\t\t\t\t<span class=\"elementor-share-btn__icon\">\n\t\t\t\t\t\t\t\t<svg aria-hidden=\"true\" class=\"e-font-icon-svg e-fab-x-twitter\" viewBox=\"0 0 512 512\" xmlns=\"http:\/\/www.w3.org\/2000\/svg\"><path d=\"M389.2 48h70.6L305.6 224.2 487 464H345L233.7 318.6 106.5 464H35.8L200.7 275.5 26.8 48H172.4L272.9 180.9 389.2 48zM364.4 421.8h39.1L151.1 88h-42L364.4 421.8z\"><\/path><\/svg>\t\t\t\t\t\t\t<\/span>\n\t\t\t\t\t\t\t\t\t\t\t\t\t\t\t\t\t\t\t\t<\/div>\n\t\t\t\t\t<\/div>\n\t\t\t\t\t\t\t\t\t<div class=\"elementor-grid-item\" role=\"listitem\">\n\t\t\t\t\t\t<div class=\"elementor-share-btn elementor-share-btn_linkedin\" role=\"button\" tabindex=\"0\" aria-label=\"Compartici\u00f3 en linkedin\">\n\t\t\t\t\t\t\t\t\t\t\t\t\t\t\t<span class=\"elementor-share-btn__icon\">\n\t\t\t\t\t\t\t\t<svg aria-hidden=\"true\" class=\"e-font-icon-svg e-fab-linkedin\" viewBox=\"0 0 448 512\" xmlns=\"http:\/\/www.w3.org\/2000\/svg\"><path d=\"M416 32H31.9C14.3 32 0 46.5 0 64.3v383.4C0 465.5 14.3 480 31.9 480H416c17.6 0 32-14.5 32-32.3V64.3c0-17.8-14.4-32.3-32-32.3zM135.4 416H69V202.2h66.5V416zm-33.2-243c-21.3 0-38.5-17.3-38.5-38.5S80.9 96 102.2 96c21.2 0 38.5 17.3 38.5 38.5 0 21.3-17.2 38.5-38.5 38.5zm282.1 243h-66.4V312c0-24.8-.5-56.7-34.5-56.7-34.6 0-39.9 27-39.9 54.9V416h-66.4V202.2h63.7v29.2h.9c8.9-16.8 30.6-34.5 62.9-34.5 67.2 0 79.7 44.3 79.7 101.9V416z\"><\/path><\/svg>\t\t\t\t\t\t\t<\/span>\n\t\t\t\t\t\t\t\t\t\t\t\t\t\t\t\t\t\t\t\t<\/div>\n\t\t\t\t\t<\/div>\n\t\t\t\t\t\t<\/div>\n\t\t\t\t\t\t<\/div>\n\t\t\t\t<\/div>\n\t\t\t\t\t<\/div>\n\t\t\t\t<\/div>\n\t\t<div class=\"elementor-element elementor-element-35ac9aa e-flex e-con-boxed e-con e-parent\" data-id=\"35ac9aa\" data-element_type=\"container\" data-e-type=\"container\">\n\t\t\t\t\t<div class=\"e-con-inner\">\n\t\t\t\t\t<\/div>\n\t\t\t\t<\/div>\n\t\t\t\t<\/div>\n\t\t","protected":false},"excerpt":{"rendered":"<p>La primera edici\u00f3 de la Tramuntana Trail va reunir prop de cent participants en una jornada esportiva.<\/p>\n","protected":false},"author":3,"featured_media":12616,"comment_status":"open","ping_status":"open","sticky":false,"template":"","format":"standard","meta":{"footnotes":""},"categories":[112],"tags":[],"class_list":["post-12503","post","type-post","status-publish","format-standard","has-post-thumbnail","hentry","category-corporatiu"],"yoast_head":"<!-- This site is optimized with the Yoast SEO plugin v27.5 - https:\/\/yoast.com\/product\/yoast-seo-wordpress\/ -->\n<title>Gran participaci\u00f3 a la 1a Tramuntana Trail 2025<\/title>\n<meta name=\"description\" content=\"La 1a Tramuntana Trail uneix La Jonquera i El Port\u00fas l\u201911 de setembre: esport, natura i comunitat en una jornada hist\u00f2rica.\" \/>\n<meta name=\"robots\" content=\"index, follow, max-snippet:-1, max-image-preview:large, max-video-preview:-1\" \/>\n<link rel=\"canonical\" href=\"https:\/\/www.latramuntana.com\/ca\/gran-participacio-a-la-1a-tramuntana-trail-una-jornada-historica-entre-la-jonquera-i-el-portus\/\" \/>\n<meta property=\"og:locale\" content=\"ca_ES\" \/>\n<meta property=\"og:type\" content=\"article\" \/>\n<meta property=\"og:title\" content=\"Gran participaci\u00f3 a la 1a Tramuntana Trail 2025\" \/>\n<meta property=\"og:description\" content=\"La 1a Tramuntana Trail uneix La Jonquera i El Port\u00fas l\u201911 de setembre: esport, natura i comunitat en una jornada hist\u00f2rica.\" \/>\n<meta property=\"og:url\" content=\"https:\/\/www.latramuntana.com\/ca\/gran-participacio-a-la-1a-tramuntana-trail-una-jornada-historica-entre-la-jonquera-i-el-portus\/\" \/>\n<meta property=\"og:site_name\" content=\"La Tramuntana\" \/>\n<meta property=\"article:publisher\" content=\"https:\/\/www.facebook.com\/gruptramuntana\" \/>\n<meta property=\"article:published_time\" content=\"2025-09-12T15:42:01+00:00\" \/>\n<meta property=\"article:modified_time\" content=\"2026-01-23T11:55:11+00:00\" \/>\n<meta property=\"og:image\" content=\"https:\/\/www.latramuntana.com\/wp-content\/uploads\/2025\/09\/1.-Portada.webp\" \/>\n\t<meta property=\"og:image:width\" content=\"1500\" \/>\n\t<meta property=\"og:image:height\" content=\"957\" \/>\n\t<meta property=\"og:image:type\" content=\"image\/webp\" \/>\n<meta name=\"author\" content=\"Jonathan Castell\u00f3\" \/>\n<meta name=\"twitter:card\" content=\"summary_large_image\" \/>\n<meta name=\"twitter:label1\" content=\"Escrit per\" \/>\n\t<meta name=\"twitter:data1\" content=\"Jonathan Castell\u00f3\" \/>\n\t<meta name=\"twitter:label2\" content=\"Temps estimat de lectura\" \/>\n\t<meta name=\"twitter:data2\" content=\"8 minuts\" \/>\n<script type=\"application\/ld+json\" class=\"yoast-schema-graph\">{\"@context\":\"https:\\\/\\\/schema.org\",\"@graph\":[{\"@type\":\"Article\",\"@id\":\"https:\\\/\\\/www.latramuntana.com\\\/ca\\\/gran-participacio-a-la-1a-tramuntana-trail-una-jornada-historica-entre-la-jonquera-i-el-portus\\\/#article\",\"isPartOf\":{\"@id\":\"https:\\\/\\\/www.latramuntana.com\\\/ca\\\/gran-participacio-a-la-1a-tramuntana-trail-una-jornada-historica-entre-la-jonquera-i-el-portus\\\/\"},\"author\":{\"name\":\"Jonathan Castell\u00f3\",\"@id\":\"https:\\\/\\\/www.latramuntana.com\\\/ca\\\/#\\\/schema\\\/person\\\/cbef6c5fc8e70e3ed2baa1c98f01888a\"},\"headline\":\"Gran participaci\u00f3 a la 1a Tramuntana Trail: una jornada hist\u00f2rica entre La Jonquera i El Port\u00fas\",\"datePublished\":\"2025-09-12T15:42:01+00:00\",\"dateModified\":\"2026-01-23T11:55:11+00:00\",\"mainEntityOfPage\":{\"@id\":\"https:\\\/\\\/www.latramuntana.com\\\/ca\\\/gran-participacio-a-la-1a-tramuntana-trail-una-jornada-historica-entre-la-jonquera-i-el-portus\\\/\"},\"wordCount\":815,\"commentCount\":0,\"publisher\":{\"@id\":\"https:\\\/\\\/www.latramuntana.com\\\/ca\\\/#organization\"},\"image\":{\"@id\":\"https:\\\/\\\/www.latramuntana.com\\\/ca\\\/gran-participacio-a-la-1a-tramuntana-trail-una-jornada-historica-entre-la-jonquera-i-el-portus\\\/#primaryimage\"},\"thumbnailUrl\":\"https:\\\/\\\/www.latramuntana.com\\\/wp-content\\\/uploads\\\/2025\\\/09\\\/1.-Portada.webp\",\"articleSection\":[\"Corporatiu\"],\"inLanguage\":\"ca\",\"potentialAction\":[{\"@type\":\"CommentAction\",\"name\":\"Comment\",\"target\":[\"https:\\\/\\\/www.latramuntana.com\\\/ca\\\/gran-participacio-a-la-1a-tramuntana-trail-una-jornada-historica-entre-la-jonquera-i-el-portus\\\/#respond\"]}]},{\"@type\":\"WebPage\",\"@id\":\"https:\\\/\\\/www.latramuntana.com\\\/ca\\\/gran-participacio-a-la-1a-tramuntana-trail-una-jornada-historica-entre-la-jonquera-i-el-portus\\\/\",\"url\":\"https:\\\/\\\/www.latramuntana.com\\\/ca\\\/gran-participacio-a-la-1a-tramuntana-trail-una-jornada-historica-entre-la-jonquera-i-el-portus\\\/\",\"name\":\"Gran participaci\u00f3 a la 1a Tramuntana Trail 2025\",\"isPartOf\":{\"@id\":\"https:\\\/\\\/www.latramuntana.com\\\/ca\\\/#website\"},\"primaryImageOfPage\":{\"@id\":\"https:\\\/\\\/www.latramuntana.com\\\/ca\\\/gran-participacio-a-la-1a-tramuntana-trail-una-jornada-historica-entre-la-jonquera-i-el-portus\\\/#primaryimage\"},\"image\":{\"@id\":\"https:\\\/\\\/www.latramuntana.com\\\/ca\\\/gran-participacio-a-la-1a-tramuntana-trail-una-jornada-historica-entre-la-jonquera-i-el-portus\\\/#primaryimage\"},\"thumbnailUrl\":\"https:\\\/\\\/www.latramuntana.com\\\/wp-content\\\/uploads\\\/2025\\\/09\\\/1.-Portada.webp\",\"datePublished\":\"2025-09-12T15:42:01+00:00\",\"dateModified\":\"2026-01-23T11:55:11+00:00\",\"description\":\"La 1a Tramuntana Trail uneix La Jonquera i El Port\u00fas l\u201911 de setembre: esport, natura i comunitat en una jornada hist\u00f2rica.\",\"breadcrumb\":{\"@id\":\"https:\\\/\\\/www.latramuntana.com\\\/ca\\\/gran-participacio-a-la-1a-tramuntana-trail-una-jornada-historica-entre-la-jonquera-i-el-portus\\\/#breadcrumb\"},\"inLanguage\":\"ca\",\"potentialAction\":[{\"@type\":\"ReadAction\",\"target\":[\"https:\\\/\\\/www.latramuntana.com\\\/ca\\\/gran-participacio-a-la-1a-tramuntana-trail-una-jornada-historica-entre-la-jonquera-i-el-portus\\\/\"]}]},{\"@type\":\"ImageObject\",\"inLanguage\":\"ca\",\"@id\":\"https:\\\/\\\/www.latramuntana.com\\\/ca\\\/gran-participacio-a-la-1a-tramuntana-trail-una-jornada-historica-entre-la-jonquera-i-el-portus\\\/#primaryimage\",\"url\":\"https:\\\/\\\/www.latramuntana.com\\\/wp-content\\\/uploads\\\/2025\\\/09\\\/1.-Portada.webp\",\"contentUrl\":\"https:\\\/\\\/www.latramuntana.com\\\/wp-content\\\/uploads\\\/2025\\\/09\\\/1.-Portada.webp\",\"width\":1500,\"height\":957},{\"@type\":\"BreadcrumbList\",\"@id\":\"https:\\\/\\\/www.latramuntana.com\\\/ca\\\/gran-participacio-a-la-1a-tramuntana-trail-una-jornada-historica-entre-la-jonquera-i-el-portus\\\/#breadcrumb\",\"itemListElement\":[{\"@type\":\"ListItem\",\"position\":1,\"name\":\"Portada\",\"item\":\"https:\\\/\\\/www.latramuntana.com\\\/ca\\\/\"},{\"@type\":\"ListItem\",\"position\":2,\"name\":\"Gran participaci\u00f3 a la 1a Tramuntana Trail: una jornada hist\u00f2rica entre La Jonquera i El Port\u00fas\"}]},{\"@type\":\"WebSite\",\"@id\":\"https:\\\/\\\/www.latramuntana.com\\\/ca\\\/#website\",\"url\":\"https:\\\/\\\/www.latramuntana.com\\\/ca\\\/\",\"name\":\"La Tramuntana\",\"description\":\"\",\"publisher\":{\"@id\":\"https:\\\/\\\/www.latramuntana.com\\\/ca\\\/#organization\"},\"potentialAction\":[{\"@type\":\"SearchAction\",\"target\":{\"@type\":\"EntryPoint\",\"urlTemplate\":\"https:\\\/\\\/www.latramuntana.com\\\/ca\\\/?s={search_term_string}\"},\"query-input\":{\"@type\":\"PropertyValueSpecification\",\"valueRequired\":true,\"valueName\":\"search_term_string\"}}],\"inLanguage\":\"ca\"},{\"@type\":\"Organization\",\"@id\":\"https:\\\/\\\/www.latramuntana.com\\\/ca\\\/#organization\",\"name\":\"La Tramuntana\",\"url\":\"https:\\\/\\\/www.latramuntana.com\\\/ca\\\/\",\"logo\":{\"@type\":\"ImageObject\",\"inLanguage\":\"ca\",\"@id\":\"https:\\\/\\\/www.latramuntana.com\\\/ca\\\/#\\\/schema\\\/logo\\\/image\\\/\",\"url\":\"https:\\\/\\\/www.latramuntana.com\\\/wp-content\\\/uploads\\\/2024\\\/06\\\/latramuntana-logo.svg\",\"contentUrl\":\"https:\\\/\\\/www.latramuntana.com\\\/wp-content\\\/uploads\\\/2024\\\/06\\\/latramuntana-logo.svg\",\"width\":500,\"height\":55,\"caption\":\"La Tramuntana\"},\"image\":{\"@id\":\"https:\\\/\\\/www.latramuntana.com\\\/ca\\\/#\\\/schema\\\/logo\\\/image\\\/\"},\"sameAs\":[\"https:\\\/\\\/www.facebook.com\\\/gruptramuntana\",\"https:\\\/\\\/www.instagram.com\\\/gruptramuntana\\\/\",\"https:\\\/\\\/www.linkedin.com\\\/company\\\/gruptramuntana\\\/\"]},{\"@type\":\"Person\",\"@id\":\"https:\\\/\\\/www.latramuntana.com\\\/ca\\\/#\\\/schema\\\/person\\\/cbef6c5fc8e70e3ed2baa1c98f01888a\",\"name\":\"Jonathan Castell\u00f3\",\"image\":{\"@type\":\"ImageObject\",\"inLanguage\":\"ca\",\"@id\":\"https:\\\/\\\/secure.gravatar.com\\\/avatar\\\/177c70ebf51c7857f92a2abf788941161ab11be71331a2ac62c0879e02200fdc?s=96&d=mm&r=g\",\"url\":\"https:\\\/\\\/secure.gravatar.com\\\/avatar\\\/177c70ebf51c7857f92a2abf788941161ab11be71331a2ac62c0879e02200fdc?s=96&d=mm&r=g\",\"contentUrl\":\"https:\\\/\\\/secure.gravatar.com\\\/avatar\\\/177c70ebf51c7857f92a2abf788941161ab11be71331a2ac62c0879e02200fdc?s=96&d=mm&r=g\",\"caption\":\"Jonathan Castell\u00f3\"},\"sameAs\":[\"https:\\\/\\\/www.latramuntana.com\"]}]}<\/script>\n<!-- \/ Yoast SEO plugin. -->","yoast_head_json":{"title":"Gran participaci\u00f3 a la 1a Tramuntana Trail 2025","description":"La 1a Tramuntana Trail uneix La Jonquera i El Port\u00fas l\u201911 de setembre: esport, natura i comunitat en una jornada hist\u00f2rica.","robots":{"index":"index","follow":"follow","max-snippet":"max-snippet:-1","max-image-preview":"max-image-preview:large","max-video-preview":"max-video-preview:-1"},"canonical":"https:\/\/www.latramuntana.com\/ca\/gran-participacio-a-la-1a-tramuntana-trail-una-jornada-historica-entre-la-jonquera-i-el-portus\/","og_locale":"ca_ES","og_type":"article","og_title":"Gran participaci\u00f3 a la 1a Tramuntana Trail 2025","og_description":"La 1a Tramuntana Trail uneix La Jonquera i El Port\u00fas l\u201911 de setembre: esport, natura i comunitat en una jornada hist\u00f2rica.","og_url":"https:\/\/www.latramuntana.com\/ca\/gran-participacio-a-la-1a-tramuntana-trail-una-jornada-historica-entre-la-jonquera-i-el-portus\/","og_site_name":"La Tramuntana","article_publisher":"https:\/\/www.facebook.com\/gruptramuntana","article_published_time":"2025-09-12T15:42:01+00:00","article_modified_time":"2026-01-23T11:55:11+00:00","og_image":[{"width":1500,"height":957,"url":"https:\/\/www.latramuntana.com\/wp-content\/uploads\/2025\/09\/1.-Portada.webp","type":"image\/webp"}],"author":"Jonathan Castell\u00f3","twitter_card":"summary_large_image","twitter_misc":{"Escrit per":"Jonathan Castell\u00f3","Temps estimat de lectura":"8 minuts"},"schema":{"@context":"https:\/\/schema.org","@graph":[{"@type":"Article","@id":"https:\/\/www.latramuntana.com\/ca\/gran-participacio-a-la-1a-tramuntana-trail-una-jornada-historica-entre-la-jonquera-i-el-portus\/#article","isPartOf":{"@id":"https:\/\/www.latramuntana.com\/ca\/gran-participacio-a-la-1a-tramuntana-trail-una-jornada-historica-entre-la-jonquera-i-el-portus\/"},"author":{"name":"Jonathan Castell\u00f3","@id":"https:\/\/www.latramuntana.com\/ca\/#\/schema\/person\/cbef6c5fc8e70e3ed2baa1c98f01888a"},"headline":"Gran participaci\u00f3 a la 1a Tramuntana Trail: una jornada hist\u00f2rica entre La Jonquera i El Port\u00fas","datePublished":"2025-09-12T15:42:01+00:00","dateModified":"2026-01-23T11:55:11+00:00","mainEntityOfPage":{"@id":"https:\/\/www.latramuntana.com\/ca\/gran-participacio-a-la-1a-tramuntana-trail-una-jornada-historica-entre-la-jonquera-i-el-portus\/"},"wordCount":815,"commentCount":0,"publisher":{"@id":"https:\/\/www.latramuntana.com\/ca\/#organization"},"image":{"@id":"https:\/\/www.latramuntana.com\/ca\/gran-participacio-a-la-1a-tramuntana-trail-una-jornada-historica-entre-la-jonquera-i-el-portus\/#primaryimage"},"thumbnailUrl":"https:\/\/www.latramuntana.com\/wp-content\/uploads\/2025\/09\/1.-Portada.webp","articleSection":["Corporatiu"],"inLanguage":"ca","potentialAction":[{"@type":"CommentAction","name":"Comment","target":["https:\/\/www.latramuntana.com\/ca\/gran-participacio-a-la-1a-tramuntana-trail-una-jornada-historica-entre-la-jonquera-i-el-portus\/#respond"]}]},{"@type":"WebPage","@id":"https:\/\/www.latramuntana.com\/ca\/gran-participacio-a-la-1a-tramuntana-trail-una-jornada-historica-entre-la-jonquera-i-el-portus\/","url":"https:\/\/www.latramuntana.com\/ca\/gran-participacio-a-la-1a-tramuntana-trail-una-jornada-historica-entre-la-jonquera-i-el-portus\/","name":"Gran participaci\u00f3 a la 1a Tramuntana Trail 2025","isPartOf":{"@id":"https:\/\/www.latramuntana.com\/ca\/#website"},"primaryImageOfPage":{"@id":"https:\/\/www.latramuntana.com\/ca\/gran-participacio-a-la-1a-tramuntana-trail-una-jornada-historica-entre-la-jonquera-i-el-portus\/#primaryimage"},"image":{"@id":"https:\/\/www.latramuntana.com\/ca\/gran-participacio-a-la-1a-tramuntana-trail-una-jornada-historica-entre-la-jonquera-i-el-portus\/#primaryimage"},"thumbnailUrl":"https:\/\/www.latramuntana.com\/wp-content\/uploads\/2025\/09\/1.-Portada.webp","datePublished":"2025-09-12T15:42:01+00:00","dateModified":"2026-01-23T11:55:11+00:00","description":"La 1a Tramuntana Trail uneix La Jonquera i El Port\u00fas l\u201911 de setembre: esport, natura i comunitat en una jornada hist\u00f2rica.","breadcrumb":{"@id":"https:\/\/www.latramuntana.com\/ca\/gran-participacio-a-la-1a-tramuntana-trail-una-jornada-historica-entre-la-jonquera-i-el-portus\/#breadcrumb"},"inLanguage":"ca","potentialAction":[{"@type":"ReadAction","target":["https:\/\/www.latramuntana.com\/ca\/gran-participacio-a-la-1a-tramuntana-trail-una-jornada-historica-entre-la-jonquera-i-el-portus\/"]}]},{"@type":"ImageObject","inLanguage":"ca","@id":"https:\/\/www.latramuntana.com\/ca\/gran-participacio-a-la-1a-tramuntana-trail-una-jornada-historica-entre-la-jonquera-i-el-portus\/#primaryimage","url":"https:\/\/www.latramuntana.com\/wp-content\/uploads\/2025\/09\/1.-Portada.webp","contentUrl":"https:\/\/www.latramuntana.com\/wp-content\/uploads\/2025\/09\/1.-Portada.webp","width":1500,"height":957},{"@type":"BreadcrumbList","@id":"https:\/\/www.latramuntana.com\/ca\/gran-participacio-a-la-1a-tramuntana-trail-una-jornada-historica-entre-la-jonquera-i-el-portus\/#breadcrumb","itemListElement":[{"@type":"ListItem","position":1,"name":"Portada","item":"https:\/\/www.latramuntana.com\/ca\/"},{"@type":"ListItem","position":2,"name":"Gran participaci\u00f3 a la 1a Tramuntana Trail: una jornada hist\u00f2rica entre La Jonquera i El Port\u00fas"}]},{"@type":"WebSite","@id":"https:\/\/www.latramuntana.com\/ca\/#website","url":"https:\/\/www.latramuntana.com\/ca\/","name":"La Tramuntana","description":"","publisher":{"@id":"https:\/\/www.latramuntana.com\/ca\/#organization"},"potentialAction":[{"@type":"SearchAction","target":{"@type":"EntryPoint","urlTemplate":"https:\/\/www.latramuntana.com\/ca\/?s={search_term_string}"},"query-input":{"@type":"PropertyValueSpecification","valueRequired":true,"valueName":"search_term_string"}}],"inLanguage":"ca"},{"@type":"Organization","@id":"https:\/\/www.latramuntana.com\/ca\/#organization","name":"La Tramuntana","url":"https:\/\/www.latramuntana.com\/ca\/","logo":{"@type":"ImageObject","inLanguage":"ca","@id":"https:\/\/www.latramuntana.com\/ca\/#\/schema\/logo\/image\/","url":"https:\/\/www.latramuntana.com\/wp-content\/uploads\/2024\/06\/latramuntana-logo.svg","contentUrl":"https:\/\/www.latramuntana.com\/wp-content\/uploads\/2024\/06\/latramuntana-logo.svg","width":500,"height":55,"caption":"La Tramuntana"},"image":{"@id":"https:\/\/www.latramuntana.com\/ca\/#\/schema\/logo\/image\/"},"sameAs":["https:\/\/www.facebook.com\/gruptramuntana","https:\/\/www.instagram.com\/gruptramuntana\/","https:\/\/www.linkedin.com\/company\/gruptramuntana\/"]},{"@type":"Person","@id":"https:\/\/www.latramuntana.com\/ca\/#\/schema\/person\/cbef6c5fc8e70e3ed2baa1c98f01888a","name":"Jonathan Castell\u00f3","image":{"@type":"ImageObject","inLanguage":"ca","@id":"https:\/\/secure.gravatar.com\/avatar\/177c70ebf51c7857f92a2abf788941161ab11be71331a2ac62c0879e02200fdc?s=96&d=mm&r=g","url":"https:\/\/secure.gravatar.com\/avatar\/177c70ebf51c7857f92a2abf788941161ab11be71331a2ac62c0879e02200fdc?s=96&d=mm&r=g","contentUrl":"https:\/\/secure.gravatar.com\/avatar\/177c70ebf51c7857f92a2abf788941161ab11be71331a2ac62c0879e02200fdc?s=96&d=mm&r=g","caption":"Jonathan Castell\u00f3"},"sameAs":["https:\/\/www.latramuntana.com"]}]}},"_links":{"self":[{"href":"https:\/\/www.latramuntana.com\/ca\/wp-json\/wp\/v2\/posts\/12503","targetHints":{"allow":["GET"]}}],"collection":[{"href":"https:\/\/www.latramuntana.com\/ca\/wp-json\/wp\/v2\/posts"}],"about":[{"href":"https:\/\/www.latramuntana.com\/ca\/wp-json\/wp\/v2\/types\/post"}],"author":[{"embeddable":true,"href":"https:\/\/www.latramuntana.com\/ca\/wp-json\/wp\/v2\/users\/3"}],"replies":[{"embeddable":true,"href":"https:\/\/www.latramuntana.com\/ca\/wp-json\/wp\/v2\/comments?post=12503"}],"version-history":[{"count":11,"href":"https:\/\/www.latramuntana.com\/ca\/wp-json\/wp\/v2\/posts\/12503\/revisions"}],"predecessor-version":[{"id":14720,"href":"https:\/\/www.latramuntana.com\/ca\/wp-json\/wp\/v2\/posts\/12503\/revisions\/14720"}],"wp:featuredmedia":[{"embeddable":true,"href":"https:\/\/www.latramuntana.com\/ca\/wp-json\/wp\/v2\/media\/12616"}],"wp:attachment":[{"href":"https:\/\/www.latramuntana.com\/ca\/wp-json\/wp\/v2\/media?parent=12503"}],"wp:term":[{"taxonomy":"category","embeddable":true,"href":"https:\/\/www.latramuntana.com\/ca\/wp-json\/wp\/v2\/categories?post=12503"},{"taxonomy":"post_tag","embeddable":true,"href":"https:\/\/www.latramuntana.com\/ca\/wp-json\/wp\/v2\/tags?post=12503"}],"curies":[{"name":"wp","href":"https:\/\/api.w.org\/{rel}","templated":true}]}}