{"id":5472,"date":"2021-06-23T18:12:43","date_gmt":"2021-06-23T16:12:43","guid":{"rendered":"https:\/\/www.latramuntana.com\/?p=5472"},"modified":"2026-01-23T13:27:17","modified_gmt":"2026-01-23T12:27:17","slug":"un-recorregut-pels-origens-dun-oli-doliva-unic-al-mon","status":"publish","type":"post","link":"https:\/\/www.latramuntana.com\/ca\/un-recorregut-pels-origens-dun-oli-doliva-unic-al-mon\/","title":{"rendered":"Un recorregut pels or\u00edgens d\u2019un oli d\u2019oliva \u00fanic al m\u00f3n"},"content":{"rendered":"<div class=\"text-justify my-2 my-lg-4 w-100\">\n<h2><strong>Coneix la hist\u00f2ria<\/strong><\/h2>\n<p>Existeixen milers de llocs on desconnectar, per\u00f2 hi ha indrets que tenen el seu encant particular, on la pres\u00e8ncia del riu, els seus barrancs i les coves misterioses ens conviden a explorar un territori que no nom\u00e9s es coneix pel seu bon vi, sin\u00f3 que a m\u00e9s s\u2019hi produeix<strong>\u00a0un dels millors olis del m\u00f3n<\/strong>.<\/p>\n<p>Ens situem a\u00a0<strong>Margalef<\/strong>, un petit poble que forma part de la\u00a0<strong>Serra de Montsant<\/strong>, a la comarca del\u00a0<strong>Priorat<\/strong>. Antigament, la gent vivia als nuclis de la vila, per\u00f2 tamb\u00e9 hi havia masos dispersos a les serralades m\u00e9s muntanyoses.<\/p>\n<p>Al segle XVIII, l\u2019agricultura de la zona es va especialitzar en la vinya, on les primeres oliveres eren conreades a les perif\u00e8ries de les finques. Un segle m\u00e9s tard, la fil\u00b7loxera va matar les vinyes i aquestes van ser substitu\u00efdes per oliveres.<\/p>\n<p>L\u2019any 1850, en Jordi i la Margarida\u00a0<strong>Ciuraneta<\/strong>\u00a0vivien en una casa pairal a les afores del poble. All\u00e0 la fam\u00edlia hi conreava vinyes com la majoria, tot i que la plaga d\u2019insectes els hi va matar gaireb\u00e9 tota la producci\u00f3, menys una petita part que en Jordi hi tenia plantada unes oliveres especials en una pendent de l\u2019Era.<\/p>\n<p>Aquestes oliveres, amb el temps, van donar els seus fruits, i al estar en terrenys calcaris de terrasses sostingudes per marges de pedra, s\u2019obtenia un producte molt m\u00e9s refinat i de qualitat que la resta. Un producte que el propietari de la finca el va anomenar\u00a0<strong>Priordei<\/strong>, per la seva relaci\u00f3 amb la comarca.<\/p>\n<p><img fetchpriority=\"high\" decoding=\"async\" class=\"size-full wp-image-10088 aligncenter\" src=\"https:\/\/www.latramuntana.com\/wp-content\/uploads\/2021\/06\/priordei-oli-oliva-verge-extra-llauna-1-l.jpg\" alt=\"\" width=\"700\" height=\"750\" srcset=\"https:\/\/www.latramuntana.com\/wp-content\/uploads\/2021\/06\/priordei-oli-oliva-verge-extra-llauna-1-l.jpg 700w, https:\/\/www.latramuntana.com\/wp-content\/uploads\/2021\/06\/priordei-oli-oliva-verge-extra-llauna-1-l-280x300.jpg 280w\" sizes=\"(max-width: 700px) 100vw, 700px\" \/><\/p>\n<h3><strong>El proc\u00e9s\u00a0<\/strong><\/h3>\n<p>La\u00a0<strong>recollida\u00a0<\/strong>selectiva era totalment\u00a0<strong>artesanal<\/strong>, recollint a m\u00e0 les olives i desant-les en un cubells. Llavors, es rentaven les olives i es treien les restes de les branques, fent la preparaci\u00f3 de la pasta a partir d\u2019un mol\u00ed de pedra de l\u2019\u00e8poca. Avui dia, aquest proc\u00e9s encara \u00e9s vigent, ja que la producci\u00f3 agr\u00edcola no est\u00e0 permesa a la zona per la situaci\u00f3 privilegiada de conreu enmig de serralades i pendents rocoses.<\/p>\n<p>Aquell oli era tan i tan bo que, fins i tot, va ser base de reaprovisionament d\u2019una necessita b\u00e0sica durant la segona guerra carlina a tot l\u2019Estat. Un oli molt preuat pels comandants i dirigents pol\u00edtics, on la fam\u00edlia Ciuraneta va saber situar-lo a gran escala. Un dels amants d\u2019aquest oli va ser el comandant en cap de les forces carlines, Ram\u00f3n Cabrera.<\/p>\n<p>D\u2019aquesta manera, Priordei es va erigir com un\u00a0<strong>oli gurmet<\/strong>, refinat i de qualitat a tot l\u2019estat espanyol, per\u00f2 tamb\u00e9 a l\u2019estranger. Un germ\u00e0 d\u2019en Jordi, que vivia a Estats Units, el va ajudar a exportar el producte a terres americanes amb bastant \u00e8xit. De fet, en 3 anys van passar a triplicar la producci\u00f3 i a ser un dels olis m\u00e9s valorats dins del mercat americ\u00e0, exportant principalment a Estat Units i Argentina.<\/p>\n<p>Les bones condicions meteorol\u00f2giques, la recollida selectiva manual de les olives, el subsol de la terra ferma que hi predomina en serralades i barrancs fan que la situaci\u00f3 sigui immillorable per produir un dels millors olis del m\u00f3n. Tanmateix, el paisatge, la tranquil\u00b7litat que s\u2019hi respira, els racons i els monuments hist\u00f2rics que s\u2019hi veuen fan que sigui una visita indispensable, aix\u00ed com la pr\u00e0ctica d\u2019esport a l\u2019aire lliure al Montsant.<\/p>\n<p>Tot plegat, amb un bon esmorzar de l\u2019\u00e8poca, d\u2019aquells de forquilla, juntament amb un bon pa i tom\u00e0quet i un raig d\u2019oli ben pur, amb olor afruitat i de color d\u2019or que se\u2019ns fa salivera nom\u00e9s de pensar-hi.<\/p>\n<p>Un producte gurmet extraordinari que ara est\u00e0 a l\u2019abast de tothom. Si encara no l\u2019has tastat, prova\u2019l i deixa\u2019t emportar pels or\u00edgens de l\u2019oli\u00a0<strong>Priordei<\/strong>\u00a0a trav\u00e9s del llegat generacional que ens va deixar en Jordi i la Margarida.<\/p>\n<\/div>\n<figure class=\"col-12 col-md-10 col-lg-9 p-0\"><img decoding=\"async\" class=\"alignnone size-large wp-image-10093\" src=\"https:\/\/www.latramuntana.com\/wp-content\/uploads\/2021\/06\/Foto-Priordei-1024x795.jpg\" alt=\"\" width=\"800\" height=\"621\" srcset=\"https:\/\/www.latramuntana.com\/wp-content\/uploads\/2021\/06\/Foto-Priordei-1024x795.jpg 1024w, https:\/\/www.latramuntana.com\/wp-content\/uploads\/2021\/06\/Foto-Priordei-300x233.jpg 300w, https:\/\/www.latramuntana.com\/wp-content\/uploads\/2021\/06\/Foto-Priordei-768x596.jpg 768w, https:\/\/www.latramuntana.com\/wp-content\/uploads\/2021\/06\/Foto-Priordei-1536x1192.jpg 1536w, https:\/\/www.latramuntana.com\/wp-content\/uploads\/2021\/06\/Foto-Priordei-2048x1590.jpg 2048w\" sizes=\"(max-width: 800px) 100vw, 800px\" \/><\/figure>\n","protected":false},"excerpt":{"rendered":"<p>Un recorregut pels or\u00edgens d\u2019un oli d\u2019oliva \u00fanic destacant tradici\u00f3 qualitat i proc\u00e9s d\u2019elaboraci\u00f3.<\/p>\n","protected":false},"author":1,"featured_media":5480,"comment_status":"open","ping_status":"open","sticky":false,"template":"","format":"standard","meta":{"footnotes":""},"categories":[20],"tags":[],"class_list":["post-5472","post","type-post","status-publish","format-standard","has-post-thumbnail","hentry","category-supermercats"],"yoast_head":"<!-- This site is optimized with the Yoast SEO plugin v27.5 - https:\/\/yoast.com\/product\/yoast-seo-wordpress\/ -->\n<title>Un recorregut pels or\u00edgens d\u2019un oli d\u2019oliva \u00fanic al m\u00f3n - La Tramuntana<\/title>\n<meta name=\"robots\" content=\"index, follow, max-snippet:-1, max-image-preview:large, max-video-preview:-1\" \/>\n<link rel=\"canonical\" href=\"https:\/\/www.latramuntana.com\/ca\/un-recorregut-pels-origens-dun-oli-doliva-unic-al-mon\/\" \/>\n<meta property=\"og:locale\" content=\"ca_ES\" \/>\n<meta property=\"og:type\" content=\"article\" \/>\n<meta property=\"og:title\" content=\"Un recorregut pels or\u00edgens d\u2019un oli d\u2019oliva \u00fanic al m\u00f3n - La Tramuntana\" \/>\n<meta property=\"og:description\" content=\"Un recorregut pels or\u00edgens d\u2019un oli d\u2019oliva \u00fanic destacant tradici\u00f3 qualitat i proc\u00e9s d\u2019elaboraci\u00f3.\" \/>\n<meta property=\"og:url\" content=\"https:\/\/www.latramuntana.com\/ca\/un-recorregut-pels-origens-dun-oli-doliva-unic-al-mon\/\" \/>\n<meta property=\"og:site_name\" content=\"La Tramuntana\" \/>\n<meta property=\"article:publisher\" content=\"https:\/\/www.facebook.com\/gruptramuntana\" \/>\n<meta property=\"article:published_time\" content=\"2021-06-23T16:12:43+00:00\" \/>\n<meta property=\"article:modified_time\" content=\"2026-01-23T12:27:17+00:00\" \/>\n<meta property=\"og:image\" content=\"https:\/\/www.latramuntana.com\/wp-content\/uploads\/2024\/11\/Un-recorregut-pels-origens-dun-oli-doliva-unic-al-mon.webp\" \/>\n\t<meta property=\"og:image:width\" content=\"1920\" \/>\n\t<meta property=\"og:image:height\" content=\"1490\" \/>\n\t<meta property=\"og:image:type\" content=\"image\/webp\" \/>\n<meta name=\"author\" content=\"Connectalia\" \/>\n<meta name=\"twitter:card\" content=\"summary_large_image\" \/>\n<meta name=\"twitter:label1\" content=\"Escrit per\" \/>\n\t<meta name=\"twitter:data1\" content=\"Connectalia\" \/>\n\t<meta name=\"twitter:label2\" content=\"Temps estimat de lectura\" \/>\n\t<meta name=\"twitter:data2\" content=\"4 minuts\" \/>\n<script type=\"application\/ld+json\" class=\"yoast-schema-graph\">{\"@context\":\"https:\\\/\\\/schema.org\",\"@graph\":[{\"@type\":\"Article\",\"@id\":\"https:\\\/\\\/www.latramuntana.com\\\/ca\\\/un-recorregut-pels-origens-dun-oli-doliva-unic-al-mon\\\/#article\",\"isPartOf\":{\"@id\":\"https:\\\/\\\/www.latramuntana.com\\\/ca\\\/un-recorregut-pels-origens-dun-oli-doliva-unic-al-mon\\\/\"},\"author\":{\"name\":\"Connectalia\",\"@id\":\"https:\\\/\\\/www.latramuntana.com\\\/ca\\\/#\\\/schema\\\/person\\\/2e0d00b145fb3c044ce65acd115dbd18\"},\"headline\":\"Un recorregut pels or\u00edgens d\u2019un oli d\u2019oliva \u00fanic al m\u00f3n\",\"datePublished\":\"2021-06-23T16:12:43+00:00\",\"dateModified\":\"2026-01-23T12:27:17+00:00\",\"mainEntityOfPage\":{\"@id\":\"https:\\\/\\\/www.latramuntana.com\\\/ca\\\/un-recorregut-pels-origens-dun-oli-doliva-unic-al-mon\\\/\"},\"wordCount\":683,\"commentCount\":0,\"publisher\":{\"@id\":\"https:\\\/\\\/www.latramuntana.com\\\/ca\\\/#organization\"},\"image\":{\"@id\":\"https:\\\/\\\/www.latramuntana.com\\\/ca\\\/un-recorregut-pels-origens-dun-oli-doliva-unic-al-mon\\\/#primaryimage\"},\"thumbnailUrl\":\"https:\\\/\\\/www.latramuntana.com\\\/wp-content\\\/uploads\\\/2024\\\/11\\\/Un-recorregut-pels-origens-dun-oli-doliva-unic-al-mon.webp\",\"articleSection\":[\"Supermercats\"],\"inLanguage\":\"ca\",\"potentialAction\":[{\"@type\":\"CommentAction\",\"name\":\"Comment\",\"target\":[\"https:\\\/\\\/www.latramuntana.com\\\/ca\\\/un-recorregut-pels-origens-dun-oli-doliva-unic-al-mon\\\/#respond\"]}]},{\"@type\":\"WebPage\",\"@id\":\"https:\\\/\\\/www.latramuntana.com\\\/ca\\\/un-recorregut-pels-origens-dun-oli-doliva-unic-al-mon\\\/\",\"url\":\"https:\\\/\\\/www.latramuntana.com\\\/ca\\\/un-recorregut-pels-origens-dun-oli-doliva-unic-al-mon\\\/\",\"name\":\"Un recorregut pels or\u00edgens d\u2019un oli d\u2019oliva \u00fanic al m\u00f3n - La Tramuntana\",\"isPartOf\":{\"@id\":\"https:\\\/\\\/www.latramuntana.com\\\/ca\\\/#website\"},\"primaryImageOfPage\":{\"@id\":\"https:\\\/\\\/www.latramuntana.com\\\/ca\\\/un-recorregut-pels-origens-dun-oli-doliva-unic-al-mon\\\/#primaryimage\"},\"image\":{\"@id\":\"https:\\\/\\\/www.latramuntana.com\\\/ca\\\/un-recorregut-pels-origens-dun-oli-doliva-unic-al-mon\\\/#primaryimage\"},\"thumbnailUrl\":\"https:\\\/\\\/www.latramuntana.com\\\/wp-content\\\/uploads\\\/2024\\\/11\\\/Un-recorregut-pels-origens-dun-oli-doliva-unic-al-mon.webp\",\"datePublished\":\"2021-06-23T16:12:43+00:00\",\"dateModified\":\"2026-01-23T12:27:17+00:00\",\"breadcrumb\":{\"@id\":\"https:\\\/\\\/www.latramuntana.com\\\/ca\\\/un-recorregut-pels-origens-dun-oli-doliva-unic-al-mon\\\/#breadcrumb\"},\"inLanguage\":\"ca\",\"potentialAction\":[{\"@type\":\"ReadAction\",\"target\":[\"https:\\\/\\\/www.latramuntana.com\\\/ca\\\/un-recorregut-pels-origens-dun-oli-doliva-unic-al-mon\\\/\"]}]},{\"@type\":\"ImageObject\",\"inLanguage\":\"ca\",\"@id\":\"https:\\\/\\\/www.latramuntana.com\\\/ca\\\/un-recorregut-pels-origens-dun-oli-doliva-unic-al-mon\\\/#primaryimage\",\"url\":\"https:\\\/\\\/www.latramuntana.com\\\/wp-content\\\/uploads\\\/2024\\\/11\\\/Un-recorregut-pels-origens-dun-oli-doliva-unic-al-mon.webp\",\"contentUrl\":\"https:\\\/\\\/www.latramuntana.com\\\/wp-content\\\/uploads\\\/2024\\\/11\\\/Un-recorregut-pels-origens-dun-oli-doliva-unic-al-mon.webp\",\"width\":1920,\"height\":1490},{\"@type\":\"BreadcrumbList\",\"@id\":\"https:\\\/\\\/www.latramuntana.com\\\/ca\\\/un-recorregut-pels-origens-dun-oli-doliva-unic-al-mon\\\/#breadcrumb\",\"itemListElement\":[{\"@type\":\"ListItem\",\"position\":1,\"name\":\"Portada\",\"item\":\"https:\\\/\\\/www.latramuntana.com\\\/ca\\\/\"},{\"@type\":\"ListItem\",\"position\":2,\"name\":\"Un recorregut pels or\u00edgens d\u2019un oli d\u2019oliva \u00fanic al m\u00f3n\"}]},{\"@type\":\"WebSite\",\"@id\":\"https:\\\/\\\/www.latramuntana.com\\\/ca\\\/#website\",\"url\":\"https:\\\/\\\/www.latramuntana.com\\\/ca\\\/\",\"name\":\"La Tramuntana\",\"description\":\"\",\"publisher\":{\"@id\":\"https:\\\/\\\/www.latramuntana.com\\\/ca\\\/#organization\"},\"potentialAction\":[{\"@type\":\"SearchAction\",\"target\":{\"@type\":\"EntryPoint\",\"urlTemplate\":\"https:\\\/\\\/www.latramuntana.com\\\/ca\\\/?s={search_term_string}\"},\"query-input\":{\"@type\":\"PropertyValueSpecification\",\"valueRequired\":true,\"valueName\":\"search_term_string\"}}],\"inLanguage\":\"ca\"},{\"@type\":\"Organization\",\"@id\":\"https:\\\/\\\/www.latramuntana.com\\\/ca\\\/#organization\",\"name\":\"La Tramuntana\",\"url\":\"https:\\\/\\\/www.latramuntana.com\\\/ca\\\/\",\"logo\":{\"@type\":\"ImageObject\",\"inLanguage\":\"ca\",\"@id\":\"https:\\\/\\\/www.latramuntana.com\\\/ca\\\/#\\\/schema\\\/logo\\\/image\\\/\",\"url\":\"https:\\\/\\\/www.latramuntana.com\\\/wp-content\\\/uploads\\\/2024\\\/06\\\/latramuntana-logo.svg\",\"contentUrl\":\"https:\\\/\\\/www.latramuntana.com\\\/wp-content\\\/uploads\\\/2024\\\/06\\\/latramuntana-logo.svg\",\"width\":500,\"height\":55,\"caption\":\"La Tramuntana\"},\"image\":{\"@id\":\"https:\\\/\\\/www.latramuntana.com\\\/ca\\\/#\\\/schema\\\/logo\\\/image\\\/\"},\"sameAs\":[\"https:\\\/\\\/www.facebook.com\\\/gruptramuntana\",\"https:\\\/\\\/www.instagram.com\\\/gruptramuntana\\\/\",\"https:\\\/\\\/www.linkedin.com\\\/company\\\/gruptramuntana\\\/\"]},{\"@type\":\"Person\",\"@id\":\"https:\\\/\\\/www.latramuntana.com\\\/ca\\\/#\\\/schema\\\/person\\\/2e0d00b145fb3c044ce65acd115dbd18\",\"name\":\"Connectalia\",\"image\":{\"@type\":\"ImageObject\",\"inLanguage\":\"ca\",\"@id\":\"https:\\\/\\\/secure.gravatar.com\\\/avatar\\\/ead0f7c0e4f7198d7ef6b804f047d07ba9a01858dc2effda64980328bcf723db?s=96&d=mm&r=g\",\"url\":\"https:\\\/\\\/secure.gravatar.com\\\/avatar\\\/ead0f7c0e4f7198d7ef6b804f047d07ba9a01858dc2effda64980328bcf723db?s=96&d=mm&r=g\",\"contentUrl\":\"https:\\\/\\\/secure.gravatar.com\\\/avatar\\\/ead0f7c0e4f7198d7ef6b804f047d07ba9a01858dc2effda64980328bcf723db?s=96&d=mm&r=g\",\"caption\":\"Connectalia\"}}]}<\/script>\n<!-- \/ Yoast SEO plugin. -->","yoast_head_json":{"title":"Un recorregut pels or\u00edgens d\u2019un oli d\u2019oliva \u00fanic al m\u00f3n - La Tramuntana","robots":{"index":"index","follow":"follow","max-snippet":"max-snippet:-1","max-image-preview":"max-image-preview:large","max-video-preview":"max-video-preview:-1"},"canonical":"https:\/\/www.latramuntana.com\/ca\/un-recorregut-pels-origens-dun-oli-doliva-unic-al-mon\/","og_locale":"ca_ES","og_type":"article","og_title":"Un recorregut pels or\u00edgens d\u2019un oli d\u2019oliva \u00fanic al m\u00f3n - La Tramuntana","og_description":"Un recorregut pels or\u00edgens d\u2019un oli d\u2019oliva \u00fanic destacant tradici\u00f3 qualitat i proc\u00e9s d\u2019elaboraci\u00f3.","og_url":"https:\/\/www.latramuntana.com\/ca\/un-recorregut-pels-origens-dun-oli-doliva-unic-al-mon\/","og_site_name":"La Tramuntana","article_publisher":"https:\/\/www.facebook.com\/gruptramuntana","article_published_time":"2021-06-23T16:12:43+00:00","article_modified_time":"2026-01-23T12:27:17+00:00","og_image":[{"width":1920,"height":1490,"url":"https:\/\/www.latramuntana.com\/wp-content\/uploads\/2024\/11\/Un-recorregut-pels-origens-dun-oli-doliva-unic-al-mon.webp","type":"image\/webp"}],"author":"Connectalia","twitter_card":"summary_large_image","twitter_misc":{"Escrit per":"Connectalia","Temps estimat de lectura":"4 minuts"},"schema":{"@context":"https:\/\/schema.org","@graph":[{"@type":"Article","@id":"https:\/\/www.latramuntana.com\/ca\/un-recorregut-pels-origens-dun-oli-doliva-unic-al-mon\/#article","isPartOf":{"@id":"https:\/\/www.latramuntana.com\/ca\/un-recorregut-pels-origens-dun-oli-doliva-unic-al-mon\/"},"author":{"name":"Connectalia","@id":"https:\/\/www.latramuntana.com\/ca\/#\/schema\/person\/2e0d00b145fb3c044ce65acd115dbd18"},"headline":"Un recorregut pels or\u00edgens d\u2019un oli d\u2019oliva \u00fanic al m\u00f3n","datePublished":"2021-06-23T16:12:43+00:00","dateModified":"2026-01-23T12:27:17+00:00","mainEntityOfPage":{"@id":"https:\/\/www.latramuntana.com\/ca\/un-recorregut-pels-origens-dun-oli-doliva-unic-al-mon\/"},"wordCount":683,"commentCount":0,"publisher":{"@id":"https:\/\/www.latramuntana.com\/ca\/#organization"},"image":{"@id":"https:\/\/www.latramuntana.com\/ca\/un-recorregut-pels-origens-dun-oli-doliva-unic-al-mon\/#primaryimage"},"thumbnailUrl":"https:\/\/www.latramuntana.com\/wp-content\/uploads\/2024\/11\/Un-recorregut-pels-origens-dun-oli-doliva-unic-al-mon.webp","articleSection":["Supermercats"],"inLanguage":"ca","potentialAction":[{"@type":"CommentAction","name":"Comment","target":["https:\/\/www.latramuntana.com\/ca\/un-recorregut-pels-origens-dun-oli-doliva-unic-al-mon\/#respond"]}]},{"@type":"WebPage","@id":"https:\/\/www.latramuntana.com\/ca\/un-recorregut-pels-origens-dun-oli-doliva-unic-al-mon\/","url":"https:\/\/www.latramuntana.com\/ca\/un-recorregut-pels-origens-dun-oli-doliva-unic-al-mon\/","name":"Un recorregut pels or\u00edgens d\u2019un oli d\u2019oliva \u00fanic al m\u00f3n - La Tramuntana","isPartOf":{"@id":"https:\/\/www.latramuntana.com\/ca\/#website"},"primaryImageOfPage":{"@id":"https:\/\/www.latramuntana.com\/ca\/un-recorregut-pels-origens-dun-oli-doliva-unic-al-mon\/#primaryimage"},"image":{"@id":"https:\/\/www.latramuntana.com\/ca\/un-recorregut-pels-origens-dun-oli-doliva-unic-al-mon\/#primaryimage"},"thumbnailUrl":"https:\/\/www.latramuntana.com\/wp-content\/uploads\/2024\/11\/Un-recorregut-pels-origens-dun-oli-doliva-unic-al-mon.webp","datePublished":"2021-06-23T16:12:43+00:00","dateModified":"2026-01-23T12:27:17+00:00","breadcrumb":{"@id":"https:\/\/www.latramuntana.com\/ca\/un-recorregut-pels-origens-dun-oli-doliva-unic-al-mon\/#breadcrumb"},"inLanguage":"ca","potentialAction":[{"@type":"ReadAction","target":["https:\/\/www.latramuntana.com\/ca\/un-recorregut-pels-origens-dun-oli-doliva-unic-al-mon\/"]}]},{"@type":"ImageObject","inLanguage":"ca","@id":"https:\/\/www.latramuntana.com\/ca\/un-recorregut-pels-origens-dun-oli-doliva-unic-al-mon\/#primaryimage","url":"https:\/\/www.latramuntana.com\/wp-content\/uploads\/2024\/11\/Un-recorregut-pels-origens-dun-oli-doliva-unic-al-mon.webp","contentUrl":"https:\/\/www.latramuntana.com\/wp-content\/uploads\/2024\/11\/Un-recorregut-pels-origens-dun-oli-doliva-unic-al-mon.webp","width":1920,"height":1490},{"@type":"BreadcrumbList","@id":"https:\/\/www.latramuntana.com\/ca\/un-recorregut-pels-origens-dun-oli-doliva-unic-al-mon\/#breadcrumb","itemListElement":[{"@type":"ListItem","position":1,"name":"Portada","item":"https:\/\/www.latramuntana.com\/ca\/"},{"@type":"ListItem","position":2,"name":"Un recorregut pels or\u00edgens d\u2019un oli d\u2019oliva \u00fanic al m\u00f3n"}]},{"@type":"WebSite","@id":"https:\/\/www.latramuntana.com\/ca\/#website","url":"https:\/\/www.latramuntana.com\/ca\/","name":"La Tramuntana","description":"","publisher":{"@id":"https:\/\/www.latramuntana.com\/ca\/#organization"},"potentialAction":[{"@type":"SearchAction","target":{"@type":"EntryPoint","urlTemplate":"https:\/\/www.latramuntana.com\/ca\/?s={search_term_string}"},"query-input":{"@type":"PropertyValueSpecification","valueRequired":true,"valueName":"search_term_string"}}],"inLanguage":"ca"},{"@type":"Organization","@id":"https:\/\/www.latramuntana.com\/ca\/#organization","name":"La Tramuntana","url":"https:\/\/www.latramuntana.com\/ca\/","logo":{"@type":"ImageObject","inLanguage":"ca","@id":"https:\/\/www.latramuntana.com\/ca\/#\/schema\/logo\/image\/","url":"https:\/\/www.latramuntana.com\/wp-content\/uploads\/2024\/06\/latramuntana-logo.svg","contentUrl":"https:\/\/www.latramuntana.com\/wp-content\/uploads\/2024\/06\/latramuntana-logo.svg","width":500,"height":55,"caption":"La Tramuntana"},"image":{"@id":"https:\/\/www.latramuntana.com\/ca\/#\/schema\/logo\/image\/"},"sameAs":["https:\/\/www.facebook.com\/gruptramuntana","https:\/\/www.instagram.com\/gruptramuntana\/","https:\/\/www.linkedin.com\/company\/gruptramuntana\/"]},{"@type":"Person","@id":"https:\/\/www.latramuntana.com\/ca\/#\/schema\/person\/2e0d00b145fb3c044ce65acd115dbd18","name":"Connectalia","image":{"@type":"ImageObject","inLanguage":"ca","@id":"https:\/\/secure.gravatar.com\/avatar\/ead0f7c0e4f7198d7ef6b804f047d07ba9a01858dc2effda64980328bcf723db?s=96&d=mm&r=g","url":"https:\/\/secure.gravatar.com\/avatar\/ead0f7c0e4f7198d7ef6b804f047d07ba9a01858dc2effda64980328bcf723db?s=96&d=mm&r=g","contentUrl":"https:\/\/secure.gravatar.com\/avatar\/ead0f7c0e4f7198d7ef6b804f047d07ba9a01858dc2effda64980328bcf723db?s=96&d=mm&r=g","caption":"Connectalia"}}]}},"_links":{"self":[{"href":"https:\/\/www.latramuntana.com\/ca\/wp-json\/wp\/v2\/posts\/5472","targetHints":{"allow":["GET"]}}],"collection":[{"href":"https:\/\/www.latramuntana.com\/ca\/wp-json\/wp\/v2\/posts"}],"about":[{"href":"https:\/\/www.latramuntana.com\/ca\/wp-json\/wp\/v2\/types\/post"}],"author":[{"embeddable":true,"href":"https:\/\/www.latramuntana.com\/ca\/wp-json\/wp\/v2\/users\/1"}],"replies":[{"embeddable":true,"href":"https:\/\/www.latramuntana.com\/ca\/wp-json\/wp\/v2\/comments?post=5472"}],"version-history":[{"count":3,"href":"https:\/\/www.latramuntana.com\/ca\/wp-json\/wp\/v2\/posts\/5472\/revisions"}],"predecessor-version":[{"id":14749,"href":"https:\/\/www.latramuntana.com\/ca\/wp-json\/wp\/v2\/posts\/5472\/revisions\/14749"}],"wp:featuredmedia":[{"embeddable":true,"href":"https:\/\/www.latramuntana.com\/ca\/wp-json\/wp\/v2\/media\/5480"}],"wp:attachment":[{"href":"https:\/\/www.latramuntana.com\/ca\/wp-json\/wp\/v2\/media?parent=5472"}],"wp:term":[{"taxonomy":"category","embeddable":true,"href":"https:\/\/www.latramuntana.com\/ca\/wp-json\/wp\/v2\/categories?post=5472"},{"taxonomy":"post_tag","embeddable":true,"href":"https:\/\/www.latramuntana.com\/ca\/wp-json\/wp\/v2\/tags?post=5472"}],"curies":[{"name":"wp","href":"https:\/\/api.w.org\/{rel}","templated":true}]}}