{"id":5706,"date":"2022-01-20T19:30:52","date_gmt":"2022-01-20T18:30:52","guid":{"rendered":"https:\/\/www.latramuntana.com\/?p=5706"},"modified":"2026-01-23T13:24:23","modified_gmt":"2026-01-23T12:24:23","slug":"diferencia-entre-vermut-blanc-i-vermell","status":"publish","type":"post","link":"https:\/\/www.latramuntana.com\/ca\/diferencia-entre-vermut-blanc-i-vermell\/","title":{"rendered":"Difer\u00e8ncia entre Vermut Blanc i Vermell"},"content":{"rendered":"<div class=\"text-justify my-2 my-lg-4 w-100\">\n<p>El\u00a0vermut\u00a0\u00e9s una de les\u00a0<strong>begudes de moda amb m\u00e9s tend\u00e8ncia a l&#8217;al\u00e7a per a aquest 2022<\/strong>, ja que \u00e9s un vi d&#8217;alta qualitat, delici\u00f3s i amb matisos diferents d&#8217;altres vins.<\/p>\n<p>Hi ha diferents tipus de vermuts, entre els que destaquen el blanc i el vermell per ser els m\u00e9s comercials i famosos, ra\u00f3 per la qual cosa hem investigat les caracter\u00edstiques de cadascun.<\/p>\n<p>I \u00e9s el que et mostrarem en aquest post: les\u00a0<strong>difer\u00e8ncies entre el vermut blanc i vermell i quan has de prendre un o altre<\/strong>.<\/p>\n<p>A m\u00e9s, veur\u00e0s el proc\u00e9s d&#8217;elaboraci\u00f3 que comporta aquest tipus de vi i com es defineixen cadascun.<\/p>\n<p>Al final de l\u2019article acabar\u00e0s sent un expert en vins vermuts.<\/p>\n<h2><strong>Qu\u00e8 \u00e9s el vermut blanc?<\/strong><\/h2>\n<p>El\u00a0vermut\u00a0blanc \u00e9s un\u00a0<strong>vi sec que s&#8217;elabora a base d\u2019herbes\u00a0<\/strong>que no tenen aromes amargs, tenint com a base\u00a0<strong>la vainilla i diferents c\u00edtrics<\/strong>.<\/p>\n<p>\u00c9s considerat un vermut sec, per\u00f2 amb un petit toc dol\u00e7, i \u00e9s molt semblant al vermut sec. \u00c9s per aix\u00f2 que ha arribat a ser\u00a0<strong>el m\u00e9s consumit a tot el m\u00f3n<\/strong>.<\/p>\n<p>La seva proced\u00e8ncia \u00e9s francesa, remuntant-se al segle XIX, quan Joseph Noilly ho va crear.<\/p>\n<p>El preu del vermut blanc d\u20191 litre ronda els 12 euros, tot i que pot arribar als 20 euros.<\/p>\n<p><img fetchpriority=\"high\" decoding=\"async\" class=\"alignnone size-large wp-image-9884\" src=\"https:\/\/www.latramuntana.com\/wp-content\/uploads\/2022\/01\/daniel-lloyd-blunk-fernandez-NqgIxyUif48-unsplash-1024x683.jpg\" alt=\"\" width=\"800\" height=\"534\" srcset=\"https:\/\/www.latramuntana.com\/wp-content\/uploads\/2022\/01\/daniel-lloyd-blunk-fernandez-NqgIxyUif48-unsplash-1024x683.jpg 1024w, https:\/\/www.latramuntana.com\/wp-content\/uploads\/2022\/01\/daniel-lloyd-blunk-fernandez-NqgIxyUif48-unsplash-300x200.jpg 300w, https:\/\/www.latramuntana.com\/wp-content\/uploads\/2022\/01\/daniel-lloyd-blunk-fernandez-NqgIxyUif48-unsplash-768x512.jpg 768w, https:\/\/www.latramuntana.com\/wp-content\/uploads\/2022\/01\/daniel-lloyd-blunk-fernandez-NqgIxyUif48-unsplash-1536x1025.jpg 1536w, https:\/\/www.latramuntana.com\/wp-content\/uploads\/2022\/01\/daniel-lloyd-blunk-fernandez-NqgIxyUif48-unsplash-2048x1366.jpg 2048w\" sizes=\"(max-width: 800px) 100vw, 800px\" \/><\/p>\n<h2><strong>Qu\u00e8 \u00e9s el vermut vermell?<\/strong><\/h2>\n<p>El\u00a0vermut\u00a0vermell \u00e9s el m\u00e9s habitual a Espanya i t\u00e9 un\u00a0<strong>toc m\u00e9s dol\u00e7 gr\u00e0cies al caramel<\/strong>\u00a0i la canyella que li donen el seu color i aroma. A m\u00e9s, es fa amb\u00a0<strong>herbes arom\u00e0tiques i esp\u00e8cies<\/strong>.<\/p>\n<p>\u00c9s per aix\u00f2 que es considera un\u00a0<strong>vi poc amarg<\/strong>. A It\u00e0lia, per\u00f2, el seu pa\u00eds d&#8217;origen existeix un vermut vermell que presenta un toc amarg al final de la seva travessia al paladar.<\/p>\n<p>El preu del vermut vermell oscil\u00b7la entre els 18,5 euros i 28 euros.<\/p>\n<p><img decoding=\"async\" class=\"alignnone size-large wp-image-9888\" src=\"https:\/\/www.latramuntana.com\/wp-content\/uploads\/2022\/01\/martini-g6fb8d984f_1920-1024x683.jpg\" alt=\"\" width=\"800\" height=\"534\" srcset=\"https:\/\/www.latramuntana.com\/wp-content\/uploads\/2022\/01\/martini-g6fb8d984f_1920-1024x683.jpg 1024w, https:\/\/www.latramuntana.com\/wp-content\/uploads\/2022\/01\/martini-g6fb8d984f_1920-300x200.jpg 300w, https:\/\/www.latramuntana.com\/wp-content\/uploads\/2022\/01\/martini-g6fb8d984f_1920-768x512.jpg 768w, https:\/\/www.latramuntana.com\/wp-content\/uploads\/2022\/01\/martini-g6fb8d984f_1920-1536x1024.jpg 1536w, https:\/\/www.latramuntana.com\/wp-content\/uploads\/2022\/01\/martini-g6fb8d984f_1920.jpg 1920w\" sizes=\"(max-width: 800px) 100vw, 800px\" \/><\/p>\n<h3><u><strong>Descobreix la nostra selecci\u00f3 de Vermuts<\/strong><\/u><\/h3>\n<table class=\"blog-responsive\">\n<tbody>\n<tr>\n<td>\n<div><\/div>\n<div><img decoding=\"async\" class=\"aligncenter wp-image-9893 size-medium\" src=\"https:\/\/www.latramuntana.com\/wp-content\/uploads\/2022\/01\/martini-blanc-150-cl-280x300.jpg\" alt=\"\" width=\"280\" height=\"300\" srcset=\"https:\/\/www.latramuntana.com\/wp-content\/uploads\/2022\/01\/martini-blanc-150-cl-280x300.jpg 280w, https:\/\/www.latramuntana.com\/wp-content\/uploads\/2022\/01\/martini-blanc-150-cl.jpg 700w\" sizes=\"(max-width: 280px) 100vw, 280px\" \/><\/div>\n<div><u><strong>MARTINI BLANC 1,5 L<\/strong><\/u><\/div>\n<\/td>\n<td>\n<div><img loading=\"lazy\" decoding=\"async\" class=\"aligncenter wp-image-9897 size-medium\" src=\"https:\/\/www.latramuntana.com\/wp-content\/uploads\/2022\/01\/martini-rosso-150-cl-280x300.jpg\" alt=\"\" width=\"280\" height=\"300\" srcset=\"https:\/\/www.latramuntana.com\/wp-content\/uploads\/2022\/01\/martini-rosso-150-cl-280x300.jpg 280w, https:\/\/www.latramuntana.com\/wp-content\/uploads\/2022\/01\/martini-rosso-150-cl.jpg 700w\" sizes=\"(max-width: 280px) 100vw, 280px\" \/><\/div>\n<div><u><strong>MARTINI VERMELL 1,5 L<\/strong><\/u><\/div>\n<\/td>\n<\/tr>\n<tr>\n<td>\n<div><img loading=\"lazy\" decoding=\"async\" class=\"aligncenter wp-image-9901 size-medium\" src=\"https:\/\/www.latramuntana.com\/wp-content\/uploads\/2022\/01\/campari-1-l-280x300.png\" alt=\"\" width=\"280\" height=\"300\" srcset=\"https:\/\/www.latramuntana.com\/wp-content\/uploads\/2022\/01\/campari-1-l-280x300.png 280w, https:\/\/www.latramuntana.com\/wp-content\/uploads\/2022\/01\/campari-1-l.png 700w\" sizes=\"(max-width: 280px) 100vw, 280px\" \/><\/div>\n<div><strong><u>CAMPARI 1 L<\/u><\/strong><\/div>\n<\/td>\n<td>\n<div><img loading=\"lazy\" decoding=\"async\" class=\"aligncenter wp-image-9905 size-medium\" src=\"https:\/\/www.latramuntana.com\/wp-content\/uploads\/2022\/01\/byrrh-1l-280x300.jpg\" alt=\"\" width=\"280\" height=\"300\" srcset=\"https:\/\/www.latramuntana.com\/wp-content\/uploads\/2022\/01\/byrrh-1l-280x300.jpg 280w, https:\/\/www.latramuntana.com\/wp-content\/uploads\/2022\/01\/byrrh-1l.jpg 700w\" sizes=\"(max-width: 280px) 100vw, 280px\" \/><\/div>\n<div><strong><u>BYRRH 1L\u00a0<\/u><\/strong><\/div>\n<\/td>\n<\/tr>\n<tr>\n<td>\n<div><img loading=\"lazy\" decoding=\"async\" class=\"aligncenter wp-image-9909 size-medium\" src=\"https:\/\/www.latramuntana.com\/wp-content\/uploads\/2022\/01\/cinzano-blanc-1l-280x300.jpg\" alt=\"\" width=\"280\" height=\"300\" srcset=\"https:\/\/www.latramuntana.com\/wp-content\/uploads\/2022\/01\/cinzano-blanc-1l-280x300.jpg 280w, https:\/\/www.latramuntana.com\/wp-content\/uploads\/2022\/01\/cinzano-blanc-1l.jpg 700w\" sizes=\"(max-width: 280px) 100vw, 280px\" \/><\/div>\n<div><strong><u>CINZANO BLANC 1L<\/u><\/strong><\/div>\n<\/td>\n<td>\n<div><img loading=\"lazy\" decoding=\"async\" class=\"aligncenter wp-image-9913 size-medium\" src=\"https:\/\/www.latramuntana.com\/wp-content\/uploads\/2022\/01\/lillet-blanc-75-cl-280x300.jpg\" alt=\"\" width=\"280\" height=\"300\" srcset=\"https:\/\/www.latramuntana.com\/wp-content\/uploads\/2022\/01\/lillet-blanc-75-cl-280x300.jpg 280w, https:\/\/www.latramuntana.com\/wp-content\/uploads\/2022\/01\/lillet-blanc-75-cl.jpg 700w\" sizes=\"(max-width: 280px) 100vw, 280px\" \/><\/div>\n<div><strong><u>LILLET BLANC 75 CL<\/u><\/strong><\/div>\n<\/td>\n<\/tr>\n<\/tbody>\n<\/table>\n<div><\/div>\n<h2><strong>Difer\u00e8ncies entre Vermut Blanc i Vermut Vermell<\/strong><\/h2>\n<p>Aquests vins s\u00f3n deliciosos, ja que les seves variants a l&#8217;hora de gaudir d&#8217;un \u00e0pat, com a aperitiu o per passar una tarda-nit amb amics, els fa l&#8217;acompanyant ideal.<\/p>\n<p>Ara, quines s\u00f3n les difer\u00e8ncies entre el\u00a0vermut\u00a0blanc i el vermell? Vegem-ho.<\/p>\n<h3><strong>El proc\u00e9s d&#8217;elaboraci\u00f3 \u00e9s diferent<\/strong><\/h3>\n<p>La difer\u00e8ncia principal rau en el fet que el proc\u00e9s amb qu\u00e8 s&#8217;elaboren ambd\u00f3s vermuts \u00e9s diferent des dels seus inicis.<\/p>\n<p>Ara b\u00e9, deixem un detall clar: la base dels dos vermuts \u00e9s vi blanc, alcohol, sucre i les diferents herbes que s&#8217;utilitzen a la infusi\u00f3.<\/p>\n<p>Per comen\u00e7ar,\u00a0<strong>als bot\u00e0nics del vermut vermell predomina el donzell<\/strong>, cosa que ho fa una mica m\u00e9s amarg;\u00a0<strong>mentre que el vermut blanc predominen els c\u00edtrics<\/strong>, fent-ho m\u00e9s suau.<\/p>\n<p>Els processos d&#8217;alqu\u00edmia marquen una altra difer\u00e8ncia important, ja que al vermell tots els bot\u00e0nics s&#8217;agreguen al proc\u00e9s en un estat\u00a0<strong>deshidratat<\/strong>; i al blanc els bot\u00e0nics s&#8217;afegeixen en estat\u00a0<strong>verd o natural<\/strong>.<\/p>\n<p>D&#8217;altra banda, el vermut vermell porta diferents components que li donen aquest color fosc, com ara\u00a0<strong>el caramel, la canyella i la flor d&#8217;hibisc<\/strong>.<\/p>\n<p>En comparaci\u00f3, el blanc porta\u00a0<strong>Pebrot de Padr\u00f3<\/strong>, cosa que li dona un to m\u00e9s clar i un mat\u00eds herbaci.<\/p>\n<h3><strong>El vermut vermell \u00e9s dol\u00e7; el vermut blanc \u00e9s sec<\/strong><\/h3>\n<p>El vermut blanc \u00e9s un vi molt m\u00e9s natural, floral i suau, a m\u00e9s de tenir un toc amarg molt baix.<\/p>\n<p>El sabor del vermut vermell \u00e9s m\u00e9s orientat a esp\u00e8cies arom\u00e0tiques mediterr\u00e0nies.<\/p>\n<p>Aquests detalls fan que existeixi una idea en for\u00e7a i sabor pel que fa al sexe i al consum, \u00e9s a dir, que\u00a0<strong>el vermut blanc va ser dissenyat per a dones, i el vermell per a homes<\/strong>.<\/p>\n<p>I, encara que el vi blanc s&#8217;associa m\u00e9s a les dones, sobretot a Fran\u00e7a i It\u00e0lia, a Espanya se sol veure dones prenent vi vermell sense cap distinci\u00f3.<\/p>\n<h3><strong>El vermut vermell \u00e9s m\u00e9s conegut que el blanc a Espanya<\/strong><\/h3>\n<p>Aquesta realitat es remunta quatre segles enrere, a l\u2019Alemanya B\u00e0vara, on el vermut com a beguda deliciosa i accessible comen\u00e7a a estendre&#8217;s per Fran\u00e7a, It\u00e0lia i Espanya.<\/p>\n<p>En aquella \u00e8poca, els fabricants de vi vermut, davant del repte que representava per a ells trobar i manejar les diferents bases v\u00edniques, les quals procedien de vins amb molts anys d&#8217;anyell, es van decantar pel vermell natural.<\/p>\n<p><strong>I va ser aquest costum el que es va popularitzar a tot Espanya<\/strong>, donant com a vermut habitual el vermell, i no pas el blanc.<\/p>\n<p>Avui dia, el vi vermut vermell ofereix alta qualitat, ja que els bot\u00e0nics es processen de millor manera i es mant\u00e9 el sabor original del vi, fresc i ric.<\/p>\n<h3><strong>Difer\u00e8ncies en la combinaci\u00f3 de tots dos vermuts<\/strong><\/h3>\n<p>Aquest \u00e9s un punt clau alhora de beure vi\u00a0vermut. I molts es pregunten com se serveix el vermut blanc i vermell.<\/p>\n<p>Doncs observa les seves difer\u00e8ncies i, al mateix temps, les millors recomanacions perqu\u00e8 la combinaci\u00f3 del vermut amb altres aliments sigui especial i en realci el sabor.<\/p>\n<h4><strong>Com servir el vi vermut<\/strong><\/h4>\n<p>El vermut blanc se serveix amb una\u00a0<strong>oliva<\/strong>, a m\u00e9s que el pots especiar amb\u00a0<strong>gingebre<\/strong>\u00a0o, si vols un toc m\u00e9s refrescant i c\u00edtric, afegir una mica de\u00a0<strong>poma verda<\/strong>.<\/p>\n<p>I qu\u00e8 dir del vermut vermell? Aquest va molt b\u00e9 amb una petita tira de\u00a0<strong>pell de taronja o aranja<\/strong>, que li resta un to de dol\u00e7 i li suma un petit sabor amarg.<\/p>\n<h4><strong>Com combinar el vi vermut<\/strong><\/h4>\n<p>Es pot combinar el vermut blanc de la mateixa manera com es fa amb la ginebra: amb t\u00f2nica.<\/p>\n<p>En canvi, el vermut vermell es combina amb whisky o el g\u00ednger, una beguda gasosa que s&#8217;elabora amb llimona, gingebre i sucre.<\/p>\n<p>En l&#8217;actualitat, els glops vermut s\u00f3n molt vers\u00e0tils, cosa que els ha donat noves possibilitats al camp de la\u00a0<strong>cocteleria<\/strong>.<\/p>\n<p>\u00c9s m\u00e9s, en l&#8217;elaboraci\u00f3 del popular c\u00f2ctel Old fashioned s&#8217;est\u00e0 innovant, substituint el whisky per vermut vermell. I molts barmans estan innovant amb vermut blanc.<\/p>\n<p>Per tant, les possibilitats futures del vermut vermell i blanc s\u00f3n infinites. El que s\u00ed que sabem \u00e9s que aquests vins seran molt m\u00e9s populars el 2022.<\/p>\n<p><img loading=\"lazy\" decoding=\"async\" class=\"alignnone size-large wp-image-9917\" src=\"https:\/\/www.latramuntana.com\/wp-content\/uploads\/2022\/01\/cocktail-g63325df78_1920-1024x683.jpg\" alt=\"\" width=\"800\" height=\"534\" srcset=\"https:\/\/www.latramuntana.com\/wp-content\/uploads\/2022\/01\/cocktail-g63325df78_1920-1024x683.jpg 1024w, https:\/\/www.latramuntana.com\/wp-content\/uploads\/2022\/01\/cocktail-g63325df78_1920-300x200.jpg 300w, https:\/\/www.latramuntana.com\/wp-content\/uploads\/2022\/01\/cocktail-g63325df78_1920-768x512.jpg 768w, https:\/\/www.latramuntana.com\/wp-content\/uploads\/2022\/01\/cocktail-g63325df78_1920-1536x1024.jpg 1536w, https:\/\/www.latramuntana.com\/wp-content\/uploads\/2022\/01\/cocktail-g63325df78_1920.jpg 1920w\" sizes=\"(max-width: 800px) 100vw, 800px\" \/><\/p>\n<h2><strong>Com s&#8217;elabora el vermut<\/strong><\/h2>\n<p>La preparaci\u00f3 i l&#8217;elaboraci\u00f3 del\u00a0vermut\u00a0est\u00e0 fonamentada en un\u00a0<strong>vi macerat amb diferents plantes i altres elements bot\u00e0nics<\/strong>.<\/p>\n<p>Com ja hem dit, la base del vi vermut \u00e9s vi blanc, alcohol, sucre i totes les herbes del proc\u00e9s.<\/p>\n<p>I, encara que el proc\u00e9s de fabricaci\u00f3 dep\u00e8n de cada manufacturer, tots solen tenir aquestes operacions en com\u00fa:<\/p>\n<p>1.\u00a0<strong>S&#8217;escull un vi blanc<\/strong>\u00a0que tingui baix grau d&#8217;alcohol i, en alguns casos, envellit.<\/p>\n<p>2. Si \u00e9s vermut vermell se li afegeix caramel, sucre i canyella; si \u00e9s vermut blanc se li afegeix Pebrot de Padr\u00f3.<\/p>\n<p>3. Despr\u00e9s,\u00a0<strong>el l\u00edquid se sotmet a infusi\u00f3<\/strong>, on se li afegeixen totes les herbes i elements bot\u00e0nics segons la f\u00f3rmula i el tipus de vermut.<\/p>\n<p>4. Es macera b\u00e9 el producte i, en acabar, es procedeix a\u00a0<strong>colar o filtrar<\/strong>.<\/p>\n<p>5. Se li fa un rep\u00f2s i s&#8217;embotella.<\/p>\n<h2><strong>Vermut: perfecte per acompanyar les teves nits<\/strong><\/h2>\n<p>Despr\u00e9s de con\u00e8ixer les difer\u00e8ncies entre el vermut blanc i vermell, a m\u00e9s de les millors maneres de servir-lo i combinar-lo, \u00e9s moment de provar aquesta deliciosa beguda el 2022.<\/p>\n<p>Recorda, aquestes begudes es diferencien en la\u00a0<strong>forma de servir<\/strong>,\u00a0<strong>el sabor, el color, la popularitat a Espanya, la combinaci\u00f3 i l&#8217;elaboraci\u00f3<\/strong>.<\/p>\n<p>Del que estem segurs \u00e9s que podr\u00e0s gaudir d&#8217;una\u00a0<strong>beguda fresca, deliciosa per al paladar i relaxant<\/strong>.<\/p>\n<\/div>\n<figure class=\"col-12 col-md-10 col-lg-9 p-0\"><img loading=\"lazy\" decoding=\"async\" class=\"alignnone size-full wp-image-9921\" src=\"https:\/\/www.latramuntana.com\/wp-content\/uploads\/2022\/01\/vermut_tramuntana.jpeg\" alt=\"\" width=\"1024\" height=\"768\" srcset=\"https:\/\/www.latramuntana.com\/wp-content\/uploads\/2022\/01\/vermut_tramuntana.jpeg 1024w, https:\/\/www.latramuntana.com\/wp-content\/uploads\/2022\/01\/vermut_tramuntana-300x225.jpeg 300w, https:\/\/www.latramuntana.com\/wp-content\/uploads\/2022\/01\/vermut_tramuntana-768x576.jpeg 768w\" sizes=\"(max-width: 1024px) 100vw, 1024px\" \/><\/figure>\n","protected":false},"excerpt":{"rendered":"<p>Coneix les difer\u00e8ncies entre el vermut blanc i vermell en sabor ingredients i formes de consum.<\/p>\n","protected":false},"author":1,"featured_media":5714,"comment_status":"open","ping_status":"open","sticky":false,"template":"","format":"standard","meta":{"footnotes":""},"categories":[20],"tags":[],"class_list":["post-5706","post","type-post","status-publish","format-standard","has-post-thumbnail","hentry","category-supermercats"],"yoast_head":"<!-- This site is optimized with the Yoast SEO plugin v27.5 - https:\/\/yoast.com\/product\/yoast-seo-wordpress\/ -->\n<title>Difer\u00e8ncia entre Vermut Blanc i Vermell - La Tramuntana<\/title>\n<meta name=\"robots\" content=\"index, follow, max-snippet:-1, max-image-preview:large, max-video-preview:-1\" \/>\n<link rel=\"canonical\" href=\"https:\/\/www.latramuntana.com\/ca\/diferencia-entre-vermut-blanc-i-vermell\/\" \/>\n<meta property=\"og:locale\" content=\"ca_ES\" \/>\n<meta property=\"og:type\" content=\"article\" \/>\n<meta property=\"og:title\" content=\"Difer\u00e8ncia entre Vermut Blanc i Vermell - La Tramuntana\" \/>\n<meta property=\"og:description\" content=\"Coneix les difer\u00e8ncies entre el vermut blanc i vermell en sabor ingredients i formes de consum.\" \/>\n<meta property=\"og:url\" content=\"https:\/\/www.latramuntana.com\/ca\/diferencia-entre-vermut-blanc-i-vermell\/\" \/>\n<meta property=\"og:site_name\" content=\"La Tramuntana\" \/>\n<meta property=\"article:publisher\" content=\"https:\/\/www.facebook.com\/gruptramuntana\" \/>\n<meta property=\"article:published_time\" content=\"2022-01-20T18:30:52+00:00\" \/>\n<meta property=\"article:modified_time\" content=\"2026-01-23T12:24:23+00:00\" \/>\n<meta property=\"og:image\" content=\"https:\/\/www.latramuntana.com\/wp-content\/uploads\/2024\/11\/Diferencia-entre-Vermut-Blanc-i-Vermell.webp\" \/>\n\t<meta property=\"og:image:width\" content=\"1024\" \/>\n\t<meta property=\"og:image:height\" content=\"768\" \/>\n\t<meta property=\"og:image:type\" content=\"image\/webp\" \/>\n<meta name=\"author\" content=\"Connectalia\" \/>\n<meta name=\"twitter:card\" content=\"summary_large_image\" \/>\n<meta name=\"twitter:label1\" content=\"Escrit per\" \/>\n\t<meta name=\"twitter:data1\" content=\"Connectalia\" \/>\n\t<meta name=\"twitter:label2\" content=\"Temps estimat de lectura\" \/>\n\t<meta name=\"twitter:data2\" content=\"9 minuts\" \/>\n<script type=\"application\/ld+json\" class=\"yoast-schema-graph\">{\"@context\":\"https:\\\/\\\/schema.org\",\"@graph\":[{\"@type\":\"Article\",\"@id\":\"https:\\\/\\\/www.latramuntana.com\\\/ca\\\/diferencia-entre-vermut-blanc-i-vermell\\\/#article\",\"isPartOf\":{\"@id\":\"https:\\\/\\\/www.latramuntana.com\\\/ca\\\/diferencia-entre-vermut-blanc-i-vermell\\\/\"},\"author\":{\"name\":\"Connectalia\",\"@id\":\"https:\\\/\\\/www.latramuntana.com\\\/ca\\\/#\\\/schema\\\/person\\\/2e0d00b145fb3c044ce65acd115dbd18\"},\"headline\":\"Difer\u00e8ncia entre Vermut Blanc i Vermell\",\"datePublished\":\"2022-01-20T18:30:52+00:00\",\"dateModified\":\"2026-01-23T12:24:23+00:00\",\"mainEntityOfPage\":{\"@id\":\"https:\\\/\\\/www.latramuntana.com\\\/ca\\\/diferencia-entre-vermut-blanc-i-vermell\\\/\"},\"wordCount\":1357,\"commentCount\":0,\"publisher\":{\"@id\":\"https:\\\/\\\/www.latramuntana.com\\\/ca\\\/#organization\"},\"image\":{\"@id\":\"https:\\\/\\\/www.latramuntana.com\\\/ca\\\/diferencia-entre-vermut-blanc-i-vermell\\\/#primaryimage\"},\"thumbnailUrl\":\"https:\\\/\\\/www.latramuntana.com\\\/wp-content\\\/uploads\\\/2024\\\/11\\\/Diferencia-entre-Vermut-Blanc-i-Vermell.webp\",\"articleSection\":[\"Supermercats\"],\"inLanguage\":\"ca\",\"potentialAction\":[{\"@type\":\"CommentAction\",\"name\":\"Comment\",\"target\":[\"https:\\\/\\\/www.latramuntana.com\\\/ca\\\/diferencia-entre-vermut-blanc-i-vermell\\\/#respond\"]}]},{\"@type\":\"WebPage\",\"@id\":\"https:\\\/\\\/www.latramuntana.com\\\/ca\\\/diferencia-entre-vermut-blanc-i-vermell\\\/\",\"url\":\"https:\\\/\\\/www.latramuntana.com\\\/ca\\\/diferencia-entre-vermut-blanc-i-vermell\\\/\",\"name\":\"Difer\u00e8ncia entre Vermut Blanc i Vermell - La Tramuntana\",\"isPartOf\":{\"@id\":\"https:\\\/\\\/www.latramuntana.com\\\/ca\\\/#website\"},\"primaryImageOfPage\":{\"@id\":\"https:\\\/\\\/www.latramuntana.com\\\/ca\\\/diferencia-entre-vermut-blanc-i-vermell\\\/#primaryimage\"},\"image\":{\"@id\":\"https:\\\/\\\/www.latramuntana.com\\\/ca\\\/diferencia-entre-vermut-blanc-i-vermell\\\/#primaryimage\"},\"thumbnailUrl\":\"https:\\\/\\\/www.latramuntana.com\\\/wp-content\\\/uploads\\\/2024\\\/11\\\/Diferencia-entre-Vermut-Blanc-i-Vermell.webp\",\"datePublished\":\"2022-01-20T18:30:52+00:00\",\"dateModified\":\"2026-01-23T12:24:23+00:00\",\"breadcrumb\":{\"@id\":\"https:\\\/\\\/www.latramuntana.com\\\/ca\\\/diferencia-entre-vermut-blanc-i-vermell\\\/#breadcrumb\"},\"inLanguage\":\"ca\",\"potentialAction\":[{\"@type\":\"ReadAction\",\"target\":[\"https:\\\/\\\/www.latramuntana.com\\\/ca\\\/diferencia-entre-vermut-blanc-i-vermell\\\/\"]}]},{\"@type\":\"ImageObject\",\"inLanguage\":\"ca\",\"@id\":\"https:\\\/\\\/www.latramuntana.com\\\/ca\\\/diferencia-entre-vermut-blanc-i-vermell\\\/#primaryimage\",\"url\":\"https:\\\/\\\/www.latramuntana.com\\\/wp-content\\\/uploads\\\/2024\\\/11\\\/Diferencia-entre-Vermut-Blanc-i-Vermell.webp\",\"contentUrl\":\"https:\\\/\\\/www.latramuntana.com\\\/wp-content\\\/uploads\\\/2024\\\/11\\\/Diferencia-entre-Vermut-Blanc-i-Vermell.webp\",\"width\":1024,\"height\":768},{\"@type\":\"BreadcrumbList\",\"@id\":\"https:\\\/\\\/www.latramuntana.com\\\/ca\\\/diferencia-entre-vermut-blanc-i-vermell\\\/#breadcrumb\",\"itemListElement\":[{\"@type\":\"ListItem\",\"position\":1,\"name\":\"Portada\",\"item\":\"https:\\\/\\\/www.latramuntana.com\\\/ca\\\/\"},{\"@type\":\"ListItem\",\"position\":2,\"name\":\"Difer\u00e8ncia entre Vermut Blanc i Vermell\"}]},{\"@type\":\"WebSite\",\"@id\":\"https:\\\/\\\/www.latramuntana.com\\\/ca\\\/#website\",\"url\":\"https:\\\/\\\/www.latramuntana.com\\\/ca\\\/\",\"name\":\"La Tramuntana\",\"description\":\"\",\"publisher\":{\"@id\":\"https:\\\/\\\/www.latramuntana.com\\\/ca\\\/#organization\"},\"potentialAction\":[{\"@type\":\"SearchAction\",\"target\":{\"@type\":\"EntryPoint\",\"urlTemplate\":\"https:\\\/\\\/www.latramuntana.com\\\/ca\\\/?s={search_term_string}\"},\"query-input\":{\"@type\":\"PropertyValueSpecification\",\"valueRequired\":true,\"valueName\":\"search_term_string\"}}],\"inLanguage\":\"ca\"},{\"@type\":\"Organization\",\"@id\":\"https:\\\/\\\/www.latramuntana.com\\\/ca\\\/#organization\",\"name\":\"La Tramuntana\",\"url\":\"https:\\\/\\\/www.latramuntana.com\\\/ca\\\/\",\"logo\":{\"@type\":\"ImageObject\",\"inLanguage\":\"ca\",\"@id\":\"https:\\\/\\\/www.latramuntana.com\\\/ca\\\/#\\\/schema\\\/logo\\\/image\\\/\",\"url\":\"https:\\\/\\\/www.latramuntana.com\\\/wp-content\\\/uploads\\\/2024\\\/06\\\/latramuntana-logo.svg\",\"contentUrl\":\"https:\\\/\\\/www.latramuntana.com\\\/wp-content\\\/uploads\\\/2024\\\/06\\\/latramuntana-logo.svg\",\"width\":500,\"height\":55,\"caption\":\"La Tramuntana\"},\"image\":{\"@id\":\"https:\\\/\\\/www.latramuntana.com\\\/ca\\\/#\\\/schema\\\/logo\\\/image\\\/\"},\"sameAs\":[\"https:\\\/\\\/www.facebook.com\\\/gruptramuntana\",\"https:\\\/\\\/www.instagram.com\\\/gruptramuntana\\\/\",\"https:\\\/\\\/www.linkedin.com\\\/company\\\/gruptramuntana\\\/\"]},{\"@type\":\"Person\",\"@id\":\"https:\\\/\\\/www.latramuntana.com\\\/ca\\\/#\\\/schema\\\/person\\\/2e0d00b145fb3c044ce65acd115dbd18\",\"name\":\"Connectalia\",\"image\":{\"@type\":\"ImageObject\",\"inLanguage\":\"ca\",\"@id\":\"https:\\\/\\\/secure.gravatar.com\\\/avatar\\\/ead0f7c0e4f7198d7ef6b804f047d07ba9a01858dc2effda64980328bcf723db?s=96&d=mm&r=g\",\"url\":\"https:\\\/\\\/secure.gravatar.com\\\/avatar\\\/ead0f7c0e4f7198d7ef6b804f047d07ba9a01858dc2effda64980328bcf723db?s=96&d=mm&r=g\",\"contentUrl\":\"https:\\\/\\\/secure.gravatar.com\\\/avatar\\\/ead0f7c0e4f7198d7ef6b804f047d07ba9a01858dc2effda64980328bcf723db?s=96&d=mm&r=g\",\"caption\":\"Connectalia\"}}]}<\/script>\n<!-- \/ Yoast SEO plugin. -->","yoast_head_json":{"title":"Difer\u00e8ncia entre Vermut Blanc i Vermell - La Tramuntana","robots":{"index":"index","follow":"follow","max-snippet":"max-snippet:-1","max-image-preview":"max-image-preview:large","max-video-preview":"max-video-preview:-1"},"canonical":"https:\/\/www.latramuntana.com\/ca\/diferencia-entre-vermut-blanc-i-vermell\/","og_locale":"ca_ES","og_type":"article","og_title":"Difer\u00e8ncia entre Vermut Blanc i Vermell - La Tramuntana","og_description":"Coneix les difer\u00e8ncies entre el vermut blanc i vermell en sabor ingredients i formes de consum.","og_url":"https:\/\/www.latramuntana.com\/ca\/diferencia-entre-vermut-blanc-i-vermell\/","og_site_name":"La Tramuntana","article_publisher":"https:\/\/www.facebook.com\/gruptramuntana","article_published_time":"2022-01-20T18:30:52+00:00","article_modified_time":"2026-01-23T12:24:23+00:00","og_image":[{"width":1024,"height":768,"url":"https:\/\/www.latramuntana.com\/wp-content\/uploads\/2024\/11\/Diferencia-entre-Vermut-Blanc-i-Vermell.webp","type":"image\/webp"}],"author":"Connectalia","twitter_card":"summary_large_image","twitter_misc":{"Escrit per":"Connectalia","Temps estimat de lectura":"9 minuts"},"schema":{"@context":"https:\/\/schema.org","@graph":[{"@type":"Article","@id":"https:\/\/www.latramuntana.com\/ca\/diferencia-entre-vermut-blanc-i-vermell\/#article","isPartOf":{"@id":"https:\/\/www.latramuntana.com\/ca\/diferencia-entre-vermut-blanc-i-vermell\/"},"author":{"name":"Connectalia","@id":"https:\/\/www.latramuntana.com\/ca\/#\/schema\/person\/2e0d00b145fb3c044ce65acd115dbd18"},"headline":"Difer\u00e8ncia entre Vermut Blanc i Vermell","datePublished":"2022-01-20T18:30:52+00:00","dateModified":"2026-01-23T12:24:23+00:00","mainEntityOfPage":{"@id":"https:\/\/www.latramuntana.com\/ca\/diferencia-entre-vermut-blanc-i-vermell\/"},"wordCount":1357,"commentCount":0,"publisher":{"@id":"https:\/\/www.latramuntana.com\/ca\/#organization"},"image":{"@id":"https:\/\/www.latramuntana.com\/ca\/diferencia-entre-vermut-blanc-i-vermell\/#primaryimage"},"thumbnailUrl":"https:\/\/www.latramuntana.com\/wp-content\/uploads\/2024\/11\/Diferencia-entre-Vermut-Blanc-i-Vermell.webp","articleSection":["Supermercats"],"inLanguage":"ca","potentialAction":[{"@type":"CommentAction","name":"Comment","target":["https:\/\/www.latramuntana.com\/ca\/diferencia-entre-vermut-blanc-i-vermell\/#respond"]}]},{"@type":"WebPage","@id":"https:\/\/www.latramuntana.com\/ca\/diferencia-entre-vermut-blanc-i-vermell\/","url":"https:\/\/www.latramuntana.com\/ca\/diferencia-entre-vermut-blanc-i-vermell\/","name":"Difer\u00e8ncia entre Vermut Blanc i Vermell - La Tramuntana","isPartOf":{"@id":"https:\/\/www.latramuntana.com\/ca\/#website"},"primaryImageOfPage":{"@id":"https:\/\/www.latramuntana.com\/ca\/diferencia-entre-vermut-blanc-i-vermell\/#primaryimage"},"image":{"@id":"https:\/\/www.latramuntana.com\/ca\/diferencia-entre-vermut-blanc-i-vermell\/#primaryimage"},"thumbnailUrl":"https:\/\/www.latramuntana.com\/wp-content\/uploads\/2024\/11\/Diferencia-entre-Vermut-Blanc-i-Vermell.webp","datePublished":"2022-01-20T18:30:52+00:00","dateModified":"2026-01-23T12:24:23+00:00","breadcrumb":{"@id":"https:\/\/www.latramuntana.com\/ca\/diferencia-entre-vermut-blanc-i-vermell\/#breadcrumb"},"inLanguage":"ca","potentialAction":[{"@type":"ReadAction","target":["https:\/\/www.latramuntana.com\/ca\/diferencia-entre-vermut-blanc-i-vermell\/"]}]},{"@type":"ImageObject","inLanguage":"ca","@id":"https:\/\/www.latramuntana.com\/ca\/diferencia-entre-vermut-blanc-i-vermell\/#primaryimage","url":"https:\/\/www.latramuntana.com\/wp-content\/uploads\/2024\/11\/Diferencia-entre-Vermut-Blanc-i-Vermell.webp","contentUrl":"https:\/\/www.latramuntana.com\/wp-content\/uploads\/2024\/11\/Diferencia-entre-Vermut-Blanc-i-Vermell.webp","width":1024,"height":768},{"@type":"BreadcrumbList","@id":"https:\/\/www.latramuntana.com\/ca\/diferencia-entre-vermut-blanc-i-vermell\/#breadcrumb","itemListElement":[{"@type":"ListItem","position":1,"name":"Portada","item":"https:\/\/www.latramuntana.com\/ca\/"},{"@type":"ListItem","position":2,"name":"Difer\u00e8ncia entre Vermut Blanc i Vermell"}]},{"@type":"WebSite","@id":"https:\/\/www.latramuntana.com\/ca\/#website","url":"https:\/\/www.latramuntana.com\/ca\/","name":"La Tramuntana","description":"","publisher":{"@id":"https:\/\/www.latramuntana.com\/ca\/#organization"},"potentialAction":[{"@type":"SearchAction","target":{"@type":"EntryPoint","urlTemplate":"https:\/\/www.latramuntana.com\/ca\/?s={search_term_string}"},"query-input":{"@type":"PropertyValueSpecification","valueRequired":true,"valueName":"search_term_string"}}],"inLanguage":"ca"},{"@type":"Organization","@id":"https:\/\/www.latramuntana.com\/ca\/#organization","name":"La Tramuntana","url":"https:\/\/www.latramuntana.com\/ca\/","logo":{"@type":"ImageObject","inLanguage":"ca","@id":"https:\/\/www.latramuntana.com\/ca\/#\/schema\/logo\/image\/","url":"https:\/\/www.latramuntana.com\/wp-content\/uploads\/2024\/06\/latramuntana-logo.svg","contentUrl":"https:\/\/www.latramuntana.com\/wp-content\/uploads\/2024\/06\/latramuntana-logo.svg","width":500,"height":55,"caption":"La Tramuntana"},"image":{"@id":"https:\/\/www.latramuntana.com\/ca\/#\/schema\/logo\/image\/"},"sameAs":["https:\/\/www.facebook.com\/gruptramuntana","https:\/\/www.instagram.com\/gruptramuntana\/","https:\/\/www.linkedin.com\/company\/gruptramuntana\/"]},{"@type":"Person","@id":"https:\/\/www.latramuntana.com\/ca\/#\/schema\/person\/2e0d00b145fb3c044ce65acd115dbd18","name":"Connectalia","image":{"@type":"ImageObject","inLanguage":"ca","@id":"https:\/\/secure.gravatar.com\/avatar\/ead0f7c0e4f7198d7ef6b804f047d07ba9a01858dc2effda64980328bcf723db?s=96&d=mm&r=g","url":"https:\/\/secure.gravatar.com\/avatar\/ead0f7c0e4f7198d7ef6b804f047d07ba9a01858dc2effda64980328bcf723db?s=96&d=mm&r=g","contentUrl":"https:\/\/secure.gravatar.com\/avatar\/ead0f7c0e4f7198d7ef6b804f047d07ba9a01858dc2effda64980328bcf723db?s=96&d=mm&r=g","caption":"Connectalia"}}]}},"_links":{"self":[{"href":"https:\/\/www.latramuntana.com\/ca\/wp-json\/wp\/v2\/posts\/5706","targetHints":{"allow":["GET"]}}],"collection":[{"href":"https:\/\/www.latramuntana.com\/ca\/wp-json\/wp\/v2\/posts"}],"about":[{"href":"https:\/\/www.latramuntana.com\/ca\/wp-json\/wp\/v2\/types\/post"}],"author":[{"embeddable":true,"href":"https:\/\/www.latramuntana.com\/ca\/wp-json\/wp\/v2\/users\/1"}],"replies":[{"embeddable":true,"href":"https:\/\/www.latramuntana.com\/ca\/wp-json\/wp\/v2\/comments?post=5706"}],"version-history":[{"count":3,"href":"https:\/\/www.latramuntana.com\/ca\/wp-json\/wp\/v2\/posts\/5706\/revisions"}],"predecessor-version":[{"id":14743,"href":"https:\/\/www.latramuntana.com\/ca\/wp-json\/wp\/v2\/posts\/5706\/revisions\/14743"}],"wp:featuredmedia":[{"embeddable":true,"href":"https:\/\/www.latramuntana.com\/ca\/wp-json\/wp\/v2\/media\/5714"}],"wp:attachment":[{"href":"https:\/\/www.latramuntana.com\/ca\/wp-json\/wp\/v2\/media?parent=5706"}],"wp:term":[{"taxonomy":"category","embeddable":true,"href":"https:\/\/www.latramuntana.com\/ca\/wp-json\/wp\/v2\/categories?post=5706"},{"taxonomy":"post_tag","embeddable":true,"href":"https:\/\/www.latramuntana.com\/ca\/wp-json\/wp\/v2\/tags?post=5706"}],"curies":[{"name":"wp","href":"https:\/\/api.w.org\/{rel}","templated":true}]}}