{"id":5771,"date":"2022-07-01T19:39:17","date_gmt":"2022-07-01T17:39:17","guid":{"rendered":"https:\/\/www.latramuntana.com\/?p=5771"},"modified":"2026-01-23T13:22:40","modified_gmt":"2026-01-23T12:22:40","slug":"una-estada-tranquilla-i-perfecta-en-familia","status":"publish","type":"post","link":"https:\/\/www.latramuntana.com\/ca\/una-estada-tranquilla-i-perfecta-en-familia\/","title":{"rendered":"Una estada tranquil\u00b7la i perfecta en fam\u00edlia"},"content":{"rendered":"<div class=\"text-justify my-2 my-lg-4 w-100\">\n<p>Venint de\u00a0<strong>Fran\u00e7a<\/strong>, direcci\u00f3 La Jonquera per la NII cap a Figueres, entre la benzinera Galp i Repsol, a m\u00e0 dreta i en la darrera rodona del poble, hi trobar\u00e0s el centre\u00a0<strong>Tramuntana 5<\/strong>, on podr\u00e0s gaudir d\u2019un moment de tranquil\u00b7litat i plaer a parts iguals.<\/p>\n<p><a class=\"btn btn-sm btn-danger text-primary no-style\" href=\"https:\/\/www.google.com\/maps\/place\/Supermercado+Tramuntana\/@42.397394,2.879931,17z\/data=!3m1!4b1!4m5!3m4!1s0x0:0x2052f500faf22eb2!8m2!3d42.397394!4d2.879931\" target=\"_blank\" rel=\"noopener noreferrer\">???? Tramuntana 5 &#8211; Google Maps<\/a><\/p>\n<p>Tant si est\u00e0s de vacances per la zona o hi ets de passada, al centre Tramuntana 5 podr\u00e0s passar\u00a0<u>un dia perfecte en fam\u00edlia<\/u>\u00a0de forma pausada, sense presses. All\u00e0 hi podr\u00e0s fer les teves compres al\u00a0<strong>supermercat<\/strong>, comprar\u00a0<strong>Tabac<\/strong>, provar el nostre men\u00fa al restaurant o b\u00e9 comprar les darreres novetats en\u00a0<strong>perfums<\/strong>\u00a0i\u00a0<strong>cosm\u00e8tica<\/strong>\u00a0a la nostra perfumeria\u00a0<a class=\"oc-link-new no-style\" href=\"https:\/\/www.eclair-parfumeries.com\/\" target=\"_blank\" rel=\"noopener noreferrer\"><strong>\u00c9clair<\/strong><\/a>.<\/p>\n<p>Al nostre\u00a0<a class=\"oc-link-new no-style\" href=\"https:\/\/www.google.com\/maps\/place\/Supermercado+Tramuntana\/@42.397394,2.879931,17z\/data=!3m1!4b1!4m5!3m4!1s0x0:0x2052f500faf22eb2!8m2!3d42.397394!4d2.879931\" target=\"_blank\" rel=\"noopener noreferrer\"><strong>supermercat<\/strong><\/a>hi trobar\u00e0s un ampli assortiment de refer\u00e8ncies, ja sigui el teu licor preferit, el\u00a0<strong>Pastis Ricard<\/strong>, les millors cerveses per aquest estiu com ara\u00a0<strong>Heineken<\/strong>\u00a0o\u00a0<strong>Estrella Damm<\/strong>, les xocolates\u00a0<strong>Milka<\/strong>\u00a0de tot tipus i sabors, aix\u00ed com l\u2019oli\u00a0<strong>Carbonell<\/strong>, el sucre o els formats XL de productes per a la teva llar.<\/p>\n<p><img fetchpriority=\"high\" decoding=\"async\" class=\"alignnone size-large wp-image-9758\" src=\"https:\/\/www.latramuntana.com\/wp-content\/uploads\/2022\/07\/Entrada-Supermercat-1024x683.jpg\" alt=\"\" width=\"800\" height=\"534\" srcset=\"https:\/\/www.latramuntana.com\/wp-content\/uploads\/2022\/07\/Entrada-Supermercat-1024x683.jpg 1024w, https:\/\/www.latramuntana.com\/wp-content\/uploads\/2022\/07\/Entrada-Supermercat-300x200.jpg 300w, https:\/\/www.latramuntana.com\/wp-content\/uploads\/2022\/07\/Entrada-Supermercat-768x512.jpg 768w, https:\/\/www.latramuntana.com\/wp-content\/uploads\/2022\/07\/Entrada-Supermercat.jpg 1500w\" sizes=\"(max-width: 800px) 100vw, 800px\" \/><\/p>\n<p>Un cop hagis acabat de fer les teves compres amb tranquil\u00b7litat, al mateix centre, al nostre restaurant Tramuntana 5 hi podr\u00e0s fer un petit mos a l\u2019hora d\u2019<strong>esmorzar<\/strong>\u00a0o b\u00e9 hi podr\u00e0s\u00a0<strong>dinar<\/strong>\u00a0amb la fam\u00edlia o els amics amb men\u00fa per nom\u00e9s 14,50\u20ac.<\/p>\n<p>Et trobar\u00e0s un\u00a0<a class=\"oc-link-new no-style\" href=\"https:\/\/www.google.com\/maps?cid=4839267513030510730&amp;_ga=2.211938835.628953674.1656673405-1116882802.1655733182\" target=\"_blank\" rel=\"noopener noreferrer\"><strong>restaurant\u00a0<\/strong><\/a>recentment reformat perqu\u00e8 t\u2019hi trobis com a casa. Un local acollidor i modern, igual que la resta d\u2019establiments del\u00a0<a class=\"oc-link-new no-style\" href=\"https:\/\/www.latramuntana.com\/ca\/nostres-centres\"><strong>Grup Tramuntana<\/strong><\/a>. En ell, t\u2019oferim un men\u00fa on podr\u00e0s escollir una varietat de primers, de segons i postres, que de ben segur no et deixaran indiferent.<\/p>\n<p>Tots els nostres productes son de primera qualitat, de\u00a0<strong>proximitat<\/strong>\u00a0i amb el segell Tramuntana amb l\u2019objectiu d\u2019oferir-te la millor\u00a0<strong>relaci\u00f3 qualitat-preu\u00a0<\/strong>de la zona de\u00a0<strong>La Jonquera<\/strong>.<\/p>\n<p><img decoding=\"async\" class=\"alignnone size-large wp-image-9762\" src=\"https:\/\/www.latramuntana.com\/wp-content\/uploads\/2022\/07\/Entrada-Restaurant-1024x683.jpg\" alt=\"\" width=\"800\" height=\"534\" srcset=\"https:\/\/www.latramuntana.com\/wp-content\/uploads\/2022\/07\/Entrada-Restaurant-1024x683.jpg 1024w, https:\/\/www.latramuntana.com\/wp-content\/uploads\/2022\/07\/Entrada-Restaurant-300x200.jpg 300w, https:\/\/www.latramuntana.com\/wp-content\/uploads\/2022\/07\/Entrada-Restaurant-768x512.jpg 768w, https:\/\/www.latramuntana.com\/wp-content\/uploads\/2022\/07\/Entrada-Restaurant.jpg 1500w\" sizes=\"(max-width: 800px) 100vw, 800px\" \/><\/p>\n<p>A m\u00e9s t\u2019oferim la possibilitat de con\u00e8ixer la nova\u00a0<a class=\"oc-link-new no-style\" href=\"https:\/\/www.google.com\/maps\/place\/Parfumerie+%C3%89clair\/@42.397489,2.8799246,17z\/data=!3m1!4b1!4m5!3m4!1s0x0:0x843c7c959d63aa2c!8m2!3d42.397489!4d2.8799246\" target=\"_blank\" rel=\"noopener noreferrer\"><strong>perfumeria \u00c9clair<\/strong><\/a>. Una perfumeria petita, per\u00f2 amb bon gust, on hi trobar\u00e0s els teus perfums preferits a uns preus molt competitius.<\/p>\n<p>Troba el darrer perfum de\u00a0<strong>Paco Rabanne<\/strong>, la frag\u00e0ncia estrella de\u00a0<strong>Lanc\u00f4me<\/strong>, La vie Est Belle, els perfums d\u2019estiu de\u00a0<strong>Calvin Klein<\/strong>\u00a0i les frag\u00e0ncies m\u00e9s subtils i fresques del moment. Tot plegat, amb un assessorament acurat del nostre equip que et faran endur un record inoblidable de la teva estada al centre\u00a0<strong>Tramuntana 5\u00a0<\/strong>de La Jonquera.<\/p>\n<p><img decoding=\"async\" class=\"alignnone size-large wp-image-9767\" src=\"https:\/\/www.latramuntana.com\/wp-content\/uploads\/2022\/07\/Eclair-1024x683.jpg\" alt=\"\" width=\"800\" height=\"534\" srcset=\"https:\/\/www.latramuntana.com\/wp-content\/uploads\/2022\/07\/Eclair-1024x683.jpg 1024w, https:\/\/www.latramuntana.com\/wp-content\/uploads\/2022\/07\/Eclair-300x200.jpg 300w, https:\/\/www.latramuntana.com\/wp-content\/uploads\/2022\/07\/Eclair-768x512.jpg 768w, https:\/\/www.latramuntana.com\/wp-content\/uploads\/2022\/07\/Eclair.jpg 1500w\" sizes=\"(max-width: 800px) 100vw, 800px\" \/><\/p>\n<p>Si busques un centre on no hi hagi embussos, ni presses ni corredisses, on puguis fer la teva compra ideal amb calma, menjar b\u00e9 de preu, comprar perfums en una mateixa zona, amb aparcament incl\u00f2s, et convidem a descobrir el teu nou centre de refer\u00e8ncia a La Jonquera.<\/p>\n<p>Vine i gaudeix de l\u2019<strong>slow<\/strong>\u00a0<strong>Shop &amp; Food<\/strong>\u00a0al centre Tramuntana 5.<\/p>\n<\/div>\n<figure class=\"col-12 col-md-10 col-lg-9 p-0\"><img loading=\"lazy\" decoding=\"async\" class=\"alignnone size-large wp-image-9771\" src=\"https:\/\/www.latramuntana.com\/wp-content\/uploads\/2022\/07\/IMG_5079-1024x683.jpg\" alt=\"\" width=\"800\" height=\"534\" srcset=\"https:\/\/www.latramuntana.com\/wp-content\/uploads\/2022\/07\/IMG_5079-1024x683.jpg 1024w, https:\/\/www.latramuntana.com\/wp-content\/uploads\/2022\/07\/IMG_5079-300x200.jpg 300w, https:\/\/www.latramuntana.com\/wp-content\/uploads\/2022\/07\/IMG_5079-768x512.jpg 768w, https:\/\/www.latramuntana.com\/wp-content\/uploads\/2022\/07\/IMG_5079.jpg 1500w\" sizes=\"(max-width: 800px) 100vw, 800px\" \/><\/figure>\n","protected":false},"excerpt":{"rendered":"<p>Gaudeix d\u2019una estada tranquil\u00b7la en fam\u00edlia amb serveis pensats per al descans i el confort.<\/p>\n","protected":false},"author":1,"featured_media":5772,"comment_status":"open","ping_status":"open","sticky":false,"template":"","format":"standard","meta":{"footnotes":""},"categories":[20],"tags":[],"class_list":["post-5771","post","type-post","status-publish","format-standard","has-post-thumbnail","hentry","category-supermercats"],"yoast_head":"<!-- This site is optimized with the Yoast SEO plugin v27.5 - https:\/\/yoast.com\/product\/yoast-seo-wordpress\/ -->\n<title>Una estada tranquil\u00b7la i perfecta en fam\u00edlia - La Tramuntana<\/title>\n<meta name=\"robots\" content=\"index, follow, max-snippet:-1, max-image-preview:large, max-video-preview:-1\" \/>\n<link rel=\"canonical\" href=\"https:\/\/www.latramuntana.com\/ca\/una-estada-tranquilla-i-perfecta-en-familia\/\" \/>\n<meta property=\"og:locale\" content=\"ca_ES\" \/>\n<meta property=\"og:type\" content=\"article\" \/>\n<meta property=\"og:title\" content=\"Una estada tranquil\u00b7la i perfecta en fam\u00edlia - La Tramuntana\" \/>\n<meta property=\"og:description\" content=\"Gaudeix d\u2019una estada tranquil\u00b7la en fam\u00edlia amb serveis pensats per al descans i el confort.\" \/>\n<meta property=\"og:url\" content=\"https:\/\/www.latramuntana.com\/ca\/una-estada-tranquilla-i-perfecta-en-familia\/\" \/>\n<meta property=\"og:site_name\" content=\"La Tramuntana\" \/>\n<meta property=\"article:publisher\" content=\"https:\/\/www.facebook.com\/gruptramuntana\" \/>\n<meta property=\"article:published_time\" content=\"2022-07-01T17:39:17+00:00\" \/>\n<meta property=\"article:modified_time\" content=\"2026-01-23T12:22:40+00:00\" \/>\n<meta property=\"og:image\" content=\"https:\/\/www.latramuntana.com\/wp-content\/uploads\/2024\/11\/Una-estada-tranquilla-i-perfecta-en-familia.webp\" \/>\n\t<meta property=\"og:image:width\" content=\"1500\" \/>\n\t<meta property=\"og:image:height\" content=\"1000\" \/>\n\t<meta property=\"og:image:type\" content=\"image\/webp\" \/>\n<meta name=\"author\" content=\"Connectalia\" \/>\n<meta name=\"twitter:card\" content=\"summary_large_image\" \/>\n<meta name=\"twitter:label1\" content=\"Escrit per\" \/>\n\t<meta name=\"twitter:data1\" content=\"Connectalia\" \/>\n\t<meta name=\"twitter:label2\" content=\"Temps estimat de lectura\" \/>\n\t<meta name=\"twitter:data2\" content=\"4 minuts\" \/>\n<script type=\"application\/ld+json\" class=\"yoast-schema-graph\">{\"@context\":\"https:\\\/\\\/schema.org\",\"@graph\":[{\"@type\":\"Article\",\"@id\":\"https:\\\/\\\/www.latramuntana.com\\\/ca\\\/una-estada-tranquilla-i-perfecta-en-familia\\\/#article\",\"isPartOf\":{\"@id\":\"https:\\\/\\\/www.latramuntana.com\\\/ca\\\/una-estada-tranquilla-i-perfecta-en-familia\\\/\"},\"author\":{\"name\":\"Connectalia\",\"@id\":\"https:\\\/\\\/www.latramuntana.com\\\/ca\\\/#\\\/schema\\\/person\\\/2e0d00b145fb3c044ce65acd115dbd18\"},\"headline\":\"Una estada tranquil\u00b7la i perfecta en fam\u00edlia\",\"datePublished\":\"2022-07-01T17:39:17+00:00\",\"dateModified\":\"2026-01-23T12:22:40+00:00\",\"mainEntityOfPage\":{\"@id\":\"https:\\\/\\\/www.latramuntana.com\\\/ca\\\/una-estada-tranquilla-i-perfecta-en-familia\\\/\"},\"wordCount\":478,\"commentCount\":0,\"publisher\":{\"@id\":\"https:\\\/\\\/www.latramuntana.com\\\/ca\\\/#organization\"},\"image\":{\"@id\":\"https:\\\/\\\/www.latramuntana.com\\\/ca\\\/una-estada-tranquilla-i-perfecta-en-familia\\\/#primaryimage\"},\"thumbnailUrl\":\"https:\\\/\\\/www.latramuntana.com\\\/wp-content\\\/uploads\\\/2024\\\/11\\\/Una-estada-tranquilla-i-perfecta-en-familia.webp\",\"articleSection\":[\"Supermercats\"],\"inLanguage\":\"ca\",\"potentialAction\":[{\"@type\":\"CommentAction\",\"name\":\"Comment\",\"target\":[\"https:\\\/\\\/www.latramuntana.com\\\/ca\\\/una-estada-tranquilla-i-perfecta-en-familia\\\/#respond\"]}]},{\"@type\":\"WebPage\",\"@id\":\"https:\\\/\\\/www.latramuntana.com\\\/ca\\\/una-estada-tranquilla-i-perfecta-en-familia\\\/\",\"url\":\"https:\\\/\\\/www.latramuntana.com\\\/ca\\\/una-estada-tranquilla-i-perfecta-en-familia\\\/\",\"name\":\"Una estada tranquil\u00b7la i perfecta en fam\u00edlia - La Tramuntana\",\"isPartOf\":{\"@id\":\"https:\\\/\\\/www.latramuntana.com\\\/ca\\\/#website\"},\"primaryImageOfPage\":{\"@id\":\"https:\\\/\\\/www.latramuntana.com\\\/ca\\\/una-estada-tranquilla-i-perfecta-en-familia\\\/#primaryimage\"},\"image\":{\"@id\":\"https:\\\/\\\/www.latramuntana.com\\\/ca\\\/una-estada-tranquilla-i-perfecta-en-familia\\\/#primaryimage\"},\"thumbnailUrl\":\"https:\\\/\\\/www.latramuntana.com\\\/wp-content\\\/uploads\\\/2024\\\/11\\\/Una-estada-tranquilla-i-perfecta-en-familia.webp\",\"datePublished\":\"2022-07-01T17:39:17+00:00\",\"dateModified\":\"2026-01-23T12:22:40+00:00\",\"breadcrumb\":{\"@id\":\"https:\\\/\\\/www.latramuntana.com\\\/ca\\\/una-estada-tranquilla-i-perfecta-en-familia\\\/#breadcrumb\"},\"inLanguage\":\"ca\",\"potentialAction\":[{\"@type\":\"ReadAction\",\"target\":[\"https:\\\/\\\/www.latramuntana.com\\\/ca\\\/una-estada-tranquilla-i-perfecta-en-familia\\\/\"]}]},{\"@type\":\"ImageObject\",\"inLanguage\":\"ca\",\"@id\":\"https:\\\/\\\/www.latramuntana.com\\\/ca\\\/una-estada-tranquilla-i-perfecta-en-familia\\\/#primaryimage\",\"url\":\"https:\\\/\\\/www.latramuntana.com\\\/wp-content\\\/uploads\\\/2024\\\/11\\\/Una-estada-tranquilla-i-perfecta-en-familia.webp\",\"contentUrl\":\"https:\\\/\\\/www.latramuntana.com\\\/wp-content\\\/uploads\\\/2024\\\/11\\\/Una-estada-tranquilla-i-perfecta-en-familia.webp\",\"width\":1500,\"height\":1000},{\"@type\":\"BreadcrumbList\",\"@id\":\"https:\\\/\\\/www.latramuntana.com\\\/ca\\\/una-estada-tranquilla-i-perfecta-en-familia\\\/#breadcrumb\",\"itemListElement\":[{\"@type\":\"ListItem\",\"position\":1,\"name\":\"Portada\",\"item\":\"https:\\\/\\\/www.latramuntana.com\\\/ca\\\/\"},{\"@type\":\"ListItem\",\"position\":2,\"name\":\"Una estada tranquil\u00b7la i perfecta en fam\u00edlia\"}]},{\"@type\":\"WebSite\",\"@id\":\"https:\\\/\\\/www.latramuntana.com\\\/ca\\\/#website\",\"url\":\"https:\\\/\\\/www.latramuntana.com\\\/ca\\\/\",\"name\":\"La Tramuntana\",\"description\":\"\",\"publisher\":{\"@id\":\"https:\\\/\\\/www.latramuntana.com\\\/ca\\\/#organization\"},\"potentialAction\":[{\"@type\":\"SearchAction\",\"target\":{\"@type\":\"EntryPoint\",\"urlTemplate\":\"https:\\\/\\\/www.latramuntana.com\\\/ca\\\/?s={search_term_string}\"},\"query-input\":{\"@type\":\"PropertyValueSpecification\",\"valueRequired\":true,\"valueName\":\"search_term_string\"}}],\"inLanguage\":\"ca\"},{\"@type\":\"Organization\",\"@id\":\"https:\\\/\\\/www.latramuntana.com\\\/ca\\\/#organization\",\"name\":\"La Tramuntana\",\"url\":\"https:\\\/\\\/www.latramuntana.com\\\/ca\\\/\",\"logo\":{\"@type\":\"ImageObject\",\"inLanguage\":\"ca\",\"@id\":\"https:\\\/\\\/www.latramuntana.com\\\/ca\\\/#\\\/schema\\\/logo\\\/image\\\/\",\"url\":\"https:\\\/\\\/www.latramuntana.com\\\/wp-content\\\/uploads\\\/2024\\\/06\\\/latramuntana-logo.svg\",\"contentUrl\":\"https:\\\/\\\/www.latramuntana.com\\\/wp-content\\\/uploads\\\/2024\\\/06\\\/latramuntana-logo.svg\",\"width\":500,\"height\":55,\"caption\":\"La Tramuntana\"},\"image\":{\"@id\":\"https:\\\/\\\/www.latramuntana.com\\\/ca\\\/#\\\/schema\\\/logo\\\/image\\\/\"},\"sameAs\":[\"https:\\\/\\\/www.facebook.com\\\/gruptramuntana\",\"https:\\\/\\\/www.instagram.com\\\/gruptramuntana\\\/\",\"https:\\\/\\\/www.linkedin.com\\\/company\\\/gruptramuntana\\\/\"]},{\"@type\":\"Person\",\"@id\":\"https:\\\/\\\/www.latramuntana.com\\\/ca\\\/#\\\/schema\\\/person\\\/2e0d00b145fb3c044ce65acd115dbd18\",\"name\":\"Connectalia\",\"image\":{\"@type\":\"ImageObject\",\"inLanguage\":\"ca\",\"@id\":\"https:\\\/\\\/secure.gravatar.com\\\/avatar\\\/ead0f7c0e4f7198d7ef6b804f047d07ba9a01858dc2effda64980328bcf723db?s=96&d=mm&r=g\",\"url\":\"https:\\\/\\\/secure.gravatar.com\\\/avatar\\\/ead0f7c0e4f7198d7ef6b804f047d07ba9a01858dc2effda64980328bcf723db?s=96&d=mm&r=g\",\"contentUrl\":\"https:\\\/\\\/secure.gravatar.com\\\/avatar\\\/ead0f7c0e4f7198d7ef6b804f047d07ba9a01858dc2effda64980328bcf723db?s=96&d=mm&r=g\",\"caption\":\"Connectalia\"}}]}<\/script>\n<!-- \/ Yoast SEO plugin. -->","yoast_head_json":{"title":"Una estada tranquil\u00b7la i perfecta en fam\u00edlia - La Tramuntana","robots":{"index":"index","follow":"follow","max-snippet":"max-snippet:-1","max-image-preview":"max-image-preview:large","max-video-preview":"max-video-preview:-1"},"canonical":"https:\/\/www.latramuntana.com\/ca\/una-estada-tranquilla-i-perfecta-en-familia\/","og_locale":"ca_ES","og_type":"article","og_title":"Una estada tranquil\u00b7la i perfecta en fam\u00edlia - La Tramuntana","og_description":"Gaudeix d\u2019una estada tranquil\u00b7la en fam\u00edlia amb serveis pensats per al descans i el confort.","og_url":"https:\/\/www.latramuntana.com\/ca\/una-estada-tranquilla-i-perfecta-en-familia\/","og_site_name":"La Tramuntana","article_publisher":"https:\/\/www.facebook.com\/gruptramuntana","article_published_time":"2022-07-01T17:39:17+00:00","article_modified_time":"2026-01-23T12:22:40+00:00","og_image":[{"width":1500,"height":1000,"url":"https:\/\/www.latramuntana.com\/wp-content\/uploads\/2024\/11\/Una-estada-tranquilla-i-perfecta-en-familia.webp","type":"image\/webp"}],"author":"Connectalia","twitter_card":"summary_large_image","twitter_misc":{"Escrit per":"Connectalia","Temps estimat de lectura":"4 minuts"},"schema":{"@context":"https:\/\/schema.org","@graph":[{"@type":"Article","@id":"https:\/\/www.latramuntana.com\/ca\/una-estada-tranquilla-i-perfecta-en-familia\/#article","isPartOf":{"@id":"https:\/\/www.latramuntana.com\/ca\/una-estada-tranquilla-i-perfecta-en-familia\/"},"author":{"name":"Connectalia","@id":"https:\/\/www.latramuntana.com\/ca\/#\/schema\/person\/2e0d00b145fb3c044ce65acd115dbd18"},"headline":"Una estada tranquil\u00b7la i perfecta en fam\u00edlia","datePublished":"2022-07-01T17:39:17+00:00","dateModified":"2026-01-23T12:22:40+00:00","mainEntityOfPage":{"@id":"https:\/\/www.latramuntana.com\/ca\/una-estada-tranquilla-i-perfecta-en-familia\/"},"wordCount":478,"commentCount":0,"publisher":{"@id":"https:\/\/www.latramuntana.com\/ca\/#organization"},"image":{"@id":"https:\/\/www.latramuntana.com\/ca\/una-estada-tranquilla-i-perfecta-en-familia\/#primaryimage"},"thumbnailUrl":"https:\/\/www.latramuntana.com\/wp-content\/uploads\/2024\/11\/Una-estada-tranquilla-i-perfecta-en-familia.webp","articleSection":["Supermercats"],"inLanguage":"ca","potentialAction":[{"@type":"CommentAction","name":"Comment","target":["https:\/\/www.latramuntana.com\/ca\/una-estada-tranquilla-i-perfecta-en-familia\/#respond"]}]},{"@type":"WebPage","@id":"https:\/\/www.latramuntana.com\/ca\/una-estada-tranquilla-i-perfecta-en-familia\/","url":"https:\/\/www.latramuntana.com\/ca\/una-estada-tranquilla-i-perfecta-en-familia\/","name":"Una estada tranquil\u00b7la i perfecta en fam\u00edlia - La Tramuntana","isPartOf":{"@id":"https:\/\/www.latramuntana.com\/ca\/#website"},"primaryImageOfPage":{"@id":"https:\/\/www.latramuntana.com\/ca\/una-estada-tranquilla-i-perfecta-en-familia\/#primaryimage"},"image":{"@id":"https:\/\/www.latramuntana.com\/ca\/una-estada-tranquilla-i-perfecta-en-familia\/#primaryimage"},"thumbnailUrl":"https:\/\/www.latramuntana.com\/wp-content\/uploads\/2024\/11\/Una-estada-tranquilla-i-perfecta-en-familia.webp","datePublished":"2022-07-01T17:39:17+00:00","dateModified":"2026-01-23T12:22:40+00:00","breadcrumb":{"@id":"https:\/\/www.latramuntana.com\/ca\/una-estada-tranquilla-i-perfecta-en-familia\/#breadcrumb"},"inLanguage":"ca","potentialAction":[{"@type":"ReadAction","target":["https:\/\/www.latramuntana.com\/ca\/una-estada-tranquilla-i-perfecta-en-familia\/"]}]},{"@type":"ImageObject","inLanguage":"ca","@id":"https:\/\/www.latramuntana.com\/ca\/una-estada-tranquilla-i-perfecta-en-familia\/#primaryimage","url":"https:\/\/www.latramuntana.com\/wp-content\/uploads\/2024\/11\/Una-estada-tranquilla-i-perfecta-en-familia.webp","contentUrl":"https:\/\/www.latramuntana.com\/wp-content\/uploads\/2024\/11\/Una-estada-tranquilla-i-perfecta-en-familia.webp","width":1500,"height":1000},{"@type":"BreadcrumbList","@id":"https:\/\/www.latramuntana.com\/ca\/una-estada-tranquilla-i-perfecta-en-familia\/#breadcrumb","itemListElement":[{"@type":"ListItem","position":1,"name":"Portada","item":"https:\/\/www.latramuntana.com\/ca\/"},{"@type":"ListItem","position":2,"name":"Una estada tranquil\u00b7la i perfecta en fam\u00edlia"}]},{"@type":"WebSite","@id":"https:\/\/www.latramuntana.com\/ca\/#website","url":"https:\/\/www.latramuntana.com\/ca\/","name":"La Tramuntana","description":"","publisher":{"@id":"https:\/\/www.latramuntana.com\/ca\/#organization"},"potentialAction":[{"@type":"SearchAction","target":{"@type":"EntryPoint","urlTemplate":"https:\/\/www.latramuntana.com\/ca\/?s={search_term_string}"},"query-input":{"@type":"PropertyValueSpecification","valueRequired":true,"valueName":"search_term_string"}}],"inLanguage":"ca"},{"@type":"Organization","@id":"https:\/\/www.latramuntana.com\/ca\/#organization","name":"La Tramuntana","url":"https:\/\/www.latramuntana.com\/ca\/","logo":{"@type":"ImageObject","inLanguage":"ca","@id":"https:\/\/www.latramuntana.com\/ca\/#\/schema\/logo\/image\/","url":"https:\/\/www.latramuntana.com\/wp-content\/uploads\/2024\/06\/latramuntana-logo.svg","contentUrl":"https:\/\/www.latramuntana.com\/wp-content\/uploads\/2024\/06\/latramuntana-logo.svg","width":500,"height":55,"caption":"La Tramuntana"},"image":{"@id":"https:\/\/www.latramuntana.com\/ca\/#\/schema\/logo\/image\/"},"sameAs":["https:\/\/www.facebook.com\/gruptramuntana","https:\/\/www.instagram.com\/gruptramuntana\/","https:\/\/www.linkedin.com\/company\/gruptramuntana\/"]},{"@type":"Person","@id":"https:\/\/www.latramuntana.com\/ca\/#\/schema\/person\/2e0d00b145fb3c044ce65acd115dbd18","name":"Connectalia","image":{"@type":"ImageObject","inLanguage":"ca","@id":"https:\/\/secure.gravatar.com\/avatar\/ead0f7c0e4f7198d7ef6b804f047d07ba9a01858dc2effda64980328bcf723db?s=96&d=mm&r=g","url":"https:\/\/secure.gravatar.com\/avatar\/ead0f7c0e4f7198d7ef6b804f047d07ba9a01858dc2effda64980328bcf723db?s=96&d=mm&r=g","contentUrl":"https:\/\/secure.gravatar.com\/avatar\/ead0f7c0e4f7198d7ef6b804f047d07ba9a01858dc2effda64980328bcf723db?s=96&d=mm&r=g","caption":"Connectalia"}}]}},"_links":{"self":[{"href":"https:\/\/www.latramuntana.com\/ca\/wp-json\/wp\/v2\/posts\/5771","targetHints":{"allow":["GET"]}}],"collection":[{"href":"https:\/\/www.latramuntana.com\/ca\/wp-json\/wp\/v2\/posts"}],"about":[{"href":"https:\/\/www.latramuntana.com\/ca\/wp-json\/wp\/v2\/types\/post"}],"author":[{"embeddable":true,"href":"https:\/\/www.latramuntana.com\/ca\/wp-json\/wp\/v2\/users\/1"}],"replies":[{"embeddable":true,"href":"https:\/\/www.latramuntana.com\/ca\/wp-json\/wp\/v2\/comments?post=5771"}],"version-history":[{"count":3,"href":"https:\/\/www.latramuntana.com\/ca\/wp-json\/wp\/v2\/posts\/5771\/revisions"}],"predecessor-version":[{"id":14739,"href":"https:\/\/www.latramuntana.com\/ca\/wp-json\/wp\/v2\/posts\/5771\/revisions\/14739"}],"wp:featuredmedia":[{"embeddable":true,"href":"https:\/\/www.latramuntana.com\/ca\/wp-json\/wp\/v2\/media\/5772"}],"wp:attachment":[{"href":"https:\/\/www.latramuntana.com\/ca\/wp-json\/wp\/v2\/media?parent=5771"}],"wp:term":[{"taxonomy":"category","embeddable":true,"href":"https:\/\/www.latramuntana.com\/ca\/wp-json\/wp\/v2\/categories?post=5771"},{"taxonomy":"post_tag","embeddable":true,"href":"https:\/\/www.latramuntana.com\/ca\/wp-json\/wp\/v2\/tags?post=5771"}],"curies":[{"name":"wp","href":"https:\/\/api.w.org\/{rel}","templated":true}]}}