{"id":5828,"date":"2023-01-13T19:52:13","date_gmt":"2023-01-13T18:52:13","guid":{"rendered":"https:\/\/www.latramuntana.com\/?p=5828"},"modified":"2026-01-23T13:20:31","modified_gmt":"2026-01-23T12:20:31","slug":"marca-issage-per-a-un-2023-saludable-i-productiu","status":"publish","type":"post","link":"https:\/\/www.latramuntana.com\/ca\/marca-issage-per-a-un-2023-saludable-i-productiu\/","title":{"rendered":"Marca Issage per a un 2023 saludable i productiu"},"content":{"rendered":"<div class=\"text-justify my-2 my-lg-4 w-100\">\n<p>Comen\u00e7a 2023 i els prop\u00f2sits per a aquest any nou poden ajudar-te a tenir una vida m\u00e9s saludable i feli\u00e7, i la\u00a0<strong>marca Issage<\/strong>\u00a0ser\u00e0 la teva companya en aquestes noves fites que milloraran el teu estil de vida.<\/p>\n<p>I els millors prop\u00f2sits que pots tenir \u00e9s\u00a0<strong>perdre pes, mantenir una alimentaci\u00f3 saludable i fer exercici,\u00a0<\/strong>ja que far\u00e0 que el teu organisme es mantingui en estat \u00f2ptim tot el temps.<\/p>\n<p>Aquests objectius personals, a m\u00e9s, t&#8217;ajudaran a saber que, amb disciplina i treball, pots assolir qualsevol meta que et proposis per al nou any.<\/p>\n<p>I, encara que no els compleixis per complet, pots recordar-los entre amics i familiars amb rialles i alegries, sabent que t&#8217;han ajudat a millorar una mica la teva qualitat de vida. En qualsevol cas, no deixar\u00e0 de ser una motivaci\u00f3 extra per a l&#8217;any seg\u00fcent.<\/p>\n<p>Aix\u00ed que, som-hi!<\/p>\n<h2>Prop\u00f2sits d&#8217;any nou per a un 2023 saludable i productiu<\/h2>\n<p>Perqu\u00e8 aconsegueixes complir amb els prop\u00f2sits d&#8217;any nou, et donarem un consell molt efica\u00e7 que ha ajudat a milers de persones a dir &#8220;jo s\u00ed vaig complir els meus objectius de l&#8217;any&#8221;.<\/p>\n<p>Aquest consell \u00e9s:\u00a0<strong>segmenta els prop\u00f2sits per alleugerir la c\u00e0rrega, fer-los m\u00e9s passadors i crear una rutina que els faci part de la teva vida.<\/strong><\/p>\n<p>Aix\u00f2 vol dir que pots comen\u00e7ar amb un prop\u00f2sit i provar tres mesos amb ell, i despr\u00e9s afegir el seg\u00fcent prop\u00f2sit, de manera que sigui m\u00e9s senzill per a tu.<\/p>\n<p>Ja saps que adaptar la teva vida a nous canvis no \u00e9s gens f\u00e0cil.<\/p>\n<p>I no volem que t&#8217;avorreixes, et canses o t&#8217;incomodin els teus prop\u00f2sits d&#8217;any nou, sin\u00f3 que gaudeixis de tenir-los en la teva vida.<\/p>\n<p>\u00c9s f\u00e0cil, oi?<\/p>\n<p>Els primers tres mesos (gener a mar\u00e7) ajustes la teva vida per tenir una alimentaci\u00f3 equilibrada. Els seg\u00fcents tres mesos (abril a juny) complementes amb una bona rutina d&#8217;exercicis a casa. I la resta de l&#8217;any ambd\u00f3s prop\u00f2sits junts.<\/p>\n<p>Sens dubte,\u00a0<strong>veur\u00e0s la tasca m\u00e9s senzilla<\/strong>\u00a0i podr\u00e0s dir amb seguretat &#8220;gr\u00e0cies a la marca Issage he complert els meus prop\u00f2sits d&#8217;any nou&#8221;.<\/p>\n<p>Vegem com et beneficien aquests objectius d&#8217;any nou i qu\u00e8 has de fer per realitzar-los de forma adequada.<\/p>\n<p><img fetchpriority=\"high\" decoding=\"async\" class=\"alignnone size-full wp-image-9642\" src=\"https:\/\/www.latramuntana.com\/wp-content\/uploads\/2023\/01\/Imatge-bloc-News-2.png\" alt=\"\" width=\"850\" height=\"635\" srcset=\"https:\/\/www.latramuntana.com\/wp-content\/uploads\/2023\/01\/Imatge-bloc-News-2.png 850w, https:\/\/www.latramuntana.com\/wp-content\/uploads\/2023\/01\/Imatge-bloc-News-2-300x224.png 300w, https:\/\/www.latramuntana.com\/wp-content\/uploads\/2023\/01\/Imatge-bloc-News-2-768x574.png 768w\" sizes=\"(max-width: 850px) 100vw, 850px\" \/><\/p>\n<h3>Portar una alimentaci\u00f3 equilibrada<\/h3>\n<p>I s\u00ed, les festes nadalenques ens ha deixat un parell de quilos de m\u00e9s al nostres cos que volem eliminar, amb la qual cosa portar una dieta equilibrada \u00e9s el primer prop\u00f2sit d&#8217;any nou del que parlarem.<\/p>\n<p>Per\u00f2, no cal que hagis de passar fam per perdre aquests quilos de m\u00e9s.<\/p>\n<p>Ja veur\u00e0s que amb els dos prop\u00f2sits d&#8217;any nou que et donarem i l&#8217;ajuda de la marca Issage podr\u00e0s tenir una figura fitness i un estat de salut \u00f2ptim.<\/p>\n<p>Per tant, segueix aquests consells per portar una alimentaci\u00f3 equilibrada durant el 2023:<\/p>\n<p><strong>Ajusta el consum de calories:\u00a0<\/strong>segons el teu pes i activitat f\u00edsica, has de consumir certa quantitat de calories al dia. Fer-ho, t&#8217;ajudar\u00e0 a equilibrar el pes.<\/p>\n<p><strong>Menja m\u00e9s fruites i verdures:\u00a0<\/strong>contenen vitamines, minerals, fibra, antioxidants i altres nutrients essencials per al funcionament adequat de l&#8217;organisme. A m\u00e9s, t&#8217;ajudar\u00e0 a depurar el cos.<\/p>\n<p><strong>Consumeix llegums:\u00a0<\/strong>has de menjar dues vegades a la setmana llegums, perqu\u00e8 aporten fibres, hidrats de carboni i prote\u00efnes, a m\u00e9s de minerals que augmenten la massa muscular i cremen greixos.<\/p>\n<p><strong>Consumeix m\u00e9s oli d&#8217;oliva, llavors i fruits secs:\u00a0<\/strong>menja sovint amanides a base d&#8217; oli d&#8217; oliva, ametlles, germen de blat, avellanes o llavors de gira-sol.<\/p>\n<p><strong>Consumeix carns de forma equilibrada:\u00a0<\/strong>l&#8217;OMS recomana reduir el consum de carns vermelles processades perqu\u00e8, a m\u00e9s d&#8217;augmentar el pes, contribueixen al desenvolupament del c\u00e0ncer.<\/p>\n<p><strong>Evita els sucres en exc\u00e9s:\u00a0<\/strong>menys del 5% de la ingesta de calories di\u00e0ries s\u00f3n les que es recomanen pel sucre.<\/p>\n<p><strong>Consumeix aliments frescos, no processats:\u00a0<\/strong>i, finalment, la ingesta d&#8217;aliments frescos de temporada t&#8217;ajudar\u00e0 a mantenir el teu organisme lliure de bacteris que puguin afectar el seu funcionament normal.<\/p>\n<p><img decoding=\"async\" class=\"alignnone size-full wp-image-9647\" src=\"https:\/\/www.latramuntana.com\/wp-content\/uploads\/2023\/01\/Imatge-bloc-News-3.png\" alt=\"\" width=\"850\" height=\"635\" srcset=\"https:\/\/www.latramuntana.com\/wp-content\/uploads\/2023\/01\/Imatge-bloc-News-3.png 850w, https:\/\/www.latramuntana.com\/wp-content\/uploads\/2023\/01\/Imatge-bloc-News-3-300x224.png 300w, https:\/\/www.latramuntana.com\/wp-content\/uploads\/2023\/01\/Imatge-bloc-News-3-768x574.png 768w\" sizes=\"(max-width: 850px) 100vw, 850px\" \/><\/p>\n<h3>Fer exercici a casa amb la marca\u00a0<a class=\"oc-link-new no-style\" href=\"https:\/\/www.issagewellness.com\/cat\/\" target=\"_blank\" rel=\"noopener noreferrer\">Issage<\/a><\/h3>\n<p>Sabies que l&#8217;exercici a casa t&#8217;ajuda a perdre pes, tonificar el cos, tenir m\u00e9s vitalitat i ser molt m\u00e9s feli\u00e7?<\/p>\n<p>Aix\u00f2 es deu al fet que, quan fas exercici, cremes greix del cos i fas que el m\u00fascul es desenvolupi m\u00e9s.<\/p>\n<p>A m\u00e9s, l&#8217;organisme envia m\u00e9s endorfines al cervell emocional, cosa que et permet sentir-te m\u00e9s feli\u00e7 i realitzat.<\/p>\n<p>Doncs, la marca Issage conta amb multitud de productes per a fer exercici a casa que et permetran assolir els teus prop\u00f2sits d&#8217;any nou sense inconvenients.<\/p>\n<p>Entre ells, tenim:<\/p>\n<h4><em>Canelleres i turmells fitness Issage<\/em><\/h4>\n<p>Les\u00a0canelleres i turmelleres Issage\u00a0augmentaran la teva exig\u00e8ncia i resist\u00e8ncia quan facis esport o exercici a casa.<\/p>\n<p>Permet tonificar el cos i cremar el greix.<\/p>\n<p>A m\u00e9s, es poden ajustar per diversos usos: bra\u00e7os, bessons, turmells i canells.<\/p>\n<h4><em>Peses d&#8217;1 kg fitness Issage<\/em><\/h4>\n<p>Mai poden faltar-te les<a class=\"oc-link-new no-style\" href=\"https:\/\/latramuntana.store\/es\/quema-calorias-con-issage-fit-dumb1-las-pesas-de-1kg-para-fitness-5217.html\">\u00a0<\/a>peses fitness de la marca Issage, amb les quals podr\u00e0s exercitar els teus b\u00edceps, tr\u00edceps, espatlles i qualsevol part del teu cos.<\/p>\n<p>Un dels seus grans avantatges \u00e9s que estan fabricats d&#8217;un material d&#8217;alta resist\u00e8ncia que s&#8217;adhereix a les teves mans, fent f\u00e0cil el seu \u00fas.<\/p>\n<h4><em>Faixa lumbar de neopr\u00e8 Issage<\/em><\/h4>\n<p>Un altre dels productes de la marca Issage que t&#8217;ajudaran amb els teus prop\u00f2sits d&#8217;any nou, \u00e9s la<a class=\"oc-link-new no-style\" href=\"https:\/\/latramuntana.store\/es\/fit-belt-faja-lumbar-de-neopreno-5218.html\" target=\"_blank\" rel=\"noopener noreferrer\">\u00a0<\/a>faixa lumbar de neopr\u00e8, perfecta per marcar cintura, cremar el greix i realitzar rutines exigents d&#8217;exercici.<\/p>\n<h4><em>Corda de salt Fit-Jump Issage<\/em><\/h4>\n<p>El salt \u00e9s un dels millors exercicis que pots fer a casa aquest 2023 perqu\u00e8 t&#8217;ajudar\u00e0 a millorar el teu estat cardiovascular com pocs exercicis, ja que cremes greix i ajudes a qu\u00e8 el sistema sanguini funcioni b\u00e9.<\/p>\n<p>Per aix\u00f2, la<a class=\"oc-link-new no-style\" href=\"https:\/\/latramuntana.store\/es\/cuerda-fitness-para-saltar-fit-jump-de-issage-5221.html\">\u00a0<\/a>corda de salt Fit-Jump\u00a0\u00e9s per a tu.<\/p>\n<p>T\u00e9 m\u00e0nec antilliscant i \u00e9s de gran resist\u00e8ncia, amb la qual cosa els teus exercicis seran molt agradables.<\/p>\n<h4><em>Suports giratoris de flexions Issage<\/em><\/h4>\n<p>Si ets dels m\u00e9s exigents a l&#8217;hora d&#8217;entrenar, la marca Issage et proposa els\u00a0suports rotatoris per a flexions\u00a0que et permetran entrenar tot el pectoral i fer-lo lluir tonificat.<\/p>\n<p>Aquest producte \u00e9s perfecte per a qualsevol etapa de l&#8217;entrenament, ja sigui d&#8217;un nivell b\u00e0sic o b\u00e9 avan\u00e7at.<\/p>\n<p>Sens dubte, aquests prop\u00f2sits d&#8217;any nou complementats amb els productes de la marca Issage t&#8217;ajudaran a perdre pes, mantenir una dieta saludable i afrontar el 2023 amb major productivitat.<\/p>\n<p>&nbsp;<\/p>\n<\/div>\n<figure class=\"col-12 col-md-10 col-lg-9 p-0\"><img decoding=\"async\" class=\"alignnone size-full wp-image-9651\" src=\"https:\/\/www.latramuntana.com\/wp-content\/uploads\/2023\/01\/Fitness.png\" alt=\"\" width=\"850\" height=\"635\" srcset=\"https:\/\/www.latramuntana.com\/wp-content\/uploads\/2023\/01\/Fitness.png 850w, https:\/\/www.latramuntana.com\/wp-content\/uploads\/2023\/01\/Fitness-300x224.png 300w, https:\/\/www.latramuntana.com\/wp-content\/uploads\/2023\/01\/Fitness-768x574.png 768w\" sizes=\"(max-width: 850px) 100vw, 850px\" \/><\/figure>\n","protected":false},"excerpt":{"rendered":"<p>ISSAGE ofereix solucions de benestar i cura personal per a un estil de vida saludable actiu i equilibrat.<\/p>\n","protected":false},"author":1,"featured_media":5829,"comment_status":"open","ping_status":"open","sticky":false,"template":"","format":"standard","meta":{"footnotes":""},"categories":[20],"tags":[],"class_list":["post-5828","post","type-post","status-publish","format-standard","has-post-thumbnail","hentry","category-supermercats"],"yoast_head":"<!-- This site is optimized with the Yoast SEO plugin v27.5 - https:\/\/yoast.com\/product\/yoast-seo-wordpress\/ -->\n<title>Marca Issage per a un 2023 saludable i productiu - La Tramuntana<\/title>\n<meta name=\"robots\" content=\"index, follow, max-snippet:-1, max-image-preview:large, max-video-preview:-1\" \/>\n<link rel=\"canonical\" href=\"https:\/\/www.latramuntana.com\/ca\/marca-issage-per-a-un-2023-saludable-i-productiu\/\" \/>\n<meta property=\"og:locale\" content=\"ca_ES\" \/>\n<meta property=\"og:type\" content=\"article\" \/>\n<meta property=\"og:title\" content=\"Marca Issage per a un 2023 saludable i productiu - La Tramuntana\" \/>\n<meta property=\"og:description\" content=\"ISSAGE ofereix solucions de benestar i cura personal per a un estil de vida saludable actiu i equilibrat.\" \/>\n<meta property=\"og:url\" content=\"https:\/\/www.latramuntana.com\/ca\/marca-issage-per-a-un-2023-saludable-i-productiu\/\" \/>\n<meta property=\"og:site_name\" content=\"La Tramuntana\" \/>\n<meta property=\"article:publisher\" content=\"https:\/\/www.facebook.com\/gruptramuntana\" \/>\n<meta property=\"article:published_time\" content=\"2023-01-13T18:52:13+00:00\" \/>\n<meta property=\"article:modified_time\" content=\"2026-01-23T12:20:31+00:00\" \/>\n<meta property=\"og:image\" content=\"https:\/\/www.latramuntana.com\/wp-content\/uploads\/2024\/11\/Marca-Issage-per-a-un-2023-saludable-i-productiu.webp\" \/>\n\t<meta property=\"og:image:width\" content=\"850\" \/>\n\t<meta property=\"og:image:height\" content=\"635\" \/>\n\t<meta property=\"og:image:type\" content=\"image\/webp\" \/>\n<meta name=\"author\" content=\"Connectalia\" \/>\n<meta name=\"twitter:card\" content=\"summary_large_image\" \/>\n<meta name=\"twitter:label1\" content=\"Escrit per\" \/>\n\t<meta name=\"twitter:data1\" content=\"Connectalia\" \/>\n\t<meta name=\"twitter:label2\" content=\"Temps estimat de lectura\" \/>\n\t<meta name=\"twitter:data2\" content=\"7 minuts\" \/>\n<script type=\"application\/ld+json\" class=\"yoast-schema-graph\">{\"@context\":\"https:\\\/\\\/schema.org\",\"@graph\":[{\"@type\":\"Article\",\"@id\":\"https:\\\/\\\/www.latramuntana.com\\\/ca\\\/marca-issage-per-a-un-2023-saludable-i-productiu\\\/#article\",\"isPartOf\":{\"@id\":\"https:\\\/\\\/www.latramuntana.com\\\/ca\\\/marca-issage-per-a-un-2023-saludable-i-productiu\\\/\"},\"author\":{\"name\":\"Connectalia\",\"@id\":\"https:\\\/\\\/www.latramuntana.com\\\/ca\\\/#\\\/schema\\\/person\\\/2e0d00b145fb3c044ce65acd115dbd18\"},\"headline\":\"Marca Issage per a un 2023 saludable i productiu\",\"datePublished\":\"2023-01-13T18:52:13+00:00\",\"dateModified\":\"2026-01-23T12:20:31+00:00\",\"mainEntityOfPage\":{\"@id\":\"https:\\\/\\\/www.latramuntana.com\\\/ca\\\/marca-issage-per-a-un-2023-saludable-i-productiu\\\/\"},\"wordCount\":1145,\"commentCount\":0,\"publisher\":{\"@id\":\"https:\\\/\\\/www.latramuntana.com\\\/ca\\\/#organization\"},\"image\":{\"@id\":\"https:\\\/\\\/www.latramuntana.com\\\/ca\\\/marca-issage-per-a-un-2023-saludable-i-productiu\\\/#primaryimage\"},\"thumbnailUrl\":\"https:\\\/\\\/www.latramuntana.com\\\/wp-content\\\/uploads\\\/2024\\\/11\\\/Marca-Issage-per-a-un-2023-saludable-i-productiu.webp\",\"articleSection\":[\"Supermercats\"],\"inLanguage\":\"ca\",\"potentialAction\":[{\"@type\":\"CommentAction\",\"name\":\"Comment\",\"target\":[\"https:\\\/\\\/www.latramuntana.com\\\/ca\\\/marca-issage-per-a-un-2023-saludable-i-productiu\\\/#respond\"]}]},{\"@type\":\"WebPage\",\"@id\":\"https:\\\/\\\/www.latramuntana.com\\\/ca\\\/marca-issage-per-a-un-2023-saludable-i-productiu\\\/\",\"url\":\"https:\\\/\\\/www.latramuntana.com\\\/ca\\\/marca-issage-per-a-un-2023-saludable-i-productiu\\\/\",\"name\":\"Marca Issage per a un 2023 saludable i productiu - La Tramuntana\",\"isPartOf\":{\"@id\":\"https:\\\/\\\/www.latramuntana.com\\\/ca\\\/#website\"},\"primaryImageOfPage\":{\"@id\":\"https:\\\/\\\/www.latramuntana.com\\\/ca\\\/marca-issage-per-a-un-2023-saludable-i-productiu\\\/#primaryimage\"},\"image\":{\"@id\":\"https:\\\/\\\/www.latramuntana.com\\\/ca\\\/marca-issage-per-a-un-2023-saludable-i-productiu\\\/#primaryimage\"},\"thumbnailUrl\":\"https:\\\/\\\/www.latramuntana.com\\\/wp-content\\\/uploads\\\/2024\\\/11\\\/Marca-Issage-per-a-un-2023-saludable-i-productiu.webp\",\"datePublished\":\"2023-01-13T18:52:13+00:00\",\"dateModified\":\"2026-01-23T12:20:31+00:00\",\"breadcrumb\":{\"@id\":\"https:\\\/\\\/www.latramuntana.com\\\/ca\\\/marca-issage-per-a-un-2023-saludable-i-productiu\\\/#breadcrumb\"},\"inLanguage\":\"ca\",\"potentialAction\":[{\"@type\":\"ReadAction\",\"target\":[\"https:\\\/\\\/www.latramuntana.com\\\/ca\\\/marca-issage-per-a-un-2023-saludable-i-productiu\\\/\"]}]},{\"@type\":\"ImageObject\",\"inLanguage\":\"ca\",\"@id\":\"https:\\\/\\\/www.latramuntana.com\\\/ca\\\/marca-issage-per-a-un-2023-saludable-i-productiu\\\/#primaryimage\",\"url\":\"https:\\\/\\\/www.latramuntana.com\\\/wp-content\\\/uploads\\\/2024\\\/11\\\/Marca-Issage-per-a-un-2023-saludable-i-productiu.webp\",\"contentUrl\":\"https:\\\/\\\/www.latramuntana.com\\\/wp-content\\\/uploads\\\/2024\\\/11\\\/Marca-Issage-per-a-un-2023-saludable-i-productiu.webp\",\"width\":850,\"height\":635},{\"@type\":\"BreadcrumbList\",\"@id\":\"https:\\\/\\\/www.latramuntana.com\\\/ca\\\/marca-issage-per-a-un-2023-saludable-i-productiu\\\/#breadcrumb\",\"itemListElement\":[{\"@type\":\"ListItem\",\"position\":1,\"name\":\"Portada\",\"item\":\"https:\\\/\\\/www.latramuntana.com\\\/ca\\\/\"},{\"@type\":\"ListItem\",\"position\":2,\"name\":\"Marca Issage per a un 2023 saludable i productiu\"}]},{\"@type\":\"WebSite\",\"@id\":\"https:\\\/\\\/www.latramuntana.com\\\/ca\\\/#website\",\"url\":\"https:\\\/\\\/www.latramuntana.com\\\/ca\\\/\",\"name\":\"La Tramuntana\",\"description\":\"\",\"publisher\":{\"@id\":\"https:\\\/\\\/www.latramuntana.com\\\/ca\\\/#organization\"},\"potentialAction\":[{\"@type\":\"SearchAction\",\"target\":{\"@type\":\"EntryPoint\",\"urlTemplate\":\"https:\\\/\\\/www.latramuntana.com\\\/ca\\\/?s={search_term_string}\"},\"query-input\":{\"@type\":\"PropertyValueSpecification\",\"valueRequired\":true,\"valueName\":\"search_term_string\"}}],\"inLanguage\":\"ca\"},{\"@type\":\"Organization\",\"@id\":\"https:\\\/\\\/www.latramuntana.com\\\/ca\\\/#organization\",\"name\":\"La Tramuntana\",\"url\":\"https:\\\/\\\/www.latramuntana.com\\\/ca\\\/\",\"logo\":{\"@type\":\"ImageObject\",\"inLanguage\":\"ca\",\"@id\":\"https:\\\/\\\/www.latramuntana.com\\\/ca\\\/#\\\/schema\\\/logo\\\/image\\\/\",\"url\":\"https:\\\/\\\/www.latramuntana.com\\\/wp-content\\\/uploads\\\/2024\\\/06\\\/latramuntana-logo.svg\",\"contentUrl\":\"https:\\\/\\\/www.latramuntana.com\\\/wp-content\\\/uploads\\\/2024\\\/06\\\/latramuntana-logo.svg\",\"width\":500,\"height\":55,\"caption\":\"La Tramuntana\"},\"image\":{\"@id\":\"https:\\\/\\\/www.latramuntana.com\\\/ca\\\/#\\\/schema\\\/logo\\\/image\\\/\"},\"sameAs\":[\"https:\\\/\\\/www.facebook.com\\\/gruptramuntana\",\"https:\\\/\\\/www.instagram.com\\\/gruptramuntana\\\/\",\"https:\\\/\\\/www.linkedin.com\\\/company\\\/gruptramuntana\\\/\"]},{\"@type\":\"Person\",\"@id\":\"https:\\\/\\\/www.latramuntana.com\\\/ca\\\/#\\\/schema\\\/person\\\/2e0d00b145fb3c044ce65acd115dbd18\",\"name\":\"Connectalia\",\"image\":{\"@type\":\"ImageObject\",\"inLanguage\":\"ca\",\"@id\":\"https:\\\/\\\/secure.gravatar.com\\\/avatar\\\/ead0f7c0e4f7198d7ef6b804f047d07ba9a01858dc2effda64980328bcf723db?s=96&d=mm&r=g\",\"url\":\"https:\\\/\\\/secure.gravatar.com\\\/avatar\\\/ead0f7c0e4f7198d7ef6b804f047d07ba9a01858dc2effda64980328bcf723db?s=96&d=mm&r=g\",\"contentUrl\":\"https:\\\/\\\/secure.gravatar.com\\\/avatar\\\/ead0f7c0e4f7198d7ef6b804f047d07ba9a01858dc2effda64980328bcf723db?s=96&d=mm&r=g\",\"caption\":\"Connectalia\"}}]}<\/script>\n<!-- \/ Yoast SEO plugin. -->","yoast_head_json":{"title":"Marca Issage per a un 2023 saludable i productiu - La Tramuntana","robots":{"index":"index","follow":"follow","max-snippet":"max-snippet:-1","max-image-preview":"max-image-preview:large","max-video-preview":"max-video-preview:-1"},"canonical":"https:\/\/www.latramuntana.com\/ca\/marca-issage-per-a-un-2023-saludable-i-productiu\/","og_locale":"ca_ES","og_type":"article","og_title":"Marca Issage per a un 2023 saludable i productiu - La Tramuntana","og_description":"ISSAGE ofereix solucions de benestar i cura personal per a un estil de vida saludable actiu i equilibrat.","og_url":"https:\/\/www.latramuntana.com\/ca\/marca-issage-per-a-un-2023-saludable-i-productiu\/","og_site_name":"La Tramuntana","article_publisher":"https:\/\/www.facebook.com\/gruptramuntana","article_published_time":"2023-01-13T18:52:13+00:00","article_modified_time":"2026-01-23T12:20:31+00:00","og_image":[{"width":850,"height":635,"url":"https:\/\/www.latramuntana.com\/wp-content\/uploads\/2024\/11\/Marca-Issage-per-a-un-2023-saludable-i-productiu.webp","type":"image\/webp"}],"author":"Connectalia","twitter_card":"summary_large_image","twitter_misc":{"Escrit per":"Connectalia","Temps estimat de lectura":"7 minuts"},"schema":{"@context":"https:\/\/schema.org","@graph":[{"@type":"Article","@id":"https:\/\/www.latramuntana.com\/ca\/marca-issage-per-a-un-2023-saludable-i-productiu\/#article","isPartOf":{"@id":"https:\/\/www.latramuntana.com\/ca\/marca-issage-per-a-un-2023-saludable-i-productiu\/"},"author":{"name":"Connectalia","@id":"https:\/\/www.latramuntana.com\/ca\/#\/schema\/person\/2e0d00b145fb3c044ce65acd115dbd18"},"headline":"Marca Issage per a un 2023 saludable i productiu","datePublished":"2023-01-13T18:52:13+00:00","dateModified":"2026-01-23T12:20:31+00:00","mainEntityOfPage":{"@id":"https:\/\/www.latramuntana.com\/ca\/marca-issage-per-a-un-2023-saludable-i-productiu\/"},"wordCount":1145,"commentCount":0,"publisher":{"@id":"https:\/\/www.latramuntana.com\/ca\/#organization"},"image":{"@id":"https:\/\/www.latramuntana.com\/ca\/marca-issage-per-a-un-2023-saludable-i-productiu\/#primaryimage"},"thumbnailUrl":"https:\/\/www.latramuntana.com\/wp-content\/uploads\/2024\/11\/Marca-Issage-per-a-un-2023-saludable-i-productiu.webp","articleSection":["Supermercats"],"inLanguage":"ca","potentialAction":[{"@type":"CommentAction","name":"Comment","target":["https:\/\/www.latramuntana.com\/ca\/marca-issage-per-a-un-2023-saludable-i-productiu\/#respond"]}]},{"@type":"WebPage","@id":"https:\/\/www.latramuntana.com\/ca\/marca-issage-per-a-un-2023-saludable-i-productiu\/","url":"https:\/\/www.latramuntana.com\/ca\/marca-issage-per-a-un-2023-saludable-i-productiu\/","name":"Marca Issage per a un 2023 saludable i productiu - La Tramuntana","isPartOf":{"@id":"https:\/\/www.latramuntana.com\/ca\/#website"},"primaryImageOfPage":{"@id":"https:\/\/www.latramuntana.com\/ca\/marca-issage-per-a-un-2023-saludable-i-productiu\/#primaryimage"},"image":{"@id":"https:\/\/www.latramuntana.com\/ca\/marca-issage-per-a-un-2023-saludable-i-productiu\/#primaryimage"},"thumbnailUrl":"https:\/\/www.latramuntana.com\/wp-content\/uploads\/2024\/11\/Marca-Issage-per-a-un-2023-saludable-i-productiu.webp","datePublished":"2023-01-13T18:52:13+00:00","dateModified":"2026-01-23T12:20:31+00:00","breadcrumb":{"@id":"https:\/\/www.latramuntana.com\/ca\/marca-issage-per-a-un-2023-saludable-i-productiu\/#breadcrumb"},"inLanguage":"ca","potentialAction":[{"@type":"ReadAction","target":["https:\/\/www.latramuntana.com\/ca\/marca-issage-per-a-un-2023-saludable-i-productiu\/"]}]},{"@type":"ImageObject","inLanguage":"ca","@id":"https:\/\/www.latramuntana.com\/ca\/marca-issage-per-a-un-2023-saludable-i-productiu\/#primaryimage","url":"https:\/\/www.latramuntana.com\/wp-content\/uploads\/2024\/11\/Marca-Issage-per-a-un-2023-saludable-i-productiu.webp","contentUrl":"https:\/\/www.latramuntana.com\/wp-content\/uploads\/2024\/11\/Marca-Issage-per-a-un-2023-saludable-i-productiu.webp","width":850,"height":635},{"@type":"BreadcrumbList","@id":"https:\/\/www.latramuntana.com\/ca\/marca-issage-per-a-un-2023-saludable-i-productiu\/#breadcrumb","itemListElement":[{"@type":"ListItem","position":1,"name":"Portada","item":"https:\/\/www.latramuntana.com\/ca\/"},{"@type":"ListItem","position":2,"name":"Marca Issage per a un 2023 saludable i productiu"}]},{"@type":"WebSite","@id":"https:\/\/www.latramuntana.com\/ca\/#website","url":"https:\/\/www.latramuntana.com\/ca\/","name":"La Tramuntana","description":"","publisher":{"@id":"https:\/\/www.latramuntana.com\/ca\/#organization"},"potentialAction":[{"@type":"SearchAction","target":{"@type":"EntryPoint","urlTemplate":"https:\/\/www.latramuntana.com\/ca\/?s={search_term_string}"},"query-input":{"@type":"PropertyValueSpecification","valueRequired":true,"valueName":"search_term_string"}}],"inLanguage":"ca"},{"@type":"Organization","@id":"https:\/\/www.latramuntana.com\/ca\/#organization","name":"La Tramuntana","url":"https:\/\/www.latramuntana.com\/ca\/","logo":{"@type":"ImageObject","inLanguage":"ca","@id":"https:\/\/www.latramuntana.com\/ca\/#\/schema\/logo\/image\/","url":"https:\/\/www.latramuntana.com\/wp-content\/uploads\/2024\/06\/latramuntana-logo.svg","contentUrl":"https:\/\/www.latramuntana.com\/wp-content\/uploads\/2024\/06\/latramuntana-logo.svg","width":500,"height":55,"caption":"La Tramuntana"},"image":{"@id":"https:\/\/www.latramuntana.com\/ca\/#\/schema\/logo\/image\/"},"sameAs":["https:\/\/www.facebook.com\/gruptramuntana","https:\/\/www.instagram.com\/gruptramuntana\/","https:\/\/www.linkedin.com\/company\/gruptramuntana\/"]},{"@type":"Person","@id":"https:\/\/www.latramuntana.com\/ca\/#\/schema\/person\/2e0d00b145fb3c044ce65acd115dbd18","name":"Connectalia","image":{"@type":"ImageObject","inLanguage":"ca","@id":"https:\/\/secure.gravatar.com\/avatar\/ead0f7c0e4f7198d7ef6b804f047d07ba9a01858dc2effda64980328bcf723db?s=96&d=mm&r=g","url":"https:\/\/secure.gravatar.com\/avatar\/ead0f7c0e4f7198d7ef6b804f047d07ba9a01858dc2effda64980328bcf723db?s=96&d=mm&r=g","contentUrl":"https:\/\/secure.gravatar.com\/avatar\/ead0f7c0e4f7198d7ef6b804f047d07ba9a01858dc2effda64980328bcf723db?s=96&d=mm&r=g","caption":"Connectalia"}}]}},"_links":{"self":[{"href":"https:\/\/www.latramuntana.com\/ca\/wp-json\/wp\/v2\/posts\/5828","targetHints":{"allow":["GET"]}}],"collection":[{"href":"https:\/\/www.latramuntana.com\/ca\/wp-json\/wp\/v2\/posts"}],"about":[{"href":"https:\/\/www.latramuntana.com\/ca\/wp-json\/wp\/v2\/types\/post"}],"author":[{"embeddable":true,"href":"https:\/\/www.latramuntana.com\/ca\/wp-json\/wp\/v2\/users\/1"}],"replies":[{"embeddable":true,"href":"https:\/\/www.latramuntana.com\/ca\/wp-json\/wp\/v2\/comments?post=5828"}],"version-history":[{"count":3,"href":"https:\/\/www.latramuntana.com\/ca\/wp-json\/wp\/v2\/posts\/5828\/revisions"}],"predecessor-version":[{"id":14735,"href":"https:\/\/www.latramuntana.com\/ca\/wp-json\/wp\/v2\/posts\/5828\/revisions\/14735"}],"wp:featuredmedia":[{"embeddable":true,"href":"https:\/\/www.latramuntana.com\/ca\/wp-json\/wp\/v2\/media\/5829"}],"wp:attachment":[{"href":"https:\/\/www.latramuntana.com\/ca\/wp-json\/wp\/v2\/media?parent=5828"}],"wp:term":[{"taxonomy":"category","embeddable":true,"href":"https:\/\/www.latramuntana.com\/ca\/wp-json\/wp\/v2\/categories?post=5828"},{"taxonomy":"post_tag","embeddable":true,"href":"https:\/\/www.latramuntana.com\/ca\/wp-json\/wp\/v2\/tags?post=5828"}],"curies":[{"name":"wp","href":"https:\/\/api.w.org\/{rel}","templated":true}]}}