{"id":5855,"date":"2023-03-17T20:00:08","date_gmt":"2023-03-17T19:00:08","guid":{"rendered":"https:\/\/www.latramuntana.com\/?p=5855"},"modified":"2026-01-23T13:20:01","modified_gmt":"2026-01-23T12:20:01","slug":"els-petits-electrodomestics-mes-utils-per-a-la-llar","status":"publish","type":"post","link":"https:\/\/www.latramuntana.com\/ca\/els-petits-electrodomestics-mes-utils-per-a-la-llar\/","title":{"rendered":"Els petits electrodom\u00e8stics m\u00e9s \u00fatils per a la llar"},"content":{"rendered":"<div class=\"text-justify my-2 my-lg-4 w-100\">\n<p>Els\u00a0<strong>petits electrodom\u00e8stics<\/strong>\u00a0s\u00f3n indispensables per a realitzar les teves tasques de cuina, preparar aliments deliciosos i mantenir en el millor estat d&#8217;higiene i neteja aquest espai destinat a l&#8217;alimentaci\u00f3 de la teva fam\u00edlia.<\/p>\n<p>Parlem de complements de cuina i higiene de llar que no et poden faltar si vols\u00a0<strong>deixar enrere aquestes tasques manuals que generen esgotament i que afecten l&#8217;est\u00e8tica i la salut de les teves mans.<\/strong><\/p>\n<p>I el millor de tot \u00e9s que et brinden un acompliment inigualable\u00a0<strong>sense que hagis de fer cap esfor\u00e7.<\/strong><\/p>\n<p>Doncs, a Tramuntana Store tenim el m\u00e9s ampli cat\u00e0leg de petits electrodom\u00e8stics de cuina, higiene i miscel\u00b7lanis imprescindibles perqu\u00e8 l&#8217;habitatge sigui el m\u00e9s funcional i f\u00e0cil de mantenir.<\/p>\n<p>A m\u00e9s, s\u00f3n els electrodom\u00e8stics m\u00e9s demandats, nous i innovadors del mercat.<\/p>\n<p><img fetchpriority=\"high\" decoding=\"async\" class=\"alignnone size-full wp-image-9603\" src=\"https:\/\/www.latramuntana.com\/wp-content\/uploads\/2023\/03\/f7125e378bdf45677e288b22b6f419baw3858h772cr003858772sx1500.jpg\" alt=\"\" width=\"780\" height=\"300\" srcset=\"https:\/\/www.latramuntana.com\/wp-content\/uploads\/2023\/03\/f7125e378bdf45677e288b22b6f419baw3858h772cr003858772sx1500.jpg 780w, https:\/\/www.latramuntana.com\/wp-content\/uploads\/2023\/03\/f7125e378bdf45677e288b22b6f419baw3858h772cr003858772sx1500-300x115.jpg 300w, https:\/\/www.latramuntana.com\/wp-content\/uploads\/2023\/03\/f7125e378bdf45677e288b22b6f419baw3858h772cr003858772sx1500-768x295.jpg 768w\" sizes=\"(max-width: 780px) 100vw, 780px\" \/><\/p>\n<h2>Qu\u00e8 puc trobar en la categoria de Petit Electrodom\u00e8stic de Tramuntana Store?<\/h2>\n<p>Comptem amb les millors ofertes de petits electrodom\u00e8stics de cuina per facilitar-te les tasques de neteja i preparaci\u00f3 d&#8217;aliments, higiene i neteja i cocci\u00f3.<\/p>\n<p>Pots aconseguir els\u00a0<strong>millors preus de llevataps, batedores, aspiradors de m\u00e0, torradores, planxes per rostir, cassoles, picadores, espremedors de sucs<\/strong>\u00a0i molt m\u00e9s.<\/p>\n<p>I el millor de tot, \u00e9s que cadascuna de les marques que comercialitzem compten amb caracter\u00edstiques d&#8217;alta efici\u00e8ncia, durabilitat i pot\u00e8ncia per fer de cadascuna de les teves tasques una activitat senzilla i plaent.<\/p>\n<h2>Tipus de petits electrodom\u00e8stics de la nostra botiga online<\/h2>\n<p>Tenim una \u00e0mplia varietat d&#8217;electrodom\u00e8stics petits perqu\u00e8 escullis els millors per a tu.<\/p>\n<p>I cadascun d&#8217;ells segons la classificaci\u00f3 o \u00fas que vulguis donar-li.<\/p>\n<p>Entre els tipus de petits electrodom\u00e8stics que tenim, destaquen:<\/p>\n<p><strong>Petit electrodom\u00e8stic per a cuina:\u00a0<\/strong>s\u00f3n aquells que estan pensats per facilitar la preparaci\u00f3 de receptes i aliments per a tu i la teva fam\u00edlia, entre els quals podem destacar la sandvitxera antiadherent, la planxa de rostir, la cassola el\u00e8ctrica i la picadora el\u00e8ctrica.<\/p>\n<p><strong>Petit electrodom\u00e8stic per a la higiene:\u00a0<\/strong>s\u00f3n els productes que han de facilitar la neteja del teu habitatge, com la cuina o la sala d&#8217;estar, i que ho fan sense que hagis d&#8217;esfor\u00e7ar-te gaire. Un exemple seria l&#8217;aspiradora de m\u00e0 recarregable.<\/p>\n<p><strong>Petit electrodom\u00e8stic per a llar:\u00a0<\/strong>s\u00f3n aquests complements que no poden et faltar per a un brindis o qualsevol ocasi\u00f3 especial, com el llevataps el\u00e8ctric.<\/p>\n<h2>Petits electrodom\u00e8stics m\u00e9s venuts<\/h2>\n<p>Vols con\u00e8ixer els electrodom\u00e8stics petits m\u00e9s venuts de la nostra botiga online i els seus avantatges?<\/p>\n<p>Doncs ja ho veur\u00e0s; per\u00f2, abans, volem dir-te que\u00a0<strong>tots els nostres productes s\u00f3n compactes i innovadors,<\/strong>\u00a0donant-te la possibilitat de guardar-los en qualsevol espai o calaix del teu habitatge sense que ocupi gaire espai.<\/p>\n<p>I sabem que la marca \u00e9s un factor molt important per a tu, per la qual cosa treballem amb\u00a0<strong>AxSom<\/strong>, una marca que t\u00e9 molts anys al mercat i que es caracteritza per la millor qualitat i durabilitat en els seus productes.<\/p>\n<p><strong>Qualitat. Bon preu. Durabilitat.<\/strong><\/p>\n<p>S\u00f3n tres de les caracter\u00edstiques que busquem en els productes que venem perqu\u00e8 sabem que aix\u00f2 \u00e9s el que tu tamb\u00e9 consideras abans de realitzar aquest clic de compra.<\/p>\n<p>Ara s\u00ed, vegem els tres electrodom\u00e8stics petits m\u00e9s venuts de la nostra botiga online.<\/p>\n<h3>1. Llevataps el\u00e8ctric<\/h3>\n<p>El\u00a0<strong>llevataps el\u00e8ctric AXSOM ELECTRONICS TAMALEC<\/strong>\u00a0t\u00e9 la particularitat que\u00a0<strong>\u00e9s sense fil i obre les teves ampolles de vi sense gaire esfor\u00e7, de forma autom\u00e0tica.<\/strong><\/p>\n<p>Entre les seves caracter\u00edstiques m\u00e9s destacades, trobem que est\u00e0 fabricat de material\u00a0<strong>ABS ultra resistent,\u00a0<\/strong>cosa que allargar\u00e0 la seva vida \u00fatil i et brindar\u00e0 molts anys d&#8217;ampolles obertes en segons i sense desastres a la teva cuina.<\/p>\n<p>L&#8217;\u00fanic que has de fer perqu\u00e8 faci la seva feina \u00e9s\u00a0<strong>col\u00b7locar l&#8217;ampolla dins del seu modern sistema i pressionar un bot\u00f3.<\/strong><\/p>\n<p>El petit electrodom\u00e8stic s&#8217; encarregar\u00e0 de la resta.<\/p>\n<p>T\u00e9 tres bateries AA per al seu funcionament i, cr\u00e8iem, \u00e9s regal perfecte per a aquest esdeveniment especial en el qual obrir\u00e0s la teva ampolla de vi per a un brindis.<\/p>\n<p>\u00c9s elegant, modern i la seva part transparent et permet veure com obre l&#8217;ampolla sense cap esfor\u00e7.<\/p>\n<p><img decoding=\"async\" class=\"alignnone size-full wp-image-9607\" src=\"https:\/\/www.latramuntana.com\/wp-content\/uploads\/2023\/03\/71AL9H-EPCS._AC_SL1500_.jpg\" alt=\"\" width=\"1277\" height=\"1500\" srcset=\"https:\/\/www.latramuntana.com\/wp-content\/uploads\/2023\/03\/71AL9H-EPCS._AC_SL1500_.jpg 1277w, https:\/\/www.latramuntana.com\/wp-content\/uploads\/2023\/03\/71AL9H-EPCS._AC_SL1500_-255x300.jpg 255w, https:\/\/www.latramuntana.com\/wp-content\/uploads\/2023\/03\/71AL9H-EPCS._AC_SL1500_-872x1024.jpg 872w, https:\/\/www.latramuntana.com\/wp-content\/uploads\/2023\/03\/71AL9H-EPCS._AC_SL1500_-768x902.jpg 768w\" sizes=\"(max-width: 1277px) 100vw, 1277px\" \/><\/p>\n<h3>2. Batedora de m\u00e0<\/h3>\n<p>Vols preparar les teves millors postres, pur\u00e9s, sucs i sucs amb una batedora de m\u00e0 de la millor qualitat? Tenim en oferta les tres millors del mercat segons les teves necessitats:<\/p>\n<ul>\n<li><strong>Batedora i pastadora Bartwoo II<\/strong>: ideal per a rebosteria, amb varetes que amassen i baten. T\u00e9 tres velocitats m\u00e9s funci\u00f3 turbo, 250 W i pots barrejar una coca sense inconvenients. Ve amb accessoris i \u00e9s ergon\u00f2mica. Sens dubte, la vols.<\/li>\n<\/ul>\n<p><img decoding=\"async\" class=\"alignnone size-full wp-image-9611\" src=\"https:\/\/www.latramuntana.com\/wp-content\/uploads\/2023\/03\/91pwWr8o8CL._AC_SL1500_.jpg\" alt=\"\" width=\"1500\" height=\"1496\" srcset=\"https:\/\/www.latramuntana.com\/wp-content\/uploads\/2023\/03\/91pwWr8o8CL._AC_SL1500_.jpg 1500w, https:\/\/www.latramuntana.com\/wp-content\/uploads\/2023\/03\/91pwWr8o8CL._AC_SL1500_-300x300.jpg 300w, https:\/\/www.latramuntana.com\/wp-content\/uploads\/2023\/03\/91pwWr8o8CL._AC_SL1500_-1024x1021.jpg 1024w, https:\/\/www.latramuntana.com\/wp-content\/uploads\/2023\/03\/91pwWr8o8CL._AC_SL1500_-150x150.jpg 150w, https:\/\/www.latramuntana.com\/wp-content\/uploads\/2023\/03\/91pwWr8o8CL._AC_SL1500_-768x766.jpg 768w\" sizes=\"(max-width: 1500px) 100vw, 1500px\" \/><\/p>\n<ul>\n<li><strong>Batedora Vital PW 1.100<\/strong><strong>:\u00a0<\/strong>\u00e9s una batedora silenciosa i potent que pot preparar sucs, pur\u00e9s i cremes en segons. T\u00e9 una pot\u00e8ncia de 1.100 W, les seves fulles de tallar s\u00f3n de titani, \u00e9s molt f\u00e0cil de desmuntar i pots rentar-les al rentaplats.<\/li>\n<\/ul>\n<p><img loading=\"lazy\" decoding=\"async\" class=\"alignnone size-full wp-image-9615\" src=\"https:\/\/www.latramuntana.com\/wp-content\/uploads\/2023\/03\/71MvQSVSlOL._AC_SL1500_.jpg\" alt=\"\" width=\"1497\" height=\"1434\" srcset=\"https:\/\/www.latramuntana.com\/wp-content\/uploads\/2023\/03\/71MvQSVSlOL._AC_SL1500_.jpg 1497w, https:\/\/www.latramuntana.com\/wp-content\/uploads\/2023\/03\/71MvQSVSlOL._AC_SL1500_-300x287.jpg 300w, https:\/\/www.latramuntana.com\/wp-content\/uploads\/2023\/03\/71MvQSVSlOL._AC_SL1500_-1024x981.jpg 1024w, https:\/\/www.latramuntana.com\/wp-content\/uploads\/2023\/03\/71MvQSVSlOL._AC_SL1500_-768x736.jpg 768w\" sizes=\"(max-width: 1497px) 100vw, 1497px\" \/><\/p>\n<ul>\n<li><strong>Batedora Vital PW 350<\/strong><strong>:\u00a0<\/strong>t\u00e9 una pot\u00e8ncia de 350 W i compta amb un funcionament silenci\u00f3s que facilita el treball. Pots preparar sucs, cremes i pur\u00e9s amb ella.<\/li>\n<\/ul>\n<p><img loading=\"lazy\" decoding=\"async\" class=\"alignnone size-full wp-image-9619\" src=\"https:\/\/www.latramuntana.com\/wp-content\/uploads\/2023\/03\/vital-pw-350-batidora-de-mano-blanca.jpg\" alt=\"\" width=\"700\" height=\"750\" srcset=\"https:\/\/www.latramuntana.com\/wp-content\/uploads\/2023\/03\/vital-pw-350-batidora-de-mano-blanca.jpg 700w, https:\/\/www.latramuntana.com\/wp-content\/uploads\/2023\/03\/vital-pw-350-batidora-de-mano-blanca-280x300.jpg 280w\" sizes=\"(max-width: 700px) 100vw, 700px\" \/><\/p>\n<h3>3. Planxes de rostir el\u00e8ctriques<\/h3>\n<p>Comptem amb dos models de planxes, l&#8217;<strong>AXSOM Roast 1500<\/strong>\u00a0i l&#8217;<strong>AXSOM Roast 2100 XL<\/strong>.<\/p>\n<p>&nbsp;<\/p>\n<p>Ambdues tenen la capacitat de cuinar deliciosos aliments en temps r\u00e8cord amb diferents ajustos de temperatures, compten amb superf\u00edcies antiadherents, permeten que cuines sense greixos nocius i ajuden que els teus aliments quedin ben cuits per dins.<\/p>\n<p>El primer \u00e9s de 1.500 W, mentre que el segon brinda m\u00e9s pot\u00e8ncia (2.100 W) i \u00e9s ideal per a preparacions m\u00e9s abundants.<\/p>\n<p><img loading=\"lazy\" decoding=\"async\" class=\"alignnone wp-image-9623 size-large\" src=\"https:\/\/www.latramuntana.com\/wp-content\/uploads\/2023\/03\/61IIL31CBDL._AC_SL1500_-1024x385.jpg\" alt=\"\" width=\"800\" height=\"301\" srcset=\"https:\/\/www.latramuntana.com\/wp-content\/uploads\/2023\/03\/61IIL31CBDL._AC_SL1500_-1024x385.jpg 1024w, https:\/\/www.latramuntana.com\/wp-content\/uploads\/2023\/03\/61IIL31CBDL._AC_SL1500_-300x113.jpg 300w, https:\/\/www.latramuntana.com\/wp-content\/uploads\/2023\/03\/61IIL31CBDL._AC_SL1500_-768x289.jpg 768w, https:\/\/www.latramuntana.com\/wp-content\/uploads\/2023\/03\/61IIL31CBDL._AC_SL1500_.jpg 1500w\" sizes=\"(max-width: 800px) 100vw, 800px\" \/> <img loading=\"lazy\" decoding=\"async\" class=\"alignnone wp-image-9627 size-large\" src=\"https:\/\/www.latramuntana.com\/wp-content\/uploads\/2023\/03\/71q-suMql7S._AC_SL1500_-1024x354.jpg\" alt=\"\" width=\"800\" height=\"277\" srcset=\"https:\/\/www.latramuntana.com\/wp-content\/uploads\/2023\/03\/71q-suMql7S._AC_SL1500_-1024x354.jpg 1024w, https:\/\/www.latramuntana.com\/wp-content\/uploads\/2023\/03\/71q-suMql7S._AC_SL1500_-300x104.jpg 300w, https:\/\/www.latramuntana.com\/wp-content\/uploads\/2023\/03\/71q-suMql7S._AC_SL1500_-768x265.jpg 768w, https:\/\/www.latramuntana.com\/wp-content\/uploads\/2023\/03\/71q-suMql7S._AC_SL1500_.jpg 1500w\" sizes=\"(max-width: 800px) 100vw, 800px\" \/><\/p>\n<h2>Avantatges dels petits electrodom\u00e8stics<\/h2>\n<p>Alguns dels avantatges dels nostres petits electrodom\u00e8stics s\u00f3n:<\/p>\n<p><strong>T&#8217;ajuden a estalviar energia i diners\u00a0<\/strong>perqu\u00e8 compten amb nivells de consum energ\u00e8tic molt baixos. Aix\u00ed que la teva factura ser\u00e0 m\u00e9s barata.<\/p>\n<p><strong>S\u00f3n eficients i duradors<\/strong>, allargant la seva vida \u00fatil a anys i a m\u00e0xim rendiment.<\/p>\n<p><strong>Brinden el millor acompliment sense esfor\u00e7.\u00a0<\/strong>No has d&#8217;esfor\u00e7ar-te per usar-los. Els encens i deixes que facin la seva feina.<\/p>\n<h2>On comprar un petit electrodom\u00e8stic en l\u00ednia al millor preu?<\/h2>\n<p>A Tramuntana Store comptem amb el m\u00e9s ampli cat\u00e0leg de petits electrodom\u00e8stics del mercat, amb preus molt baixos i la millor qualitat.<\/p>\n<p>A m\u00e9s, enviem el producte fins a casa teva. Aix\u00ed que no t\u2019has de preocupar de res.<\/p>\n<p><strong>Compra qualitat avui i gaudeix de complements de cuina que faran la teva vida m\u00e9s f\u00e0cil.<\/strong><\/p>\n<\/div>\n<figure class=\"col-12 col-md-10 col-lg-9 p-0\"><img loading=\"lazy\" decoding=\"async\" class=\"alignnone size-full wp-image-9631\" src=\"https:\/\/www.latramuntana.com\/wp-content\/uploads\/2023\/03\/91pwWr8o8CL._AC_SL1500_-1.jpg\" alt=\"\" width=\"1500\" height=\"1496\" srcset=\"https:\/\/www.latramuntana.com\/wp-content\/uploads\/2023\/03\/91pwWr8o8CL._AC_SL1500_-1.jpg 1500w, https:\/\/www.latramuntana.com\/wp-content\/uploads\/2023\/03\/91pwWr8o8CL._AC_SL1500_-1-300x300.jpg 300w, https:\/\/www.latramuntana.com\/wp-content\/uploads\/2023\/03\/91pwWr8o8CL._AC_SL1500_-1-1024x1021.jpg 1024w, https:\/\/www.latramuntana.com\/wp-content\/uploads\/2023\/03\/91pwWr8o8CL._AC_SL1500_-1-150x150.jpg 150w, https:\/\/www.latramuntana.com\/wp-content\/uploads\/2023\/03\/91pwWr8o8CL._AC_SL1500_-1-768x766.jpg 768w\" sizes=\"(max-width: 1500px) 100vw, 1500px\" \/><\/figure>\n","protected":false},"excerpt":{"rendered":"<p>Selecci\u00f3 dels petits electrodom\u00e8stics m\u00e9s \u00fatils per facilitar les tasques di\u00e0ries i millorar el confort dom\u00e8stic.<\/p>\n","protected":false},"author":1,"featured_media":5865,"comment_status":"open","ping_status":"open","sticky":false,"template":"","format":"standard","meta":{"footnotes":""},"categories":[20],"tags":[],"class_list":["post-5855","post","type-post","status-publish","format-standard","has-post-thumbnail","hentry","category-supermercats"],"yoast_head":"<!-- This site is optimized with the Yoast SEO plugin v27.5 - https:\/\/yoast.com\/product\/yoast-seo-wordpress\/ -->\n<title>Els petits electrodom\u00e8stics m\u00e9s \u00fatils per a la llar - La Tramuntana<\/title>\n<meta name=\"robots\" content=\"index, follow, max-snippet:-1, max-image-preview:large, max-video-preview:-1\" \/>\n<link rel=\"canonical\" href=\"https:\/\/www.latramuntana.com\/ca\/els-petits-electrodomestics-mes-utils-per-a-la-llar\/\" \/>\n<meta property=\"og:locale\" content=\"ca_ES\" \/>\n<meta property=\"og:type\" content=\"article\" \/>\n<meta property=\"og:title\" content=\"Els petits electrodom\u00e8stics m\u00e9s \u00fatils per a la llar - La Tramuntana\" \/>\n<meta property=\"og:description\" content=\"Selecci\u00f3 dels petits electrodom\u00e8stics m\u00e9s \u00fatils per facilitar les tasques di\u00e0ries i millorar el confort dom\u00e8stic.\" \/>\n<meta property=\"og:url\" content=\"https:\/\/www.latramuntana.com\/ca\/els-petits-electrodomestics-mes-utils-per-a-la-llar\/\" \/>\n<meta property=\"og:site_name\" content=\"La Tramuntana\" \/>\n<meta property=\"article:publisher\" content=\"https:\/\/www.facebook.com\/gruptramuntana\" \/>\n<meta property=\"article:published_time\" content=\"2023-03-17T19:00:08+00:00\" \/>\n<meta property=\"article:modified_time\" content=\"2026-01-23T12:20:01+00:00\" \/>\n<meta property=\"og:image\" content=\"https:\/\/www.latramuntana.com\/wp-content\/uploads\/2024\/11\/Els-petits-electrodomestics-mes-utils-per-a-la-llar.webp\" \/>\n\t<meta property=\"og:image:width\" content=\"1500\" \/>\n\t<meta property=\"og:image:height\" content=\"1496\" \/>\n\t<meta property=\"og:image:type\" content=\"image\/webp\" \/>\n<meta name=\"author\" content=\"Connectalia\" \/>\n<meta name=\"twitter:card\" content=\"summary_large_image\" \/>\n<meta name=\"twitter:label1\" content=\"Escrit per\" \/>\n\t<meta name=\"twitter:data1\" content=\"Connectalia\" \/>\n\t<meta name=\"twitter:label2\" content=\"Temps estimat de lectura\" \/>\n\t<meta name=\"twitter:data2\" content=\"8 minuts\" \/>\n<script type=\"application\/ld+json\" class=\"yoast-schema-graph\">{\"@context\":\"https:\\\/\\\/schema.org\",\"@graph\":[{\"@type\":\"Article\",\"@id\":\"https:\\\/\\\/www.latramuntana.com\\\/ca\\\/els-petits-electrodomestics-mes-utils-per-a-la-llar\\\/#article\",\"isPartOf\":{\"@id\":\"https:\\\/\\\/www.latramuntana.com\\\/ca\\\/els-petits-electrodomestics-mes-utils-per-a-la-llar\\\/\"},\"author\":{\"name\":\"Connectalia\",\"@id\":\"https:\\\/\\\/www.latramuntana.com\\\/ca\\\/#\\\/schema\\\/person\\\/2e0d00b145fb3c044ce65acd115dbd18\"},\"headline\":\"Els petits electrodom\u00e8stics m\u00e9s \u00fatils per a la llar\",\"datePublished\":\"2023-03-17T19:00:08+00:00\",\"dateModified\":\"2026-01-23T12:20:01+00:00\",\"mainEntityOfPage\":{\"@id\":\"https:\\\/\\\/www.latramuntana.com\\\/ca\\\/els-petits-electrodomestics-mes-utils-per-a-la-llar\\\/\"},\"wordCount\":1128,\"commentCount\":0,\"publisher\":{\"@id\":\"https:\\\/\\\/www.latramuntana.com\\\/ca\\\/#organization\"},\"image\":{\"@id\":\"https:\\\/\\\/www.latramuntana.com\\\/ca\\\/els-petits-electrodomestics-mes-utils-per-a-la-llar\\\/#primaryimage\"},\"thumbnailUrl\":\"https:\\\/\\\/www.latramuntana.com\\\/wp-content\\\/uploads\\\/2024\\\/11\\\/Els-petits-electrodomestics-mes-utils-per-a-la-llar.webp\",\"articleSection\":[\"Supermercats\"],\"inLanguage\":\"ca\",\"potentialAction\":[{\"@type\":\"CommentAction\",\"name\":\"Comment\",\"target\":[\"https:\\\/\\\/www.latramuntana.com\\\/ca\\\/els-petits-electrodomestics-mes-utils-per-a-la-llar\\\/#respond\"]}]},{\"@type\":\"WebPage\",\"@id\":\"https:\\\/\\\/www.latramuntana.com\\\/ca\\\/els-petits-electrodomestics-mes-utils-per-a-la-llar\\\/\",\"url\":\"https:\\\/\\\/www.latramuntana.com\\\/ca\\\/els-petits-electrodomestics-mes-utils-per-a-la-llar\\\/\",\"name\":\"Els petits electrodom\u00e8stics m\u00e9s \u00fatils per a la llar - La Tramuntana\",\"isPartOf\":{\"@id\":\"https:\\\/\\\/www.latramuntana.com\\\/ca\\\/#website\"},\"primaryImageOfPage\":{\"@id\":\"https:\\\/\\\/www.latramuntana.com\\\/ca\\\/els-petits-electrodomestics-mes-utils-per-a-la-llar\\\/#primaryimage\"},\"image\":{\"@id\":\"https:\\\/\\\/www.latramuntana.com\\\/ca\\\/els-petits-electrodomestics-mes-utils-per-a-la-llar\\\/#primaryimage\"},\"thumbnailUrl\":\"https:\\\/\\\/www.latramuntana.com\\\/wp-content\\\/uploads\\\/2024\\\/11\\\/Els-petits-electrodomestics-mes-utils-per-a-la-llar.webp\",\"datePublished\":\"2023-03-17T19:00:08+00:00\",\"dateModified\":\"2026-01-23T12:20:01+00:00\",\"breadcrumb\":{\"@id\":\"https:\\\/\\\/www.latramuntana.com\\\/ca\\\/els-petits-electrodomestics-mes-utils-per-a-la-llar\\\/#breadcrumb\"},\"inLanguage\":\"ca\",\"potentialAction\":[{\"@type\":\"ReadAction\",\"target\":[\"https:\\\/\\\/www.latramuntana.com\\\/ca\\\/els-petits-electrodomestics-mes-utils-per-a-la-llar\\\/\"]}]},{\"@type\":\"ImageObject\",\"inLanguage\":\"ca\",\"@id\":\"https:\\\/\\\/www.latramuntana.com\\\/ca\\\/els-petits-electrodomestics-mes-utils-per-a-la-llar\\\/#primaryimage\",\"url\":\"https:\\\/\\\/www.latramuntana.com\\\/wp-content\\\/uploads\\\/2024\\\/11\\\/Els-petits-electrodomestics-mes-utils-per-a-la-llar.webp\",\"contentUrl\":\"https:\\\/\\\/www.latramuntana.com\\\/wp-content\\\/uploads\\\/2024\\\/11\\\/Els-petits-electrodomestics-mes-utils-per-a-la-llar.webp\",\"width\":1500,\"height\":1496},{\"@type\":\"BreadcrumbList\",\"@id\":\"https:\\\/\\\/www.latramuntana.com\\\/ca\\\/els-petits-electrodomestics-mes-utils-per-a-la-llar\\\/#breadcrumb\",\"itemListElement\":[{\"@type\":\"ListItem\",\"position\":1,\"name\":\"Portada\",\"item\":\"https:\\\/\\\/www.latramuntana.com\\\/ca\\\/\"},{\"@type\":\"ListItem\",\"position\":2,\"name\":\"Els petits electrodom\u00e8stics m\u00e9s \u00fatils per a la llar\"}]},{\"@type\":\"WebSite\",\"@id\":\"https:\\\/\\\/www.latramuntana.com\\\/ca\\\/#website\",\"url\":\"https:\\\/\\\/www.latramuntana.com\\\/ca\\\/\",\"name\":\"La Tramuntana\",\"description\":\"\",\"publisher\":{\"@id\":\"https:\\\/\\\/www.latramuntana.com\\\/ca\\\/#organization\"},\"potentialAction\":[{\"@type\":\"SearchAction\",\"target\":{\"@type\":\"EntryPoint\",\"urlTemplate\":\"https:\\\/\\\/www.latramuntana.com\\\/ca\\\/?s={search_term_string}\"},\"query-input\":{\"@type\":\"PropertyValueSpecification\",\"valueRequired\":true,\"valueName\":\"search_term_string\"}}],\"inLanguage\":\"ca\"},{\"@type\":\"Organization\",\"@id\":\"https:\\\/\\\/www.latramuntana.com\\\/ca\\\/#organization\",\"name\":\"La Tramuntana\",\"url\":\"https:\\\/\\\/www.latramuntana.com\\\/ca\\\/\",\"logo\":{\"@type\":\"ImageObject\",\"inLanguage\":\"ca\",\"@id\":\"https:\\\/\\\/www.latramuntana.com\\\/ca\\\/#\\\/schema\\\/logo\\\/image\\\/\",\"url\":\"https:\\\/\\\/www.latramuntana.com\\\/wp-content\\\/uploads\\\/2024\\\/06\\\/latramuntana-logo.svg\",\"contentUrl\":\"https:\\\/\\\/www.latramuntana.com\\\/wp-content\\\/uploads\\\/2024\\\/06\\\/latramuntana-logo.svg\",\"width\":500,\"height\":55,\"caption\":\"La Tramuntana\"},\"image\":{\"@id\":\"https:\\\/\\\/www.latramuntana.com\\\/ca\\\/#\\\/schema\\\/logo\\\/image\\\/\"},\"sameAs\":[\"https:\\\/\\\/www.facebook.com\\\/gruptramuntana\",\"https:\\\/\\\/www.instagram.com\\\/gruptramuntana\\\/\",\"https:\\\/\\\/www.linkedin.com\\\/company\\\/gruptramuntana\\\/\"]},{\"@type\":\"Person\",\"@id\":\"https:\\\/\\\/www.latramuntana.com\\\/ca\\\/#\\\/schema\\\/person\\\/2e0d00b145fb3c044ce65acd115dbd18\",\"name\":\"Connectalia\",\"image\":{\"@type\":\"ImageObject\",\"inLanguage\":\"ca\",\"@id\":\"https:\\\/\\\/secure.gravatar.com\\\/avatar\\\/ead0f7c0e4f7198d7ef6b804f047d07ba9a01858dc2effda64980328bcf723db?s=96&d=mm&r=g\",\"url\":\"https:\\\/\\\/secure.gravatar.com\\\/avatar\\\/ead0f7c0e4f7198d7ef6b804f047d07ba9a01858dc2effda64980328bcf723db?s=96&d=mm&r=g\",\"contentUrl\":\"https:\\\/\\\/secure.gravatar.com\\\/avatar\\\/ead0f7c0e4f7198d7ef6b804f047d07ba9a01858dc2effda64980328bcf723db?s=96&d=mm&r=g\",\"caption\":\"Connectalia\"}}]}<\/script>\n<!-- \/ Yoast SEO plugin. -->","yoast_head_json":{"title":"Els petits electrodom\u00e8stics m\u00e9s \u00fatils per a la llar - La Tramuntana","robots":{"index":"index","follow":"follow","max-snippet":"max-snippet:-1","max-image-preview":"max-image-preview:large","max-video-preview":"max-video-preview:-1"},"canonical":"https:\/\/www.latramuntana.com\/ca\/els-petits-electrodomestics-mes-utils-per-a-la-llar\/","og_locale":"ca_ES","og_type":"article","og_title":"Els petits electrodom\u00e8stics m\u00e9s \u00fatils per a la llar - La Tramuntana","og_description":"Selecci\u00f3 dels petits electrodom\u00e8stics m\u00e9s \u00fatils per facilitar les tasques di\u00e0ries i millorar el confort dom\u00e8stic.","og_url":"https:\/\/www.latramuntana.com\/ca\/els-petits-electrodomestics-mes-utils-per-a-la-llar\/","og_site_name":"La Tramuntana","article_publisher":"https:\/\/www.facebook.com\/gruptramuntana","article_published_time":"2023-03-17T19:00:08+00:00","article_modified_time":"2026-01-23T12:20:01+00:00","og_image":[{"width":1500,"height":1496,"url":"https:\/\/www.latramuntana.com\/wp-content\/uploads\/2024\/11\/Els-petits-electrodomestics-mes-utils-per-a-la-llar.webp","type":"image\/webp"}],"author":"Connectalia","twitter_card":"summary_large_image","twitter_misc":{"Escrit per":"Connectalia","Temps estimat de lectura":"8 minuts"},"schema":{"@context":"https:\/\/schema.org","@graph":[{"@type":"Article","@id":"https:\/\/www.latramuntana.com\/ca\/els-petits-electrodomestics-mes-utils-per-a-la-llar\/#article","isPartOf":{"@id":"https:\/\/www.latramuntana.com\/ca\/els-petits-electrodomestics-mes-utils-per-a-la-llar\/"},"author":{"name":"Connectalia","@id":"https:\/\/www.latramuntana.com\/ca\/#\/schema\/person\/2e0d00b145fb3c044ce65acd115dbd18"},"headline":"Els petits electrodom\u00e8stics m\u00e9s \u00fatils per a la llar","datePublished":"2023-03-17T19:00:08+00:00","dateModified":"2026-01-23T12:20:01+00:00","mainEntityOfPage":{"@id":"https:\/\/www.latramuntana.com\/ca\/els-petits-electrodomestics-mes-utils-per-a-la-llar\/"},"wordCount":1128,"commentCount":0,"publisher":{"@id":"https:\/\/www.latramuntana.com\/ca\/#organization"},"image":{"@id":"https:\/\/www.latramuntana.com\/ca\/els-petits-electrodomestics-mes-utils-per-a-la-llar\/#primaryimage"},"thumbnailUrl":"https:\/\/www.latramuntana.com\/wp-content\/uploads\/2024\/11\/Els-petits-electrodomestics-mes-utils-per-a-la-llar.webp","articleSection":["Supermercats"],"inLanguage":"ca","potentialAction":[{"@type":"CommentAction","name":"Comment","target":["https:\/\/www.latramuntana.com\/ca\/els-petits-electrodomestics-mes-utils-per-a-la-llar\/#respond"]}]},{"@type":"WebPage","@id":"https:\/\/www.latramuntana.com\/ca\/els-petits-electrodomestics-mes-utils-per-a-la-llar\/","url":"https:\/\/www.latramuntana.com\/ca\/els-petits-electrodomestics-mes-utils-per-a-la-llar\/","name":"Els petits electrodom\u00e8stics m\u00e9s \u00fatils per a la llar - La Tramuntana","isPartOf":{"@id":"https:\/\/www.latramuntana.com\/ca\/#website"},"primaryImageOfPage":{"@id":"https:\/\/www.latramuntana.com\/ca\/els-petits-electrodomestics-mes-utils-per-a-la-llar\/#primaryimage"},"image":{"@id":"https:\/\/www.latramuntana.com\/ca\/els-petits-electrodomestics-mes-utils-per-a-la-llar\/#primaryimage"},"thumbnailUrl":"https:\/\/www.latramuntana.com\/wp-content\/uploads\/2024\/11\/Els-petits-electrodomestics-mes-utils-per-a-la-llar.webp","datePublished":"2023-03-17T19:00:08+00:00","dateModified":"2026-01-23T12:20:01+00:00","breadcrumb":{"@id":"https:\/\/www.latramuntana.com\/ca\/els-petits-electrodomestics-mes-utils-per-a-la-llar\/#breadcrumb"},"inLanguage":"ca","potentialAction":[{"@type":"ReadAction","target":["https:\/\/www.latramuntana.com\/ca\/els-petits-electrodomestics-mes-utils-per-a-la-llar\/"]}]},{"@type":"ImageObject","inLanguage":"ca","@id":"https:\/\/www.latramuntana.com\/ca\/els-petits-electrodomestics-mes-utils-per-a-la-llar\/#primaryimage","url":"https:\/\/www.latramuntana.com\/wp-content\/uploads\/2024\/11\/Els-petits-electrodomestics-mes-utils-per-a-la-llar.webp","contentUrl":"https:\/\/www.latramuntana.com\/wp-content\/uploads\/2024\/11\/Els-petits-electrodomestics-mes-utils-per-a-la-llar.webp","width":1500,"height":1496},{"@type":"BreadcrumbList","@id":"https:\/\/www.latramuntana.com\/ca\/els-petits-electrodomestics-mes-utils-per-a-la-llar\/#breadcrumb","itemListElement":[{"@type":"ListItem","position":1,"name":"Portada","item":"https:\/\/www.latramuntana.com\/ca\/"},{"@type":"ListItem","position":2,"name":"Els petits electrodom\u00e8stics m\u00e9s \u00fatils per a la llar"}]},{"@type":"WebSite","@id":"https:\/\/www.latramuntana.com\/ca\/#website","url":"https:\/\/www.latramuntana.com\/ca\/","name":"La Tramuntana","description":"","publisher":{"@id":"https:\/\/www.latramuntana.com\/ca\/#organization"},"potentialAction":[{"@type":"SearchAction","target":{"@type":"EntryPoint","urlTemplate":"https:\/\/www.latramuntana.com\/ca\/?s={search_term_string}"},"query-input":{"@type":"PropertyValueSpecification","valueRequired":true,"valueName":"search_term_string"}}],"inLanguage":"ca"},{"@type":"Organization","@id":"https:\/\/www.latramuntana.com\/ca\/#organization","name":"La Tramuntana","url":"https:\/\/www.latramuntana.com\/ca\/","logo":{"@type":"ImageObject","inLanguage":"ca","@id":"https:\/\/www.latramuntana.com\/ca\/#\/schema\/logo\/image\/","url":"https:\/\/www.latramuntana.com\/wp-content\/uploads\/2024\/06\/latramuntana-logo.svg","contentUrl":"https:\/\/www.latramuntana.com\/wp-content\/uploads\/2024\/06\/latramuntana-logo.svg","width":500,"height":55,"caption":"La Tramuntana"},"image":{"@id":"https:\/\/www.latramuntana.com\/ca\/#\/schema\/logo\/image\/"},"sameAs":["https:\/\/www.facebook.com\/gruptramuntana","https:\/\/www.instagram.com\/gruptramuntana\/","https:\/\/www.linkedin.com\/company\/gruptramuntana\/"]},{"@type":"Person","@id":"https:\/\/www.latramuntana.com\/ca\/#\/schema\/person\/2e0d00b145fb3c044ce65acd115dbd18","name":"Connectalia","image":{"@type":"ImageObject","inLanguage":"ca","@id":"https:\/\/secure.gravatar.com\/avatar\/ead0f7c0e4f7198d7ef6b804f047d07ba9a01858dc2effda64980328bcf723db?s=96&d=mm&r=g","url":"https:\/\/secure.gravatar.com\/avatar\/ead0f7c0e4f7198d7ef6b804f047d07ba9a01858dc2effda64980328bcf723db?s=96&d=mm&r=g","contentUrl":"https:\/\/secure.gravatar.com\/avatar\/ead0f7c0e4f7198d7ef6b804f047d07ba9a01858dc2effda64980328bcf723db?s=96&d=mm&r=g","caption":"Connectalia"}}]}},"_links":{"self":[{"href":"https:\/\/www.latramuntana.com\/ca\/wp-json\/wp\/v2\/posts\/5855","targetHints":{"allow":["GET"]}}],"collection":[{"href":"https:\/\/www.latramuntana.com\/ca\/wp-json\/wp\/v2\/posts"}],"about":[{"href":"https:\/\/www.latramuntana.com\/ca\/wp-json\/wp\/v2\/types\/post"}],"author":[{"embeddable":true,"href":"https:\/\/www.latramuntana.com\/ca\/wp-json\/wp\/v2\/users\/1"}],"replies":[{"embeddable":true,"href":"https:\/\/www.latramuntana.com\/ca\/wp-json\/wp\/v2\/comments?post=5855"}],"version-history":[{"count":3,"href":"https:\/\/www.latramuntana.com\/ca\/wp-json\/wp\/v2\/posts\/5855\/revisions"}],"predecessor-version":[{"id":14734,"href":"https:\/\/www.latramuntana.com\/ca\/wp-json\/wp\/v2\/posts\/5855\/revisions\/14734"}],"wp:featuredmedia":[{"embeddable":true,"href":"https:\/\/www.latramuntana.com\/ca\/wp-json\/wp\/v2\/media\/5865"}],"wp:attachment":[{"href":"https:\/\/www.latramuntana.com\/ca\/wp-json\/wp\/v2\/media?parent=5855"}],"wp:term":[{"taxonomy":"category","embeddable":true,"href":"https:\/\/www.latramuntana.com\/ca\/wp-json\/wp\/v2\/categories?post=5855"},{"taxonomy":"post_tag","embeddable":true,"href":"https:\/\/www.latramuntana.com\/ca\/wp-json\/wp\/v2\/tags?post=5855"}],"curies":[{"name":"wp","href":"https:\/\/api.w.org\/{rel}","templated":true}]}}