{"id":7234,"date":"2023-08-18T17:23:16","date_gmt":"2023-08-18T15:23:16","guid":{"rendered":"https:\/\/www.latramuntana.com\/?p=7234"},"modified":"2026-01-23T13:19:41","modified_gmt":"2026-01-23T12:19:41","slug":"ampliem-el-serveis-obrim-una-benzinera-a-la-jonquera","status":"publish","type":"post","link":"https:\/\/www.latramuntana.com\/ca\/ampliem-el-serveis-obrim-una-benzinera-a-la-jonquera\/","title":{"rendered":"Ampliem el serveis: obrim una benzinera a La Jonquera!"},"content":{"rendered":"<div class=\"text-justify my-2 my-lg-4 w-100\">\n<p>Ens alegra enormement compartir noves not\u00edcies i anunciar, amb gran entusiasme, l&#8217;obertura de la nostra primera\u00a0<strong>benzinera<\/strong>\u00a0<strong>Tramuntana<\/strong>\u00a0a\u00a0<strong>La Jonquera<\/strong>.<\/p>\n<p>Despr\u00e9s de mesos de planificaci\u00f3, treball i dedicaci\u00f3, ja ho tenim tot a punt per obrir les portes de la benzinera, ampliant el servei a la zona amb un preus molt competitius.<\/p>\n<p>La\u00a0<strong>benzinera Tramuntana 24h<\/strong>\u00a0est\u00e0 situada ben a prop d\u2019un dels nostres supermercats, a l\u2019al\u00e7ada de la carretera N-II Km. 774 de La Jonquera, amb 2 accessos d\u2019entrada i sortida des de l\u2019aparcament del supermercat o des de la part posterior.<\/p>\n<p><iframe src=\"https:\/\/www.google.com\/maps\/embed?pb=!1m18!1m12!1m3!1d2945.77304258989!2d2.8731090761119633!3d42.41127767118813!2m3!1f0!2f0!3f0!3m2!1i1024!2i768!4f13.1!3m3!1m2!1s0x12ba9bc725a8217b%3A0xc98e1bd3766e90ec!2sSupermercat%20Tramuntana%202!5e0!3m2!1sca!2ses!4v1692354112302!5m2!1sca!2ses\" width=\"600\" height=\"450\" allowfullscreen=\"allowfullscreen\" data-mce-fragment=\"1\"><\/iframe><\/p>\n<p>Hem seleccionat aquest lloc estrat\u00e8gic perqu\u00e8 sigui c\u00f2mode, de f\u00e0cil acc\u00e9s i perqu\u00e8 el client hi trobi tot all\u00f2 necessari per a la seva estada en un sol indret com ara:\u00a0<strong>supermercat<\/strong>,\u00a0<strong>restaurant<\/strong>,\u00a0<strong>tabac<\/strong>\u00a0i\u00a0<strong>benzinera<\/strong><\/p>\n<p>La Benzinera Tramuntana ofereix un\u00a0<strong>servei 24 hores<\/strong>, amb\u00a0<strong>8 sortidors<\/strong>, cadascun d\u2019ells dotats dels carburants seg\u00fcents:\u00a0<strong>di\u00e8sel<\/strong>,\u00a0<strong>benzina<\/strong>\u00a0i\u00a0<strong>Ad Blue<\/strong>.<\/p>\n<p>Aix\u00ed mateix, les noves instal\u00b7lacions disposaran d\u2019<strong>estacionament<\/strong>\u00a0<strong>gratu\u00eft<\/strong>\u00a0per als clients que facin les seves compres al supermercat o per si volen fer un \u00e0pat al restaurant, tot all\u00e0 mateix, sense moure\u2019s del lloc. En un futur, tamb\u00e9 tindrem un\u00a0<strong>zona de rentat<\/strong>\u00a0de vehicles.<\/p>\n<p>Des del Grup Tramuntana apostem per un\u00a0<strong>servei integral<\/strong>\u00a0perqu\u00e8 el nostre client es pugui beneficiar dels nombrosos\u00a0<strong>avantatges<\/strong>\u00a0que tenim en les diverses \u00e0rees de negoci. Amb m\u00e9s de 70 anys d\u2019hist\u00f2ria, som un dels principals\u00a0<strong>referents<\/strong>\u00a0comercials de la\u00a0<strong>zona fronterera\u00a0<\/strong>de La Jonquera i El Port\u00fas.<\/p>\n<\/div>\n<figure class=\"col-12 col-md-10 col-lg-9 p-0\"><img decoding=\"async\" class=\"w-100 aligncenter\" src=\"https:\/\/latramuntana.com\/storage\/app\/media\/blog\/Articulos\/Foto%20Benzinera%20Bloc.png\" alt=\"Ampliem el serveis: obrim una benzinera a La Jonquera!\" \/><\/figure>\n","protected":false},"excerpt":{"rendered":"<p>Tramuntana amplia serveis amb l\u2019obertura d\u2019una nova benzinera a La Jonquera pensada per al client.<\/p>\n","protected":false},"author":1,"featured_media":5992,"comment_status":"open","ping_status":"open","sticky":false,"template":"","format":"standard","meta":{"footnotes":""},"categories":[20],"tags":[],"class_list":["post-7234","post","type-post","status-publish","format-standard","has-post-thumbnail","hentry","category-supermercats"],"yoast_head":"<!-- This site is optimized with the Yoast SEO plugin v27.5 - https:\/\/yoast.com\/product\/yoast-seo-wordpress\/ -->\n<title>Ampliem el serveis: obrim una benzinera a La Jonquera! - La Tramuntana<\/title>\n<meta name=\"robots\" content=\"index, follow, max-snippet:-1, max-image-preview:large, max-video-preview:-1\" \/>\n<link rel=\"canonical\" href=\"https:\/\/www.latramuntana.com\/ca\/ampliem-el-serveis-obrim-una-benzinera-a-la-jonquera\/\" \/>\n<meta property=\"og:locale\" content=\"ca_ES\" \/>\n<meta property=\"og:type\" content=\"article\" \/>\n<meta property=\"og:title\" content=\"Ampliem el serveis: obrim una benzinera a La Jonquera! - La Tramuntana\" \/>\n<meta property=\"og:description\" content=\"Tramuntana amplia serveis amb l\u2019obertura d\u2019una nova benzinera a La Jonquera pensada per al client.\" \/>\n<meta property=\"og:url\" content=\"https:\/\/www.latramuntana.com\/ca\/ampliem-el-serveis-obrim-una-benzinera-a-la-jonquera\/\" \/>\n<meta property=\"og:site_name\" content=\"La Tramuntana\" \/>\n<meta property=\"article:publisher\" content=\"https:\/\/www.facebook.com\/gruptramuntana\" \/>\n<meta property=\"article:published_time\" content=\"2023-08-18T15:23:16+00:00\" \/>\n<meta property=\"article:modified_time\" content=\"2026-01-23T12:19:41+00:00\" \/>\n<meta property=\"og:image\" content=\"https:\/\/www.latramuntana.com\/wp-content\/uploads\/2024\/11\/Foto-Benzinera-Bloc.webp\" \/>\n\t<meta property=\"og:image:width\" content=\"783\" \/>\n\t<meta property=\"og:image:height\" content=\"587\" \/>\n\t<meta property=\"og:image:type\" content=\"image\/webp\" \/>\n<meta name=\"author\" content=\"Connectalia\" \/>\n<meta name=\"twitter:card\" content=\"summary_large_image\" \/>\n<meta name=\"twitter:label1\" content=\"Escrit per\" \/>\n\t<meta name=\"twitter:data1\" content=\"Connectalia\" \/>\n\t<meta name=\"twitter:label2\" content=\"Temps estimat de lectura\" \/>\n\t<meta name=\"twitter:data2\" content=\"2 minuts\" \/>\n<script type=\"application\/ld+json\" class=\"yoast-schema-graph\">{\"@context\":\"https:\\\/\\\/schema.org\",\"@graph\":[{\"@type\":\"Article\",\"@id\":\"https:\\\/\\\/www.latramuntana.com\\\/ca\\\/ampliem-el-serveis-obrim-una-benzinera-a-la-jonquera\\\/#article\",\"isPartOf\":{\"@id\":\"https:\\\/\\\/www.latramuntana.com\\\/ca\\\/ampliem-el-serveis-obrim-una-benzinera-a-la-jonquera\\\/\"},\"author\":{\"name\":\"Connectalia\",\"@id\":\"https:\\\/\\\/www.latramuntana.com\\\/ca\\\/#\\\/schema\\\/person\\\/2e0d00b145fb3c044ce65acd115dbd18\"},\"headline\":\"Ampliem el serveis: obrim una benzinera a La Jonquera!\",\"datePublished\":\"2023-08-18T15:23:16+00:00\",\"dateModified\":\"2026-01-23T12:19:41+00:00\",\"mainEntityOfPage\":{\"@id\":\"https:\\\/\\\/www.latramuntana.com\\\/ca\\\/ampliem-el-serveis-obrim-una-benzinera-a-la-jonquera\\\/\"},\"wordCount\":273,\"commentCount\":0,\"publisher\":{\"@id\":\"https:\\\/\\\/www.latramuntana.com\\\/ca\\\/#organization\"},\"image\":{\"@id\":\"https:\\\/\\\/www.latramuntana.com\\\/ca\\\/ampliem-el-serveis-obrim-una-benzinera-a-la-jonquera\\\/#primaryimage\"},\"thumbnailUrl\":\"https:\\\/\\\/www.latramuntana.com\\\/wp-content\\\/uploads\\\/2024\\\/11\\\/Foto-Benzinera-Bloc.webp\",\"articleSection\":[\"Supermercats\"],\"inLanguage\":\"ca\",\"potentialAction\":[{\"@type\":\"CommentAction\",\"name\":\"Comment\",\"target\":[\"https:\\\/\\\/www.latramuntana.com\\\/ca\\\/ampliem-el-serveis-obrim-una-benzinera-a-la-jonquera\\\/#respond\"]}]},{\"@type\":\"WebPage\",\"@id\":\"https:\\\/\\\/www.latramuntana.com\\\/ca\\\/ampliem-el-serveis-obrim-una-benzinera-a-la-jonquera\\\/\",\"url\":\"https:\\\/\\\/www.latramuntana.com\\\/ca\\\/ampliem-el-serveis-obrim-una-benzinera-a-la-jonquera\\\/\",\"name\":\"Ampliem el serveis: obrim una benzinera a La Jonquera! - La Tramuntana\",\"isPartOf\":{\"@id\":\"https:\\\/\\\/www.latramuntana.com\\\/ca\\\/#website\"},\"primaryImageOfPage\":{\"@id\":\"https:\\\/\\\/www.latramuntana.com\\\/ca\\\/ampliem-el-serveis-obrim-una-benzinera-a-la-jonquera\\\/#primaryimage\"},\"image\":{\"@id\":\"https:\\\/\\\/www.latramuntana.com\\\/ca\\\/ampliem-el-serveis-obrim-una-benzinera-a-la-jonquera\\\/#primaryimage\"},\"thumbnailUrl\":\"https:\\\/\\\/www.latramuntana.com\\\/wp-content\\\/uploads\\\/2024\\\/11\\\/Foto-Benzinera-Bloc.webp\",\"datePublished\":\"2023-08-18T15:23:16+00:00\",\"dateModified\":\"2026-01-23T12:19:41+00:00\",\"breadcrumb\":{\"@id\":\"https:\\\/\\\/www.latramuntana.com\\\/ca\\\/ampliem-el-serveis-obrim-una-benzinera-a-la-jonquera\\\/#breadcrumb\"},\"inLanguage\":\"ca\",\"potentialAction\":[{\"@type\":\"ReadAction\",\"target\":[\"https:\\\/\\\/www.latramuntana.com\\\/ca\\\/ampliem-el-serveis-obrim-una-benzinera-a-la-jonquera\\\/\"]}]},{\"@type\":\"ImageObject\",\"inLanguage\":\"ca\",\"@id\":\"https:\\\/\\\/www.latramuntana.com\\\/ca\\\/ampliem-el-serveis-obrim-una-benzinera-a-la-jonquera\\\/#primaryimage\",\"url\":\"https:\\\/\\\/www.latramuntana.com\\\/wp-content\\\/uploads\\\/2024\\\/11\\\/Foto-Benzinera-Bloc.webp\",\"contentUrl\":\"https:\\\/\\\/www.latramuntana.com\\\/wp-content\\\/uploads\\\/2024\\\/11\\\/Foto-Benzinera-Bloc.webp\",\"width\":783,\"height\":587,\"caption\":\"Benzinera Tramuntana 24 hores amb estaci\u00f3 de servei a l\u2019aire lliure\"},{\"@type\":\"BreadcrumbList\",\"@id\":\"https:\\\/\\\/www.latramuntana.com\\\/ca\\\/ampliem-el-serveis-obrim-una-benzinera-a-la-jonquera\\\/#breadcrumb\",\"itemListElement\":[{\"@type\":\"ListItem\",\"position\":1,\"name\":\"Portada\",\"item\":\"https:\\\/\\\/www.latramuntana.com\\\/ca\\\/\"},{\"@type\":\"ListItem\",\"position\":2,\"name\":\"Ampliem el serveis: obrim una benzinera a La Jonquera!\"}]},{\"@type\":\"WebSite\",\"@id\":\"https:\\\/\\\/www.latramuntana.com\\\/ca\\\/#website\",\"url\":\"https:\\\/\\\/www.latramuntana.com\\\/ca\\\/\",\"name\":\"La Tramuntana\",\"description\":\"\",\"publisher\":{\"@id\":\"https:\\\/\\\/www.latramuntana.com\\\/ca\\\/#organization\"},\"potentialAction\":[{\"@type\":\"SearchAction\",\"target\":{\"@type\":\"EntryPoint\",\"urlTemplate\":\"https:\\\/\\\/www.latramuntana.com\\\/ca\\\/?s={search_term_string}\"},\"query-input\":{\"@type\":\"PropertyValueSpecification\",\"valueRequired\":true,\"valueName\":\"search_term_string\"}}],\"inLanguage\":\"ca\"},{\"@type\":\"Organization\",\"@id\":\"https:\\\/\\\/www.latramuntana.com\\\/ca\\\/#organization\",\"name\":\"La Tramuntana\",\"url\":\"https:\\\/\\\/www.latramuntana.com\\\/ca\\\/\",\"logo\":{\"@type\":\"ImageObject\",\"inLanguage\":\"ca\",\"@id\":\"https:\\\/\\\/www.latramuntana.com\\\/ca\\\/#\\\/schema\\\/logo\\\/image\\\/\",\"url\":\"https:\\\/\\\/www.latramuntana.com\\\/wp-content\\\/uploads\\\/2024\\\/06\\\/latramuntana-logo.svg\",\"contentUrl\":\"https:\\\/\\\/www.latramuntana.com\\\/wp-content\\\/uploads\\\/2024\\\/06\\\/latramuntana-logo.svg\",\"width\":500,\"height\":55,\"caption\":\"La Tramuntana\"},\"image\":{\"@id\":\"https:\\\/\\\/www.latramuntana.com\\\/ca\\\/#\\\/schema\\\/logo\\\/image\\\/\"},\"sameAs\":[\"https:\\\/\\\/www.facebook.com\\\/gruptramuntana\",\"https:\\\/\\\/www.instagram.com\\\/gruptramuntana\\\/\",\"https:\\\/\\\/www.linkedin.com\\\/company\\\/gruptramuntana\\\/\"]},{\"@type\":\"Person\",\"@id\":\"https:\\\/\\\/www.latramuntana.com\\\/ca\\\/#\\\/schema\\\/person\\\/2e0d00b145fb3c044ce65acd115dbd18\",\"name\":\"Connectalia\",\"image\":{\"@type\":\"ImageObject\",\"inLanguage\":\"ca\",\"@id\":\"https:\\\/\\\/secure.gravatar.com\\\/avatar\\\/ead0f7c0e4f7198d7ef6b804f047d07ba9a01858dc2effda64980328bcf723db?s=96&d=mm&r=g\",\"url\":\"https:\\\/\\\/secure.gravatar.com\\\/avatar\\\/ead0f7c0e4f7198d7ef6b804f047d07ba9a01858dc2effda64980328bcf723db?s=96&d=mm&r=g\",\"contentUrl\":\"https:\\\/\\\/secure.gravatar.com\\\/avatar\\\/ead0f7c0e4f7198d7ef6b804f047d07ba9a01858dc2effda64980328bcf723db?s=96&d=mm&r=g\",\"caption\":\"Connectalia\"}}]}<\/script>\n<!-- \/ Yoast SEO plugin. -->","yoast_head_json":{"title":"Ampliem el serveis: obrim una benzinera a La Jonquera! - La Tramuntana","robots":{"index":"index","follow":"follow","max-snippet":"max-snippet:-1","max-image-preview":"max-image-preview:large","max-video-preview":"max-video-preview:-1"},"canonical":"https:\/\/www.latramuntana.com\/ca\/ampliem-el-serveis-obrim-una-benzinera-a-la-jonquera\/","og_locale":"ca_ES","og_type":"article","og_title":"Ampliem el serveis: obrim una benzinera a La Jonquera! - La Tramuntana","og_description":"Tramuntana amplia serveis amb l\u2019obertura d\u2019una nova benzinera a La Jonquera pensada per al client.","og_url":"https:\/\/www.latramuntana.com\/ca\/ampliem-el-serveis-obrim-una-benzinera-a-la-jonquera\/","og_site_name":"La Tramuntana","article_publisher":"https:\/\/www.facebook.com\/gruptramuntana","article_published_time":"2023-08-18T15:23:16+00:00","article_modified_time":"2026-01-23T12:19:41+00:00","og_image":[{"width":783,"height":587,"url":"https:\/\/www.latramuntana.com\/wp-content\/uploads\/2024\/11\/Foto-Benzinera-Bloc.webp","type":"image\/webp"}],"author":"Connectalia","twitter_card":"summary_large_image","twitter_misc":{"Escrit per":"Connectalia","Temps estimat de lectura":"2 minuts"},"schema":{"@context":"https:\/\/schema.org","@graph":[{"@type":"Article","@id":"https:\/\/www.latramuntana.com\/ca\/ampliem-el-serveis-obrim-una-benzinera-a-la-jonquera\/#article","isPartOf":{"@id":"https:\/\/www.latramuntana.com\/ca\/ampliem-el-serveis-obrim-una-benzinera-a-la-jonquera\/"},"author":{"name":"Connectalia","@id":"https:\/\/www.latramuntana.com\/ca\/#\/schema\/person\/2e0d00b145fb3c044ce65acd115dbd18"},"headline":"Ampliem el serveis: obrim una benzinera a La Jonquera!","datePublished":"2023-08-18T15:23:16+00:00","dateModified":"2026-01-23T12:19:41+00:00","mainEntityOfPage":{"@id":"https:\/\/www.latramuntana.com\/ca\/ampliem-el-serveis-obrim-una-benzinera-a-la-jonquera\/"},"wordCount":273,"commentCount":0,"publisher":{"@id":"https:\/\/www.latramuntana.com\/ca\/#organization"},"image":{"@id":"https:\/\/www.latramuntana.com\/ca\/ampliem-el-serveis-obrim-una-benzinera-a-la-jonquera\/#primaryimage"},"thumbnailUrl":"https:\/\/www.latramuntana.com\/wp-content\/uploads\/2024\/11\/Foto-Benzinera-Bloc.webp","articleSection":["Supermercats"],"inLanguage":"ca","potentialAction":[{"@type":"CommentAction","name":"Comment","target":["https:\/\/www.latramuntana.com\/ca\/ampliem-el-serveis-obrim-una-benzinera-a-la-jonquera\/#respond"]}]},{"@type":"WebPage","@id":"https:\/\/www.latramuntana.com\/ca\/ampliem-el-serveis-obrim-una-benzinera-a-la-jonquera\/","url":"https:\/\/www.latramuntana.com\/ca\/ampliem-el-serveis-obrim-una-benzinera-a-la-jonquera\/","name":"Ampliem el serveis: obrim una benzinera a La Jonquera! - La Tramuntana","isPartOf":{"@id":"https:\/\/www.latramuntana.com\/ca\/#website"},"primaryImageOfPage":{"@id":"https:\/\/www.latramuntana.com\/ca\/ampliem-el-serveis-obrim-una-benzinera-a-la-jonquera\/#primaryimage"},"image":{"@id":"https:\/\/www.latramuntana.com\/ca\/ampliem-el-serveis-obrim-una-benzinera-a-la-jonquera\/#primaryimage"},"thumbnailUrl":"https:\/\/www.latramuntana.com\/wp-content\/uploads\/2024\/11\/Foto-Benzinera-Bloc.webp","datePublished":"2023-08-18T15:23:16+00:00","dateModified":"2026-01-23T12:19:41+00:00","breadcrumb":{"@id":"https:\/\/www.latramuntana.com\/ca\/ampliem-el-serveis-obrim-una-benzinera-a-la-jonquera\/#breadcrumb"},"inLanguage":"ca","potentialAction":[{"@type":"ReadAction","target":["https:\/\/www.latramuntana.com\/ca\/ampliem-el-serveis-obrim-una-benzinera-a-la-jonquera\/"]}]},{"@type":"ImageObject","inLanguage":"ca","@id":"https:\/\/www.latramuntana.com\/ca\/ampliem-el-serveis-obrim-una-benzinera-a-la-jonquera\/#primaryimage","url":"https:\/\/www.latramuntana.com\/wp-content\/uploads\/2024\/11\/Foto-Benzinera-Bloc.webp","contentUrl":"https:\/\/www.latramuntana.com\/wp-content\/uploads\/2024\/11\/Foto-Benzinera-Bloc.webp","width":783,"height":587,"caption":"Benzinera Tramuntana 24 hores amb estaci\u00f3 de servei a l\u2019aire lliure"},{"@type":"BreadcrumbList","@id":"https:\/\/www.latramuntana.com\/ca\/ampliem-el-serveis-obrim-una-benzinera-a-la-jonquera\/#breadcrumb","itemListElement":[{"@type":"ListItem","position":1,"name":"Portada","item":"https:\/\/www.latramuntana.com\/ca\/"},{"@type":"ListItem","position":2,"name":"Ampliem el serveis: obrim una benzinera a La Jonquera!"}]},{"@type":"WebSite","@id":"https:\/\/www.latramuntana.com\/ca\/#website","url":"https:\/\/www.latramuntana.com\/ca\/","name":"La Tramuntana","description":"","publisher":{"@id":"https:\/\/www.latramuntana.com\/ca\/#organization"},"potentialAction":[{"@type":"SearchAction","target":{"@type":"EntryPoint","urlTemplate":"https:\/\/www.latramuntana.com\/ca\/?s={search_term_string}"},"query-input":{"@type":"PropertyValueSpecification","valueRequired":true,"valueName":"search_term_string"}}],"inLanguage":"ca"},{"@type":"Organization","@id":"https:\/\/www.latramuntana.com\/ca\/#organization","name":"La Tramuntana","url":"https:\/\/www.latramuntana.com\/ca\/","logo":{"@type":"ImageObject","inLanguage":"ca","@id":"https:\/\/www.latramuntana.com\/ca\/#\/schema\/logo\/image\/","url":"https:\/\/www.latramuntana.com\/wp-content\/uploads\/2024\/06\/latramuntana-logo.svg","contentUrl":"https:\/\/www.latramuntana.com\/wp-content\/uploads\/2024\/06\/latramuntana-logo.svg","width":500,"height":55,"caption":"La Tramuntana"},"image":{"@id":"https:\/\/www.latramuntana.com\/ca\/#\/schema\/logo\/image\/"},"sameAs":["https:\/\/www.facebook.com\/gruptramuntana","https:\/\/www.instagram.com\/gruptramuntana\/","https:\/\/www.linkedin.com\/company\/gruptramuntana\/"]},{"@type":"Person","@id":"https:\/\/www.latramuntana.com\/ca\/#\/schema\/person\/2e0d00b145fb3c044ce65acd115dbd18","name":"Connectalia","image":{"@type":"ImageObject","inLanguage":"ca","@id":"https:\/\/secure.gravatar.com\/avatar\/ead0f7c0e4f7198d7ef6b804f047d07ba9a01858dc2effda64980328bcf723db?s=96&d=mm&r=g","url":"https:\/\/secure.gravatar.com\/avatar\/ead0f7c0e4f7198d7ef6b804f047d07ba9a01858dc2effda64980328bcf723db?s=96&d=mm&r=g","contentUrl":"https:\/\/secure.gravatar.com\/avatar\/ead0f7c0e4f7198d7ef6b804f047d07ba9a01858dc2effda64980328bcf723db?s=96&d=mm&r=g","caption":"Connectalia"}}]}},"_links":{"self":[{"href":"https:\/\/www.latramuntana.com\/ca\/wp-json\/wp\/v2\/posts\/7234","targetHints":{"allow":["GET"]}}],"collection":[{"href":"https:\/\/www.latramuntana.com\/ca\/wp-json\/wp\/v2\/posts"}],"about":[{"href":"https:\/\/www.latramuntana.com\/ca\/wp-json\/wp\/v2\/types\/post"}],"author":[{"embeddable":true,"href":"https:\/\/www.latramuntana.com\/ca\/wp-json\/wp\/v2\/users\/1"}],"replies":[{"embeddable":true,"href":"https:\/\/www.latramuntana.com\/ca\/wp-json\/wp\/v2\/comments?post=7234"}],"version-history":[{"count":3,"href":"https:\/\/www.latramuntana.com\/ca\/wp-json\/wp\/v2\/posts\/7234\/revisions"}],"predecessor-version":[{"id":14733,"href":"https:\/\/www.latramuntana.com\/ca\/wp-json\/wp\/v2\/posts\/7234\/revisions\/14733"}],"wp:featuredmedia":[{"embeddable":true,"href":"https:\/\/www.latramuntana.com\/ca\/wp-json\/wp\/v2\/media\/5992"}],"wp:attachment":[{"href":"https:\/\/www.latramuntana.com\/ca\/wp-json\/wp\/v2\/media?parent=7234"}],"wp:term":[{"taxonomy":"category","embeddable":true,"href":"https:\/\/www.latramuntana.com\/ca\/wp-json\/wp\/v2\/categories?post=7234"},{"taxonomy":"post_tag","embeddable":true,"href":"https:\/\/www.latramuntana.com\/ca\/wp-json\/wp\/v2\/tags?post=7234"}],"curies":[{"name":"wp","href":"https:\/\/api.w.org\/{rel}","templated":true}]}}