{"id":12504,"date":"2025-09-12T17:42:01","date_gmt":"2025-09-12T15:42:01","guid":{"rendered":"https:\/\/www.latramuntana.com\/?p=12504"},"modified":"2025-09-12T17:57:04","modified_gmt":"2025-09-12T15:57:04","slug":"gran-participacion-en-la-1a-tramuntana-trail-una-jornada-historica-entre-la-jonquera-y-el-portus","status":"publish","type":"post","link":"https:\/\/www.latramuntana.com\/es\/gran-participacion-en-la-1a-tramuntana-trail-una-jornada-historica-entre-la-jonquera-y-el-portus\/","title":{"rendered":"Gran participaci\u00f3n en la 1\u00aa Tramuntana Trail: una jornada hist\u00f3rica entre La Jonquera y El Port\u00fas"},"content":{"rendered":"\t\t<div data-elementor-type=\"wp-post\" data-elementor-id=\"12504\" class=\"elementor elementor-12504 elementor-12503\" data-elementor-post-type=\"post\">\n\t\t\t\t<div class=\"elementor-element elementor-element-1ca53de e-flex e-con-boxed e-con e-parent\" data-id=\"1ca53de\" data-element_type=\"container\" data-e-type=\"container\">\n\t\t\t\t\t<div class=\"e-con-inner\">\n\t\t\t\t<div class=\"elementor-element elementor-element-0155c81 elementor-widget elementor-widget-text-editor\" data-id=\"0155c81\" data-element_type=\"widget\" data-e-type=\"widget\" data-widget_type=\"text-editor.default\">\n\t\t\t\t<div class=\"elementor-widget-container\">\n\t\t\t\t\t\t\t\t\t<p data-start=\"276\" data-end=\"543\">El pasado <strong data-start=\"286\" data-end=\"314\">11 de septiembre de 2025<\/strong> vivimos una jornada que quedar\u00e1 en la memoria colectiva: la <strong data-start=\"375\" data-end=\"417\">primera edici\u00f3n de la Tramuntana Trail<\/strong>, una carrera <strong data-start=\"431\" data-end=\"450\">transfronteriza<\/strong> que uni\u00f3 por primera vez <strong data-start=\"476\" data-end=\"503\">La Jonquera y El Port\u00fas<\/strong> a trav\u00e9s del deporte y la naturaleza.<\/p><p data-start=\"545\" data-end=\"838\">Cerca de <strong data-start=\"554\" data-end=\"575\">100 participantes, <\/strong>entre corredores y caminantes, completaron los <strong data-start=\"624\" data-end=\"660\">11,4 km y 479 metros de desnivel<\/strong> del recorrido. Una experiencia que fue mucho m\u00e1s que una competici\u00f3n: una <strong data-start=\"735\" data-end=\"757\">fiesta comunitaria<\/strong> que llen\u00f3 de emoci\u00f3n, esfuerzo y hermandad los caminos de monta\u00f1a del Empord\u00e0.<\/p><p><img fetchpriority=\"high\" decoding=\"async\" class=\"alignnone size-medium wp-image-12590\" src=\"https:\/\/www.latramuntana.com\/wp-content\/uploads\/2025\/09\/2.-Sortida-1-300x225.webp\" alt=\"\" width=\"300\" height=\"225\" srcset=\"https:\/\/www.latramuntana.com\/wp-content\/uploads\/2025\/09\/2.-Sortida-1-300x225.webp 300w, https:\/\/www.latramuntana.com\/wp-content\/uploads\/2025\/09\/2.-Sortida-1-1024x768.webp 1024w, https:\/\/www.latramuntana.com\/wp-content\/uploads\/2025\/09\/2.-Sortida-1-768x576.webp 768w, https:\/\/www.latramuntana.com\/wp-content\/uploads\/2025\/09\/2.-Sortida-1.webp 1500w\" sizes=\"(max-width: 300px) 100vw, 300px\" \/><\/p><h4><strong>El nacimiento de una carrera singular<\/strong><\/h4><p data-start=\"889\" data-end=\"1228\">La Tramuntana Trail naci\u00f3 con el objetivo de crear un evento <strong data-start=\"950\" data-end=\"985\">\u00fanico y arraigado al territorio<\/strong>, capaz de unir deporte, tradici\u00f3n y comunidad. El hecho de ser una <strong data-start=\"1053\" data-end=\"1080\">carrera transfronteriza<\/strong> \u2014atravesando el hist\u00f3rico paso entre <strong data-start=\"1118\" data-end=\"1145\">La Jonquera y El Port\u00fas<\/strong>\u2014 la convierte en diferente a cualquier otra prueba de trail running en Catalu\u00f1a.<\/p><p data-start=\"1230\" data-end=\"1314\">Para Tramuntana, esta iniciativa refleja plenamente nuestros <strong data-start=\"1291\" data-end=\"1311\">valores de marca<\/strong>:<\/p><ul data-start=\"1315\" data-end=\"1566\"><li data-start=\"1315\" data-end=\"1401\"><p data-start=\"1317\" data-end=\"1401\"><strong data-start=\"1317\" data-end=\"1330\">Tradici\u00f3n<\/strong>, porque conecta con la historia y la tierra que nos ha visto crecer.<\/p><\/li><li data-start=\"1402\" data-end=\"1468\"><p data-start=\"1404\" data-end=\"1468\"><strong data-start=\"1404\" data-end=\"1417\">Dinamismo<\/strong>, porque innova con un formato nuevo y diferente.<\/p><\/li><li data-start=\"1469\" data-end=\"1566\"><p data-start=\"1471\" data-end=\"1566\"><strong data-start=\"1471\" data-end=\"1485\">Compromiso<\/strong>, porque pone en el centro a la comunidad, los voluntarios y los participantes.<\/p><\/li><\/ul><div><img decoding=\"async\" class=\"alignnone size-medium wp-image-12582\" src=\"https:\/\/www.latramuntana.com\/wp-content\/uploads\/2025\/09\/250911__JRP1664-1-225x300.webp\" alt=\"\" width=\"225\" height=\"300\" srcset=\"https:\/\/www.latramuntana.com\/wp-content\/uploads\/2025\/09\/250911__JRP1664-1-225x300.webp 225w, https:\/\/www.latramuntana.com\/wp-content\/uploads\/2025\/09\/250911__JRP1664-1-768x1024.webp 768w, https:\/\/www.latramuntana.com\/wp-content\/uploads\/2025\/09\/250911__JRP1664-1.webp 1125w\" sizes=\"(max-width: 225px) 100vw, 225px\" \/><\/div><h4><strong>Un recorrido que enamora\u00a0<\/strong><\/h4><p data-start=\"1604\" data-end=\"1850\">El circuito de la <strong data-start=\"1622\" data-end=\"1642\">Tramuntana Trail<\/strong> sorprendi\u00f3 y emocion\u00f3 a partes iguales. Los <strong data-start=\"1687\" data-end=\"1698\">11,4 km<\/strong> llevaron a los participantes por senderos, caminos y pistas de monta\u00f1a, con tramos exigentes que pusieron a prueba la resistencia y la determinaci\u00f3n.<\/p><p data-start=\"1852\" data-end=\"2092\">El <strong data-start=\"1855\" data-end=\"1882\">Castillo de Bellaguarda<\/strong>, s\u00edmbolo hist\u00f3rico que vigila la frontera, fue el punto m\u00e1s emblem\u00e1tico del recorrido. Desde all\u00ed, las vistas panor\u00e1micas sobre toda la llanura del <strong data-start=\"2031\" data-end=\"2042\">Empord\u00e0<\/strong> ofrecieron un regalo visual dif\u00edcil de olvidar.<\/p><p data-start=\"2094\" data-end=\"2337\">La carrera combin\u00f3 la exigencia f\u00edsica con la belleza natural, lo que permiti\u00f3 que corredores experimentados y caminantes aficionados compartieran un mismo esp\u00edritu: <strong data-start=\"2260\" data-end=\"2334\">vivir una experiencia deportiva y emocional en un entorno privilegiado<\/strong>.<\/p><p><img decoding=\"async\" class=\"alignnone size-medium wp-image-12566\" src=\"https:\/\/www.latramuntana.com\/wp-content\/uploads\/2025\/09\/4.1-Recorregut_5-1-300x200.webp\" alt=\"\" width=\"300\" height=\"200\" srcset=\"https:\/\/www.latramuntana.com\/wp-content\/uploads\/2025\/09\/4.1-Recorregut_5-1-300x200.webp 300w, https:\/\/www.latramuntana.com\/wp-content\/uploads\/2025\/09\/4.1-Recorregut_5-1-1024x683.webp 1024w, https:\/\/www.latramuntana.com\/wp-content\/uploads\/2025\/09\/4.1-Recorregut_5-1-768x512.webp 768w, https:\/\/www.latramuntana.com\/wp-content\/uploads\/2025\/09\/4.1-Recorregut_5-1.webp 1500w\" sizes=\"(max-width: 300px) 100vw, 300px\" \/> <img loading=\"lazy\" decoding=\"async\" class=\"alignnone size-medium wp-image-12562\" src=\"https:\/\/www.latramuntana.com\/wp-content\/uploads\/2025\/09\/4.0-Recorregut_2-1-300x225.webp\" alt=\"\" width=\"300\" height=\"225\" srcset=\"https:\/\/www.latramuntana.com\/wp-content\/uploads\/2025\/09\/4.0-Recorregut_2-1-300x225.webp 300w, https:\/\/www.latramuntana.com\/wp-content\/uploads\/2025\/09\/4.0-Recorregut_2-1-1024x768.webp 1024w, https:\/\/www.latramuntana.com\/wp-content\/uploads\/2025\/09\/4.0-Recorregut_2-1-768x576.webp 768w, https:\/\/www.latramuntana.com\/wp-content\/uploads\/2025\/09\/4.0-Recorregut_2-1.webp 1500w\" sizes=\"(max-width: 300px) 100vw, 300px\" \/><\/p><h4><strong>Los protagonistas: podios y reconocimientos<\/strong><\/h4><p>Como en toda carrera, hubo ganadores y podios, pero el esp\u00edritu de la Tramuntana Trail fue m\u00e1s all\u00e1 de las clasificaciones.<\/p><p><img decoding=\"async\" class=\"emoji\" role=\"img\" draggable=\"false\" src=\"https:\/\/s.w.org\/images\/core\/emoji\/16.0.1\/svg\/1f3c5.svg\" alt=\"\ud83c\udfc5\" \/> <strong>Categor\u00eda masculina<\/strong><\/p><ol><li>Josep Pag\u00e8s \u2013 53\u2019<\/li><li>Abdessamad Ait Rahou \u2013 55\u2019<\/li><li>David G\u00f3mez \u2013 56\u2019<\/li><\/ol><div>\u00a0<\/div><div><p><img loading=\"lazy\" decoding=\"async\" class=\"alignnone size-medium wp-image-12570\" src=\"https:\/\/www.latramuntana.com\/wp-content\/uploads\/2025\/09\/4.2-Classificats-femeniClassificats-masculi-1-300x270.webp\" alt=\"\" width=\"300\" height=\"270\" srcset=\"https:\/\/www.latramuntana.com\/wp-content\/uploads\/2025\/09\/4.2-Classificats-femeniClassificats-masculi-1-300x270.webp 300w, https:\/\/www.latramuntana.com\/wp-content\/uploads\/2025\/09\/4.2-Classificats-femeniClassificats-masculi-1-1024x922.webp 1024w, https:\/\/www.latramuntana.com\/wp-content\/uploads\/2025\/09\/4.2-Classificats-femeniClassificats-masculi-1-768x691.webp 768w, https:\/\/www.latramuntana.com\/wp-content\/uploads\/2025\/09\/4.2-Classificats-femeniClassificats-masculi-1.webp 1500w\" sizes=\"(max-width: 300px) 100vw, 300px\" \/><\/p><\/div><p><img decoding=\"async\" class=\"emoji\" role=\"img\" draggable=\"false\" src=\"https:\/\/s.w.org\/images\/core\/emoji\/16.0.1\/svg\/1f3c5.svg\" alt=\"\ud83c\udfc5\" \/> <strong>Categor\u00eda femenina<\/strong><\/p><ol><li>M. \u00c0ngels Carreras \u2013 1h15\u2019<\/li><li>Berta Batlle \u2013 1h23\u2019<\/li><li>Kris Carreras \u2013 1h24\u2019<\/li><\/ol><div>\u00a0<\/div><div><p><img loading=\"lazy\" decoding=\"async\" class=\"alignnone size-medium wp-image-12574\" src=\"https:\/\/www.latramuntana.com\/wp-content\/uploads\/2025\/09\/4.2.1-Classificats-femeni-1-300x228.webp\" alt=\"\" width=\"300\" height=\"228\" srcset=\"https:\/\/www.latramuntana.com\/wp-content\/uploads\/2025\/09\/4.2.1-Classificats-femeni-1-300x228.webp 300w, https:\/\/www.latramuntana.com\/wp-content\/uploads\/2025\/09\/4.2.1-Classificats-femeni-1-1024x777.webp 1024w, https:\/\/www.latramuntana.com\/wp-content\/uploads\/2025\/09\/4.2.1-Classificats-femeni-1-768x583.webp 768w, https:\/\/www.latramuntana.com\/wp-content\/uploads\/2025\/09\/4.2.1-Classificats-femeni-1.webp 1500w\" sizes=\"(max-width: 300px) 100vw, 300px\" \/><\/p><\/div><p><img decoding=\"async\" class=\"emoji\" role=\"img\" draggable=\"false\" src=\"https:\/\/s.w.org\/images\/core\/emoji\/16.0.1\/svg\/1f44f.svg\" alt=\"\ud83d\udc4f\" \/> <strong>Reconocimientos especiales<\/strong><\/p><ul><li><strong>Primeros jonquerenses:<\/strong> David G\u00f3mez y M. \u00c0ngels Carreras<\/li><li><strong>Primeros trabajadores del grupo Tramuntana:<\/strong> Abdessamad Ait Rahou y Luisa Aponte (1h36\u2019)<\/li><\/ul><div>\u00a0<\/div><div><img loading=\"lazy\" decoding=\"async\" class=\"alignnone size-medium wp-image-12586\" src=\"https:\/\/www.latramuntana.com\/wp-content\/uploads\/2025\/09\/250911__JRP2116-1-300x207.webp\" alt=\"\" width=\"300\" height=\"207\" srcset=\"https:\/\/www.latramuntana.com\/wp-content\/uploads\/2025\/09\/250911__JRP2116-1-300x207.webp 300w, https:\/\/www.latramuntana.com\/wp-content\/uploads\/2025\/09\/250911__JRP2116-1-1024x708.webp 1024w, https:\/\/www.latramuntana.com\/wp-content\/uploads\/2025\/09\/250911__JRP2116-1-768x531.webp 768w, https:\/\/www.latramuntana.com\/wp-content\/uploads\/2025\/09\/250911__JRP2116-1.webp 1500w\" sizes=\"(max-width: 300px) 100vw, 300px\" \/><\/div><div>\u00a0<\/div><p>\u00bfQuieres consultar todos los tiempos y clasificaciones? Aqu\u00ed tienes las <strong data-start=\"3181\" data-end=\"3319\"><a class=\"decorated-link\" href=\"https:\/\/www.curses.cat\/classificacions\/classifica.php?url=tramuntanatrail2025\" target=\"_blank\" rel=\"noopener\" data-start=\"3183\" data-end=\"3317\">clasificaciones oficiales de la Tramuntana Trail 2025<\/a><\/strong>.<\/p><p>Estos reconocimientos tuvieron un valor a\u00f1adido: demostrar que la carrera es tambi\u00e9n una manera de <strong data-start=\"3030\" data-end=\"3101\">celebrar el talento local y la implicaci\u00f3n de la familia Tramuntana<\/strong>.<\/p><h4><strong>Una fiesta de deporte y comunidad<\/strong><\/h4><p data-start=\"3369\" data-end=\"3528\">La jornada fue mucho m\u00e1s que una carrera. Desde el primer momento, el ambiente que se vivi\u00f3 en La Jonquera y El Port\u00fas fue el de una <strong data-start=\"3502\" data-end=\"3525\">gran fiesta popular<\/strong>.<\/p><p data-start=\"3530\" data-end=\"3760\">Los <strong data-start=\"3534\" data-end=\"3549\">voluntarios<\/strong> jugaron un papel fundamental: sin ellos nada habr\u00eda sido posible. La organizaci\u00f3n, los puntos de avituallamiento, la seguridad y la animaci\u00f3n a lo largo del recorrido fueron fruto de su esfuerzo y dedicaci\u00f3n.<\/p><p data-start=\"3762\" data-end=\"3945\">El <strong data-start=\"3765\" data-end=\"3776\">p\u00fablico<\/strong> tambi\u00e9n puso su energ\u00eda: familiares, amigos y vecinos salieron a animar a los corredores, creando un ambiente de apoyo y fraternidad que dio alas a los participantes.<\/p><p data-start=\"3947\" data-end=\"4186\">Desde Tramuntana queremos expresar un <strong data-start=\"3985\" data-end=\"4011\">agradecimiento inmenso<\/strong> a todos los que hicieron posible este evento: participantes, voluntarios, colaboradores y, muy especialmente, al <strong data-start=\"4125\" data-end=\"4156\">Ayuntamiento de La Jonquera<\/strong> por su apoyo incondicional.<\/p><p><img loading=\"lazy\" decoding=\"async\" class=\"alignnone size-medium wp-image-12578\" src=\"https:\/\/www.latramuntana.com\/wp-content\/uploads\/2025\/09\/4.3-Recorregut_7-1-300x200.webp\" alt=\"\" width=\"300\" height=\"200\" srcset=\"https:\/\/www.latramuntana.com\/wp-content\/uploads\/2025\/09\/4.3-Recorregut_7-1-300x200.webp 300w, https:\/\/www.latramuntana.com\/wp-content\/uploads\/2025\/09\/4.3-Recorregut_7-1-1024x683.webp 1024w, https:\/\/www.latramuntana.com\/wp-content\/uploads\/2025\/09\/4.3-Recorregut_7-1-768x512.webp 768w, https:\/\/www.latramuntana.com\/wp-content\/uploads\/2025\/09\/4.3-Recorregut_7-1.webp 1500w\" sizes=\"(max-width: 300px) 100vw, 300px\" \/><\/p><h4><strong>Una fecha con simbolismo<\/strong><\/h4><p data-start=\"4224\" data-end=\"4356\">La primera edici\u00f3n de la Tramuntana Trail se celebr\u00f3 en una fecha muy especial: el <strong data-start=\"4307\" data-end=\"4327\">11 de septiembre<\/strong>, D\u00eda Nacional de Catalu\u00f1a.<\/p><p data-start=\"4358\" data-end=\"4633\">Esta coincidencia dio al evento un car\u00e1cter a\u00fan m\u00e1s simb\u00f3lico: una manera de celebrar nuestra identidad, nuestro territorio y la fuerza de nuestra gente. Hacer historia en un d\u00eda tan significativo refuerza a\u00fan m\u00e1s el v\u00ednculo de la carrera con la comunidad y con el Empord\u00e0.<\/p><p><img loading=\"lazy\" decoding=\"async\" class=\"alignnone size-medium wp-image-12554\" src=\"https:\/\/www.latramuntana.com\/wp-content\/uploads\/2025\/09\/3.-Sortida_2-1-300x204.webp\" alt=\"\" width=\"300\" height=\"204\" srcset=\"https:\/\/www.latramuntana.com\/wp-content\/uploads\/2025\/09\/3.-Sortida_2-1-300x204.webp 300w, https:\/\/www.latramuntana.com\/wp-content\/uploads\/2025\/09\/3.-Sortida_2-1-1024x696.webp 1024w, https:\/\/www.latramuntana.com\/wp-content\/uploads\/2025\/09\/3.-Sortida_2-1-768x522.webp 768w, https:\/\/www.latramuntana.com\/wp-content\/uploads\/2025\/09\/3.-Sortida_2-1.webp 1500w\" sizes=\"(max-width: 300px) 100vw, 300px\" \/><\/p><h4 data-start=\"4640\" data-end=\"4685\"><strong>Mirando al futuro: Tramuntana Trail 2026<\/strong><\/h4><p data-start=\"4687\" data-end=\"4885\">Este ha sido solo el <strong data-start=\"4708\" data-end=\"4723\">primer paso<\/strong>. El objetivo de la Tramuntana Trail es consolidarse como una cita anual de referencia en el calendario de <strong data-start=\"4830\" data-end=\"4859\">trail running en Catalu\u00f1a<\/strong> y en el sur de Francia.<\/p><p data-start=\"4887\" data-end=\"5137\">Para 2026, la organizaci\u00f3n ya trabaja con la idea de crecer: m\u00e1s participantes, m\u00e1s difusi\u00f3n y, sobre todo, mantener la esencia que la hace \u00fanica. Una carrera que combina <strong data-start=\"5058\" data-end=\"5082\">deporte y naturaleza<\/strong>, pero que sobre todo es una <strong data-start=\"5111\" data-end=\"5134\">fiesta de comunidad<\/strong>.<\/p>\t\t\t\t\t\t\t\t<\/div>\n\t\t\t\t<\/div>\n\t\t\t\t<div class=\"elementor-element elementor-element-c0df5a5 elementor-widget elementor-widget-text-editor\" data-id=\"c0df5a5\" data-element_type=\"widget\" data-e-type=\"widget\" data-widget_type=\"text-editor.default\">\n\t\t\t\t<div class=\"elementor-widget-container\">\n\t\t\t\t\t\t\t\t\t<p data-start=\"4887\" data-end=\"5137\"><strong>\ud83d\udcf8 Revive la Tramuntana Trail en im\u00e1genes<\/strong><\/p><p data-start=\"5192\" data-end=\"5486\">Las palabras pueden contar mucho, pero las im\u00e1genes capturan la esencia de lo vivido. Por eso hemos preparado una <strong data-start=\"5306\" data-end=\"5336\">galer\u00eda completa en Flickr<\/strong>, con los <strong data-start=\"5346\" data-end=\"5369\">20 mejores momentos<\/strong> y muchas otras fotos que muestran el esfuerzo, las sonrisas y los paisajes espectaculares de esta primera edici\u00f3n.<\/p><p data-start=\"5488\" data-end=\"5542\">\u00a0<\/p>\t\t\t\t\t\t\t\t<\/div>\n\t\t\t\t<\/div>\n\t\t\t\t<div class=\"elementor-element elementor-element-031c39b elementor-hidden-desktop elementor-widget elementor-widget-html\" data-id=\"031c39b\" data-element_type=\"widget\" data-e-type=\"widget\" data-widget_type=\"html.default\">\n\t\t\t\t<div class=\"elementor-widget-container\">\n\t\t\t\t\t<a data-flickr-embed=\"true\" href=\"https:\/\/www.flickr.com\/photos\/203196972@N08\/albums\/72177720328972200\" title=\"Tramuntana Trail\"><img loading=\"lazy\" decoding=\"async\" src=\"https:\/\/live.staticflickr.com\/65535\/54782246993_42ac092cbb.jpg\" width=\"500\" height=\"375\" alt=\"Tramuntana Trail\"\/><\/a><script async src=\"\/\/embedr.flickr.com\/assets\/client-code.js\" charset=\"utf-8\"><\/script>\t\t\t\t<\/div>\n\t\t\t\t<\/div>\n\t\t\t\t<div class=\"elementor-element elementor-element-028de35 elementor-hidden-mobile elementor-widget elementor-widget-html\" data-id=\"028de35\" data-element_type=\"widget\" data-e-type=\"widget\" data-widget_type=\"html.default\">\n\t\t\t\t<div class=\"elementor-widget-container\">\n\t\t\t\t\t<a data-flickr-embed=\"true\" href=\"https:\/\/www.flickr.com\/photos\/203196972@N08\/albums\/72177720328972200\" title=\"Tramuntana Trail\"><img loading=\"lazy\" decoding=\"async\" src=\"https:\/\/live.staticflickr.com\/65535\/54782246993_42ac092cbb_c.jpg\" width=\"800\" height=\"600\" alt=\"Tramuntana Trail\"\/><\/a><script async src=\"\/\/embedr.flickr.com\/assets\/client-code.js\" charset=\"utf-8\"><\/script>\t\t\t\t<\/div>\n\t\t\t\t<\/div>\n\t\t\t\t<div class=\"elementor-element elementor-element-c3b6d88 elementor-widget elementor-widget-heading\" data-id=\"c3b6d88\" data-element_type=\"widget\" data-e-type=\"widget\" data-widget_type=\"heading.default\">\n\t\t\t\t<div class=\"elementor-widget-container\">\n\t\t\t\t\t<h4 class=\"elementor-heading-title elementor-size-default\">Compartir<\/h4>\t\t\t\t<\/div>\n\t\t\t\t<\/div>\n\t\t\t\t<div class=\"elementor-element elementor-element-b919afc elementor-share-buttons--view-icon elementor-share-buttons--shape-rounded elementor-share-buttons--skin-gradient elementor-grid-0 elementor-share-buttons--color-official elementor-widget elementor-widget-share-buttons\" data-id=\"b919afc\" data-element_type=\"widget\" data-e-type=\"widget\" data-widget_type=\"share-buttons.default\">\n\t\t\t\t<div class=\"elementor-widget-container\">\n\t\t\t\t\t\t\t<div class=\"elementor-grid\" role=\"list\">\n\t\t\t\t\t\t\t\t<div class=\"elementor-grid-item\" role=\"listitem\">\n\t\t\t\t\t\t<div class=\"elementor-share-btn elementor-share-btn_whatsapp\" role=\"button\" tabindex=\"0\" aria-label=\"Compartir en whatsapp\">\n\t\t\t\t\t\t\t\t\t\t\t\t\t\t\t<span class=\"elementor-share-btn__icon\">\n\t\t\t\t\t\t\t\t<svg aria-hidden=\"true\" class=\"e-font-icon-svg e-fab-whatsapp\" viewBox=\"0 0 448 512\" xmlns=\"http:\/\/www.w3.org\/2000\/svg\"><path d=\"M380.9 97.1C339 55.1 283.2 32 223.9 32c-122.4 0-222 99.6-222 222 0 39.1 10.2 77.3 29.6 111L0 480l117.7-30.9c32.4 17.7 68.9 27 106.1 27h.1c122.3 0 224.1-99.6 224.1-222 0-59.3-25.2-115-67.1-157zm-157 341.6c-33.2 0-65.7-8.9-94-25.7l-6.7-4-69.8 18.3L72 359.2l-4.4-7c-18.5-29.4-28.2-63.3-28.2-98.2 0-101.7 82.8-184.5 184.6-184.5 49.3 0 95.6 19.2 130.4 54.1 34.8 34.9 56.2 81.2 56.1 130.5 0 101.8-84.9 184.6-186.6 184.6zm101.2-138.2c-5.5-2.8-32.8-16.2-37.9-18-5.1-1.9-8.8-2.8-12.5 2.8-3.7 5.6-14.3 18-17.6 21.8-3.2 3.7-6.5 4.2-12 1.4-32.6-16.3-54-29.1-75.5-66-5.7-9.8 5.7-9.1 16.3-30.3 1.8-3.7.9-6.9-.5-9.7-1.4-2.8-12.5-30.1-17.1-41.2-4.5-10.8-9.1-9.3-12.5-9.5-3.2-.2-6.9-.2-10.6-.2-3.7 0-9.7 1.4-14.8 6.9-5.1 5.6-19.4 19-19.4 46.3 0 27.3 19.9 53.7 22.6 57.4 2.8 3.7 39.1 59.7 94.8 83.8 35.2 15.2 49 16.5 66.6 13.9 10.7-1.6 32.8-13.4 37.4-26.4 4.6-13 4.6-24.1 3.2-26.4-1.3-2.5-5-3.9-10.5-6.6z\"><\/path><\/svg>\t\t\t\t\t\t\t<\/span>\n\t\t\t\t\t\t\t\t\t\t\t\t\t\t\t\t\t\t\t\t<\/div>\n\t\t\t\t\t<\/div>\n\t\t\t\t\t\t\t\t\t<div class=\"elementor-grid-item\" role=\"listitem\">\n\t\t\t\t\t\t<div class=\"elementor-share-btn elementor-share-btn_facebook\" role=\"button\" tabindex=\"0\" aria-label=\"Compartir en facebook\">\n\t\t\t\t\t\t\t\t\t\t\t\t\t\t\t<span class=\"elementor-share-btn__icon\">\n\t\t\t\t\t\t\t\t<svg aria-hidden=\"true\" class=\"e-font-icon-svg e-fab-facebook\" viewBox=\"0 0 512 512\" xmlns=\"http:\/\/www.w3.org\/2000\/svg\"><path d=\"M504 256C504 119 393 8 256 8S8 119 8 256c0 123.78 90.69 226.38 209.25 245V327.69h-63V256h63v-54.64c0-62.15 37-96.48 93.67-96.48 27.14 0 55.52 4.84 55.52 4.84v61h-31.28c-30.8 0-40.41 19.12-40.41 38.73V256h68.78l-11 71.69h-57.78V501C413.31 482.38 504 379.78 504 256z\"><\/path><\/svg>\t\t\t\t\t\t\t<\/span>\n\t\t\t\t\t\t\t\t\t\t\t\t\t\t\t\t\t\t\t\t<\/div>\n\t\t\t\t\t<\/div>\n\t\t\t\t\t\t\t\t\t<div class=\"elementor-grid-item\" role=\"listitem\">\n\t\t\t\t\t\t<div class=\"elementor-share-btn elementor-share-btn_x-twitter\" role=\"button\" tabindex=\"0\" aria-label=\"Compartir en x-twitter\">\n\t\t\t\t\t\t\t\t\t\t\t\t\t\t\t<span class=\"elementor-share-btn__icon\">\n\t\t\t\t\t\t\t\t<svg aria-hidden=\"true\" class=\"e-font-icon-svg e-fab-x-twitter\" viewBox=\"0 0 512 512\" xmlns=\"http:\/\/www.w3.org\/2000\/svg\"><path d=\"M389.2 48h70.6L305.6 224.2 487 464H345L233.7 318.6 106.5 464H35.8L200.7 275.5 26.8 48H172.4L272.9 180.9 389.2 48zM364.4 421.8h39.1L151.1 88h-42L364.4 421.8z\"><\/path><\/svg>\t\t\t\t\t\t\t<\/span>\n\t\t\t\t\t\t\t\t\t\t\t\t\t\t\t\t\t\t\t\t<\/div>\n\t\t\t\t\t<\/div>\n\t\t\t\t\t\t\t\t\t<div class=\"elementor-grid-item\" role=\"listitem\">\n\t\t\t\t\t\t<div class=\"elementor-share-btn elementor-share-btn_linkedin\" role=\"button\" tabindex=\"0\" aria-label=\"Compartir en linkedin\">\n\t\t\t\t\t\t\t\t\t\t\t\t\t\t\t<span class=\"elementor-share-btn__icon\">\n\t\t\t\t\t\t\t\t<svg aria-hidden=\"true\" class=\"e-font-icon-svg e-fab-linkedin\" viewBox=\"0 0 448 512\" xmlns=\"http:\/\/www.w3.org\/2000\/svg\"><path d=\"M416 32H31.9C14.3 32 0 46.5 0 64.3v383.4C0 465.5 14.3 480 31.9 480H416c17.6 0 32-14.5 32-32.3V64.3c0-17.8-14.4-32.3-32-32.3zM135.4 416H69V202.2h66.5V416zm-33.2-243c-21.3 0-38.5-17.3-38.5-38.5S80.9 96 102.2 96c21.2 0 38.5 17.3 38.5 38.5 0 21.3-17.2 38.5-38.5 38.5zm282.1 243h-66.4V312c0-24.8-.5-56.7-34.5-56.7-34.6 0-39.9 27-39.9 54.9V416h-66.4V202.2h63.7v29.2h.9c8.9-16.8 30.6-34.5 62.9-34.5 67.2 0 79.7 44.3 79.7 101.9V416z\"><\/path><\/svg>\t\t\t\t\t\t\t<\/span>\n\t\t\t\t\t\t\t\t\t\t\t\t\t\t\t\t\t\t\t\t<\/div>\n\t\t\t\t\t<\/div>\n\t\t\t\t\t\t<\/div>\n\t\t\t\t\t\t<\/div>\n\t\t\t\t<\/div>\n\t\t\t\t\t<\/div>\n\t\t\t\t<\/div>\n\t\t<div class=\"elementor-element elementor-element-35ac9aa e-flex e-con-boxed e-con e-parent\" data-id=\"35ac9aa\" data-element_type=\"container\" data-e-type=\"container\">\n\t\t\t\t\t<div class=\"e-con-inner\">\n\t\t\t\t\t<\/div>\n\t\t\t\t<\/div>\n\t\t\t\t<\/div>\n\t\t","protected":false},"excerpt":{"rendered":"<p>El pasado 11 de septiembre de 2025 vivimos una jornada que quedar\u00e1 en la memoria colectiva: la primera edici\u00f3n de la Tramuntana Trail, una carrera transfronteriza que uni\u00f3 por primera vez La Jonquera y El Port\u00fas a trav\u00e9s del deporte y la naturaleza. Cerca de 100 participantes, entre corredores y caminantes, completaron los 11,4 km [&hellip;]<\/p>\n","protected":false},"author":3,"featured_media":12618,"comment_status":"open","ping_status":"open","sticky":false,"template":"","format":"standard","meta":{"footnotes":""},"categories":[113],"tags":[],"class_list":["post-12504","post","type-post","status-publish","format-standard","has-post-thumbnail","hentry","category-corporativo"],"yoast_head":"<!-- This site is optimized with the Yoast SEO plugin v27.5 - https:\/\/yoast.com\/product\/yoast-seo-wordpress\/ -->\n<title>Gran participaci\u00f3n en la 1\u00aa Tramuntana Trail 2025<\/title>\n<meta name=\"description\" content=\"La 1\u00aa Tramuntana Trail uni\u00f3 La Jonquera y El Port\u00fas el 11 de septiembre: deporte, naturaleza y comunidad en una jornada hist\u00f3rica.\" \/>\n<meta name=\"robots\" content=\"index, follow, max-snippet:-1, max-image-preview:large, max-video-preview:-1\" \/>\n<link rel=\"canonical\" href=\"https:\/\/www.latramuntana.com\/es\/gran-participacion-en-la-1a-tramuntana-trail-una-jornada-historica-entre-la-jonquera-y-el-portus\/\" \/>\n<meta property=\"og:locale\" content=\"es_ES\" \/>\n<meta property=\"og:type\" content=\"article\" \/>\n<meta property=\"og:title\" content=\"Gran participaci\u00f3n en la 1\u00aa Tramuntana Trail 2025\" \/>\n<meta property=\"og:description\" content=\"La 1\u00aa Tramuntana Trail uni\u00f3 La Jonquera y El Port\u00fas el 11 de septiembre: deporte, naturaleza y comunidad en una jornada hist\u00f3rica.\" \/>\n<meta property=\"og:url\" content=\"https:\/\/www.latramuntana.com\/es\/gran-participacion-en-la-1a-tramuntana-trail-una-jornada-historica-entre-la-jonquera-y-el-portus\/\" \/>\n<meta property=\"og:site_name\" content=\"La Tramuntana\" \/>\n<meta property=\"article:publisher\" content=\"https:\/\/www.facebook.com\/gruptramuntana\" \/>\n<meta property=\"article:published_time\" content=\"2025-09-12T15:42:01+00:00\" \/>\n<meta property=\"article:modified_time\" content=\"2025-09-12T15:57:04+00:00\" \/>\n<meta property=\"og:image\" content=\"https:\/\/www.latramuntana.com\/wp-content\/uploads\/2025\/09\/1.-Portada.webp\" \/>\n\t<meta property=\"og:image:width\" content=\"1500\" \/>\n\t<meta property=\"og:image:height\" content=\"957\" \/>\n\t<meta property=\"og:image:type\" content=\"image\/webp\" \/>\n<meta name=\"author\" content=\"Jonathan Castell\u00f3\" \/>\n<meta name=\"twitter:card\" content=\"summary_large_image\" \/>\n<meta name=\"twitter:label1\" content=\"Escrito por\" \/>\n\t<meta name=\"twitter:data1\" content=\"Jonathan Castell\u00f3\" \/>\n\t<meta name=\"twitter:label2\" content=\"Tiempo de lectura\" \/>\n\t<meta name=\"twitter:data2\" content=\"8 minutos\" \/>\n<script type=\"application\/ld+json\" class=\"yoast-schema-graph\">{\"@context\":\"https:\\\/\\\/schema.org\",\"@graph\":[{\"@type\":\"Article\",\"@id\":\"https:\\\/\\\/www.latramuntana.com\\\/es\\\/gran-participacion-en-la-1a-tramuntana-trail-una-jornada-historica-entre-la-jonquera-y-el-portus\\\/#article\",\"isPartOf\":{\"@id\":\"https:\\\/\\\/www.latramuntana.com\\\/es\\\/gran-participacion-en-la-1a-tramuntana-trail-una-jornada-historica-entre-la-jonquera-y-el-portus\\\/\"},\"author\":{\"name\":\"Jonathan Castell\u00f3\",\"@id\":\"https:\\\/\\\/www.latramuntana.com\\\/es\\\/#\\\/schema\\\/person\\\/cbef6c5fc8e70e3ed2baa1c98f01888a\"},\"headline\":\"Gran participaci\u00f3n en la 1\u00aa Tramuntana Trail: una jornada hist\u00f3rica entre La Jonquera y El Port\u00fas\",\"datePublished\":\"2025-09-12T15:42:01+00:00\",\"dateModified\":\"2025-09-12T15:57:04+00:00\",\"mainEntityOfPage\":{\"@id\":\"https:\\\/\\\/www.latramuntana.com\\\/es\\\/gran-participacion-en-la-1a-tramuntana-trail-una-jornada-historica-entre-la-jonquera-y-el-portus\\\/\"},\"wordCount\":821,\"commentCount\":0,\"publisher\":{\"@id\":\"https:\\\/\\\/www.latramuntana.com\\\/es\\\/#organization\"},\"image\":{\"@id\":\"https:\\\/\\\/www.latramuntana.com\\\/es\\\/gran-participacion-en-la-1a-tramuntana-trail-una-jornada-historica-entre-la-jonquera-y-el-portus\\\/#primaryimage\"},\"thumbnailUrl\":\"https:\\\/\\\/www.latramuntana.com\\\/wp-content\\\/uploads\\\/2025\\\/09\\\/1.-Portada.webp\",\"articleSection\":[\"Corporativo\"],\"inLanguage\":\"es\",\"potentialAction\":[{\"@type\":\"CommentAction\",\"name\":\"Comment\",\"target\":[\"https:\\\/\\\/www.latramuntana.com\\\/es\\\/gran-participacion-en-la-1a-tramuntana-trail-una-jornada-historica-entre-la-jonquera-y-el-portus\\\/#respond\"]}]},{\"@type\":\"WebPage\",\"@id\":\"https:\\\/\\\/www.latramuntana.com\\\/es\\\/gran-participacion-en-la-1a-tramuntana-trail-una-jornada-historica-entre-la-jonquera-y-el-portus\\\/\",\"url\":\"https:\\\/\\\/www.latramuntana.com\\\/es\\\/gran-participacion-en-la-1a-tramuntana-trail-una-jornada-historica-entre-la-jonquera-y-el-portus\\\/\",\"name\":\"Gran participaci\u00f3n en la 1\u00aa Tramuntana Trail 2025\",\"isPartOf\":{\"@id\":\"https:\\\/\\\/www.latramuntana.com\\\/es\\\/#website\"},\"primaryImageOfPage\":{\"@id\":\"https:\\\/\\\/www.latramuntana.com\\\/es\\\/gran-participacion-en-la-1a-tramuntana-trail-una-jornada-historica-entre-la-jonquera-y-el-portus\\\/#primaryimage\"},\"image\":{\"@id\":\"https:\\\/\\\/www.latramuntana.com\\\/es\\\/gran-participacion-en-la-1a-tramuntana-trail-una-jornada-historica-entre-la-jonquera-y-el-portus\\\/#primaryimage\"},\"thumbnailUrl\":\"https:\\\/\\\/www.latramuntana.com\\\/wp-content\\\/uploads\\\/2025\\\/09\\\/1.-Portada.webp\",\"datePublished\":\"2025-09-12T15:42:01+00:00\",\"dateModified\":\"2025-09-12T15:57:04+00:00\",\"description\":\"La 1\u00aa Tramuntana Trail uni\u00f3 La Jonquera y El Port\u00fas el 11 de septiembre: deporte, naturaleza y comunidad en una jornada hist\u00f3rica.\",\"breadcrumb\":{\"@id\":\"https:\\\/\\\/www.latramuntana.com\\\/es\\\/gran-participacion-en-la-1a-tramuntana-trail-una-jornada-historica-entre-la-jonquera-y-el-portus\\\/#breadcrumb\"},\"inLanguage\":\"es\",\"potentialAction\":[{\"@type\":\"ReadAction\",\"target\":[\"https:\\\/\\\/www.latramuntana.com\\\/es\\\/gran-participacion-en-la-1a-tramuntana-trail-una-jornada-historica-entre-la-jonquera-y-el-portus\\\/\"]}]},{\"@type\":\"ImageObject\",\"inLanguage\":\"es\",\"@id\":\"https:\\\/\\\/www.latramuntana.com\\\/es\\\/gran-participacion-en-la-1a-tramuntana-trail-una-jornada-historica-entre-la-jonquera-y-el-portus\\\/#primaryimage\",\"url\":\"https:\\\/\\\/www.latramuntana.com\\\/wp-content\\\/uploads\\\/2025\\\/09\\\/1.-Portada.webp\",\"contentUrl\":\"https:\\\/\\\/www.latramuntana.com\\\/wp-content\\\/uploads\\\/2025\\\/09\\\/1.-Portada.webp\",\"width\":1500,\"height\":957},{\"@type\":\"BreadcrumbList\",\"@id\":\"https:\\\/\\\/www.latramuntana.com\\\/es\\\/gran-participacion-en-la-1a-tramuntana-trail-una-jornada-historica-entre-la-jonquera-y-el-portus\\\/#breadcrumb\",\"itemListElement\":[{\"@type\":\"ListItem\",\"position\":1,\"name\":\"Portada\",\"item\":\"https:\\\/\\\/www.latramuntana.com\\\/es\\\/\"},{\"@type\":\"ListItem\",\"position\":2,\"name\":\"Gran participaci\u00f3n en la 1\u00aa Tramuntana Trail: una jornada hist\u00f3rica entre La Jonquera y El Port\u00fas\"}]},{\"@type\":\"WebSite\",\"@id\":\"https:\\\/\\\/www.latramuntana.com\\\/es\\\/#website\",\"url\":\"https:\\\/\\\/www.latramuntana.com\\\/es\\\/\",\"name\":\"La Tramuntana\",\"description\":\"\",\"publisher\":{\"@id\":\"https:\\\/\\\/www.latramuntana.com\\\/es\\\/#organization\"},\"potentialAction\":[{\"@type\":\"SearchAction\",\"target\":{\"@type\":\"EntryPoint\",\"urlTemplate\":\"https:\\\/\\\/www.latramuntana.com\\\/es\\\/?s={search_term_string}\"},\"query-input\":{\"@type\":\"PropertyValueSpecification\",\"valueRequired\":true,\"valueName\":\"search_term_string\"}}],\"inLanguage\":\"es\"},{\"@type\":\"Organization\",\"@id\":\"https:\\\/\\\/www.latramuntana.com\\\/es\\\/#organization\",\"name\":\"La Tramuntana\",\"url\":\"https:\\\/\\\/www.latramuntana.com\\\/es\\\/\",\"logo\":{\"@type\":\"ImageObject\",\"inLanguage\":\"es\",\"@id\":\"https:\\\/\\\/www.latramuntana.com\\\/es\\\/#\\\/schema\\\/logo\\\/image\\\/\",\"url\":\"https:\\\/\\\/www.latramuntana.com\\\/wp-content\\\/uploads\\\/2024\\\/06\\\/latramuntana-logo.svg\",\"contentUrl\":\"https:\\\/\\\/www.latramuntana.com\\\/wp-content\\\/uploads\\\/2024\\\/06\\\/latramuntana-logo.svg\",\"width\":500,\"height\":55,\"caption\":\"La Tramuntana\"},\"image\":{\"@id\":\"https:\\\/\\\/www.latramuntana.com\\\/es\\\/#\\\/schema\\\/logo\\\/image\\\/\"},\"sameAs\":[\"https:\\\/\\\/www.facebook.com\\\/gruptramuntana\",\"https:\\\/\\\/www.instagram.com\\\/gruptramuntana\\\/\",\"https:\\\/\\\/www.linkedin.com\\\/company\\\/gruptramuntana\\\/\"]},{\"@type\":\"Person\",\"@id\":\"https:\\\/\\\/www.latramuntana.com\\\/es\\\/#\\\/schema\\\/person\\\/cbef6c5fc8e70e3ed2baa1c98f01888a\",\"name\":\"Jonathan Castell\u00f3\",\"image\":{\"@type\":\"ImageObject\",\"inLanguage\":\"es\",\"@id\":\"https:\\\/\\\/secure.gravatar.com\\\/avatar\\\/177c70ebf51c7857f92a2abf788941161ab11be71331a2ac62c0879e02200fdc?s=96&d=mm&r=g\",\"url\":\"https:\\\/\\\/secure.gravatar.com\\\/avatar\\\/177c70ebf51c7857f92a2abf788941161ab11be71331a2ac62c0879e02200fdc?s=96&d=mm&r=g\",\"contentUrl\":\"https:\\\/\\\/secure.gravatar.com\\\/avatar\\\/177c70ebf51c7857f92a2abf788941161ab11be71331a2ac62c0879e02200fdc?s=96&d=mm&r=g\",\"caption\":\"Jonathan Castell\u00f3\"},\"sameAs\":[\"https:\\\/\\\/www.latramuntana.com\"]}]}<\/script>\n<!-- \/ Yoast SEO plugin. -->","yoast_head_json":{"title":"Gran participaci\u00f3n en la 1\u00aa Tramuntana Trail 2025","description":"La 1\u00aa Tramuntana Trail uni\u00f3 La Jonquera y El Port\u00fas el 11 de septiembre: deporte, naturaleza y comunidad en una jornada hist\u00f3rica.","robots":{"index":"index","follow":"follow","max-snippet":"max-snippet:-1","max-image-preview":"max-image-preview:large","max-video-preview":"max-video-preview:-1"},"canonical":"https:\/\/www.latramuntana.com\/es\/gran-participacion-en-la-1a-tramuntana-trail-una-jornada-historica-entre-la-jonquera-y-el-portus\/","og_locale":"es_ES","og_type":"article","og_title":"Gran participaci\u00f3n en la 1\u00aa Tramuntana Trail 2025","og_description":"La 1\u00aa Tramuntana Trail uni\u00f3 La Jonquera y El Port\u00fas el 11 de septiembre: deporte, naturaleza y comunidad en una jornada hist\u00f3rica.","og_url":"https:\/\/www.latramuntana.com\/es\/gran-participacion-en-la-1a-tramuntana-trail-una-jornada-historica-entre-la-jonquera-y-el-portus\/","og_site_name":"La Tramuntana","article_publisher":"https:\/\/www.facebook.com\/gruptramuntana","article_published_time":"2025-09-12T15:42:01+00:00","article_modified_time":"2025-09-12T15:57:04+00:00","og_image":[{"width":1500,"height":957,"url":"https:\/\/www.latramuntana.com\/wp-content\/uploads\/2025\/09\/1.-Portada.webp","type":"image\/webp"}],"author":"Jonathan Castell\u00f3","twitter_card":"summary_large_image","twitter_misc":{"Escrito por":"Jonathan Castell\u00f3","Tiempo de lectura":"8 minutos"},"schema":{"@context":"https:\/\/schema.org","@graph":[{"@type":"Article","@id":"https:\/\/www.latramuntana.com\/es\/gran-participacion-en-la-1a-tramuntana-trail-una-jornada-historica-entre-la-jonquera-y-el-portus\/#article","isPartOf":{"@id":"https:\/\/www.latramuntana.com\/es\/gran-participacion-en-la-1a-tramuntana-trail-una-jornada-historica-entre-la-jonquera-y-el-portus\/"},"author":{"name":"Jonathan Castell\u00f3","@id":"https:\/\/www.latramuntana.com\/es\/#\/schema\/person\/cbef6c5fc8e70e3ed2baa1c98f01888a"},"headline":"Gran participaci\u00f3n en la 1\u00aa Tramuntana Trail: una jornada hist\u00f3rica entre La Jonquera y El Port\u00fas","datePublished":"2025-09-12T15:42:01+00:00","dateModified":"2025-09-12T15:57:04+00:00","mainEntityOfPage":{"@id":"https:\/\/www.latramuntana.com\/es\/gran-participacion-en-la-1a-tramuntana-trail-una-jornada-historica-entre-la-jonquera-y-el-portus\/"},"wordCount":821,"commentCount":0,"publisher":{"@id":"https:\/\/www.latramuntana.com\/es\/#organization"},"image":{"@id":"https:\/\/www.latramuntana.com\/es\/gran-participacion-en-la-1a-tramuntana-trail-una-jornada-historica-entre-la-jonquera-y-el-portus\/#primaryimage"},"thumbnailUrl":"https:\/\/www.latramuntana.com\/wp-content\/uploads\/2025\/09\/1.-Portada.webp","articleSection":["Corporativo"],"inLanguage":"es","potentialAction":[{"@type":"CommentAction","name":"Comment","target":["https:\/\/www.latramuntana.com\/es\/gran-participacion-en-la-1a-tramuntana-trail-una-jornada-historica-entre-la-jonquera-y-el-portus\/#respond"]}]},{"@type":"WebPage","@id":"https:\/\/www.latramuntana.com\/es\/gran-participacion-en-la-1a-tramuntana-trail-una-jornada-historica-entre-la-jonquera-y-el-portus\/","url":"https:\/\/www.latramuntana.com\/es\/gran-participacion-en-la-1a-tramuntana-trail-una-jornada-historica-entre-la-jonquera-y-el-portus\/","name":"Gran participaci\u00f3n en la 1\u00aa Tramuntana Trail 2025","isPartOf":{"@id":"https:\/\/www.latramuntana.com\/es\/#website"},"primaryImageOfPage":{"@id":"https:\/\/www.latramuntana.com\/es\/gran-participacion-en-la-1a-tramuntana-trail-una-jornada-historica-entre-la-jonquera-y-el-portus\/#primaryimage"},"image":{"@id":"https:\/\/www.latramuntana.com\/es\/gran-participacion-en-la-1a-tramuntana-trail-una-jornada-historica-entre-la-jonquera-y-el-portus\/#primaryimage"},"thumbnailUrl":"https:\/\/www.latramuntana.com\/wp-content\/uploads\/2025\/09\/1.-Portada.webp","datePublished":"2025-09-12T15:42:01+00:00","dateModified":"2025-09-12T15:57:04+00:00","description":"La 1\u00aa Tramuntana Trail uni\u00f3 La Jonquera y El Port\u00fas el 11 de septiembre: deporte, naturaleza y comunidad en una jornada hist\u00f3rica.","breadcrumb":{"@id":"https:\/\/www.latramuntana.com\/es\/gran-participacion-en-la-1a-tramuntana-trail-una-jornada-historica-entre-la-jonquera-y-el-portus\/#breadcrumb"},"inLanguage":"es","potentialAction":[{"@type":"ReadAction","target":["https:\/\/www.latramuntana.com\/es\/gran-participacion-en-la-1a-tramuntana-trail-una-jornada-historica-entre-la-jonquera-y-el-portus\/"]}]},{"@type":"ImageObject","inLanguage":"es","@id":"https:\/\/www.latramuntana.com\/es\/gran-participacion-en-la-1a-tramuntana-trail-una-jornada-historica-entre-la-jonquera-y-el-portus\/#primaryimage","url":"https:\/\/www.latramuntana.com\/wp-content\/uploads\/2025\/09\/1.-Portada.webp","contentUrl":"https:\/\/www.latramuntana.com\/wp-content\/uploads\/2025\/09\/1.-Portada.webp","width":1500,"height":957},{"@type":"BreadcrumbList","@id":"https:\/\/www.latramuntana.com\/es\/gran-participacion-en-la-1a-tramuntana-trail-una-jornada-historica-entre-la-jonquera-y-el-portus\/#breadcrumb","itemListElement":[{"@type":"ListItem","position":1,"name":"Portada","item":"https:\/\/www.latramuntana.com\/es\/"},{"@type":"ListItem","position":2,"name":"Gran participaci\u00f3n en la 1\u00aa Tramuntana Trail: una jornada hist\u00f3rica entre La Jonquera y El Port\u00fas"}]},{"@type":"WebSite","@id":"https:\/\/www.latramuntana.com\/es\/#website","url":"https:\/\/www.latramuntana.com\/es\/","name":"La Tramuntana","description":"","publisher":{"@id":"https:\/\/www.latramuntana.com\/es\/#organization"},"potentialAction":[{"@type":"SearchAction","target":{"@type":"EntryPoint","urlTemplate":"https:\/\/www.latramuntana.com\/es\/?s={search_term_string}"},"query-input":{"@type":"PropertyValueSpecification","valueRequired":true,"valueName":"search_term_string"}}],"inLanguage":"es"},{"@type":"Organization","@id":"https:\/\/www.latramuntana.com\/es\/#organization","name":"La Tramuntana","url":"https:\/\/www.latramuntana.com\/es\/","logo":{"@type":"ImageObject","inLanguage":"es","@id":"https:\/\/www.latramuntana.com\/es\/#\/schema\/logo\/image\/","url":"https:\/\/www.latramuntana.com\/wp-content\/uploads\/2024\/06\/latramuntana-logo.svg","contentUrl":"https:\/\/www.latramuntana.com\/wp-content\/uploads\/2024\/06\/latramuntana-logo.svg","width":500,"height":55,"caption":"La Tramuntana"},"image":{"@id":"https:\/\/www.latramuntana.com\/es\/#\/schema\/logo\/image\/"},"sameAs":["https:\/\/www.facebook.com\/gruptramuntana","https:\/\/www.instagram.com\/gruptramuntana\/","https:\/\/www.linkedin.com\/company\/gruptramuntana\/"]},{"@type":"Person","@id":"https:\/\/www.latramuntana.com\/es\/#\/schema\/person\/cbef6c5fc8e70e3ed2baa1c98f01888a","name":"Jonathan Castell\u00f3","image":{"@type":"ImageObject","inLanguage":"es","@id":"https:\/\/secure.gravatar.com\/avatar\/177c70ebf51c7857f92a2abf788941161ab11be71331a2ac62c0879e02200fdc?s=96&d=mm&r=g","url":"https:\/\/secure.gravatar.com\/avatar\/177c70ebf51c7857f92a2abf788941161ab11be71331a2ac62c0879e02200fdc?s=96&d=mm&r=g","contentUrl":"https:\/\/secure.gravatar.com\/avatar\/177c70ebf51c7857f92a2abf788941161ab11be71331a2ac62c0879e02200fdc?s=96&d=mm&r=g","caption":"Jonathan Castell\u00f3"},"sameAs":["https:\/\/www.latramuntana.com"]}]}},"_links":{"self":[{"href":"https:\/\/www.latramuntana.com\/es\/wp-json\/wp\/v2\/posts\/12504","targetHints":{"allow":["GET"]}}],"collection":[{"href":"https:\/\/www.latramuntana.com\/es\/wp-json\/wp\/v2\/posts"}],"about":[{"href":"https:\/\/www.latramuntana.com\/es\/wp-json\/wp\/v2\/types\/post"}],"author":[{"embeddable":true,"href":"https:\/\/www.latramuntana.com\/es\/wp-json\/wp\/v2\/users\/3"}],"replies":[{"embeddable":true,"href":"https:\/\/www.latramuntana.com\/es\/wp-json\/wp\/v2\/comments?post=12504"}],"version-history":[{"count":5,"href":"https:\/\/www.latramuntana.com\/es\/wp-json\/wp\/v2\/posts\/12504\/revisions"}],"predecessor-version":[{"id":12629,"href":"https:\/\/www.latramuntana.com\/es\/wp-json\/wp\/v2\/posts\/12504\/revisions\/12629"}],"wp:featuredmedia":[{"embeddable":true,"href":"https:\/\/www.latramuntana.com\/es\/wp-json\/wp\/v2\/media\/12618"}],"wp:attachment":[{"href":"https:\/\/www.latramuntana.com\/es\/wp-json\/wp\/v2\/media?parent=12504"}],"wp:term":[{"taxonomy":"category","embeddable":true,"href":"https:\/\/www.latramuntana.com\/es\/wp-json\/wp\/v2\/categories?post=12504"},{"taxonomy":"post_tag","embeddable":true,"href":"https:\/\/www.latramuntana.com\/es\/wp-json\/wp\/v2\/tags?post=12504"}],"curies":[{"name":"wp","href":"https:\/\/api.w.org\/{rel}","templated":true}]}}