{"id":7196,"date":"2020-07-15T20:26:21","date_gmt":"2020-07-15T18:26:21","guid":{"rendered":"https:\/\/www.latramuntana.com\/fastgood-a-el-portus\/"},"modified":"2025-02-13T17:31:20","modified_gmt":"2025-02-13T16:31:20","slug":"fastgood-a-el-portus","status":"publish","type":"post","link":"https:\/\/www.latramuntana.com\/es\/fastgood-a-el-portus\/","title":{"rendered":"FastGood a El Port\u00fas"},"content":{"rendered":"<div class=\"text-justify my-2 my-lg-4 w-100\">\n<p>El t\u00e9rmino \u201cfast-good\u201d ya hace a\u00f1os que est\u00e1 presente entre nosotros como un tipo de comida. La comida r\u00e1pida ya hace tiempo que dej\u00f3 de ser da\u00f1ina para transformarse en \u201cgood\u201d. Es por eso que decidimos crear Fast-Good.<\/p>\n<p>Un peque\u00f1o local situado en la calle principal del Port\u00fas donde ofrecemos productos hechos con alimentos de primero calidad y de proximidad. Queremos ofrecer a nuestros clientes la posibilidad de comer r\u00e1pido pero sin renunciar a un gran sabor.<\/p>\n<p>Nuestro compromiso es ser, d\u00eda tras d\u00eda, artesanos modernos: personas apasionadas por el que hacen, personas con oficio y experiencia. Este compromiso que tenemos con la calidad empieza con la selecci\u00f3n del producto, contin\u00faa con la elaboraci\u00f3n propia y culmina en la cocina del establecimiento, donde elaboramos diariamente los bocadillos, wraps, pizzas, hamburguesas y otros productos que servimos a nuestros clientes.<\/p>\n<p>Nuestro objetivo diario es que nuestros clientes est\u00e9n satisfechos, intentando conseguirlo d\u00eda tras d\u00eda, con productos de m\u00e1xima calidad y con un servicio amable y atento. Sabemos que solo la excelencia y la satisfacci\u00f3n de todos los miembros del equipo del Fast-Good permitir\u00e1 que m\u00e1s clientes nos visiten. Conseguimos la excelencia trabajando con rigor y de manera constante. Fomentamos la satisfacci\u00f3n posando pasi\u00f3n e ilusi\u00f3n en todos los productos y en todo el que basura. Porque nos sentimos orgullosos del trabajo muy hecho e ilusionados con este nuevo proyecto.<\/p>\n<p>La excelencia y la satisfacci\u00f3n, los dos ejes clave del equipo del Fast-Good, son el resultado de las acciones y decisiones diarias guiadas por nuestros valores de equipo: ilusi\u00f3n, responsabilidad, respeto y aprendizaje. Cuatro conceptos sencillos que nos dan car\u00e1cter propio, personalidad y sentimiento de comunidad. Cuatro conceptos sencillos que nos ayudan a trabajar en equipo y a ir todos a una.<\/p>\n<\/div>\n<figure class=\"col-12 col-md-10 col-lg-9 p-0\"><img fetchpriority=\"high\" decoding=\"async\" class=\"size-full wp-image-10157 aligncenter\" src=\"https:\/\/www.latramuntana.com\/wp-content\/uploads\/2020\/07\/2.png\" alt=\"\" width=\"700\" height=\"500\" srcset=\"https:\/\/www.latramuntana.com\/wp-content\/uploads\/2020\/07\/2.png 700w, https:\/\/www.latramuntana.com\/wp-content\/uploads\/2020\/07\/2-300x214.png 300w\" sizes=\"(max-width: 700px) 100vw, 700px\" \/><\/figure>\n","protected":false},"excerpt":{"rendered":"<p>El t\u00e9rmino \u201cfast-good\u201d ya hace a\u00f1os que est\u00e1 presente entre nosotros como un tipo de comida. La comida r\u00e1pida ya hace tiempo que dej\u00f3 de ser da\u00f1ina para transformarse en \u201cgood\u201d. Es por eso que decidimos crear Fast-Good. Un peque\u00f1o local situado en la calle principal del Port\u00fas donde ofrecemos productos hechos con alimentos de [&hellip;]<\/p>\n","protected":false},"author":1,"featured_media":6016,"comment_status":"open","ping_status":"open","sticky":false,"template":"","format":"standard","meta":{"footnotes":""},"categories":[52],"tags":[],"class_list":["post-7196","post","type-post","status-publish","format-standard","has-post-thumbnail","hentry","category-restaurantes"],"yoast_head":"<!-- This site is optimized with the Yoast SEO plugin v27.5 - https:\/\/yoast.com\/product\/yoast-seo-wordpress\/ -->\n<title>FastGood a El Port\u00fas - La Tramuntana<\/title>\n<meta name=\"robots\" content=\"index, follow, max-snippet:-1, max-image-preview:large, max-video-preview:-1\" \/>\n<link rel=\"canonical\" href=\"https:\/\/www.latramuntana.com\/es\/fastgood-a-el-portus\/\" \/>\n<meta property=\"og:locale\" content=\"es_ES\" \/>\n<meta property=\"og:type\" content=\"article\" \/>\n<meta property=\"og:title\" content=\"FastGood a El Port\u00fas - La Tramuntana\" \/>\n<meta property=\"og:description\" content=\"El t\u00e9rmino \u201cfast-good\u201d ya hace a\u00f1os que est\u00e1 presente entre nosotros como un tipo de comida. La comida r\u00e1pida ya hace tiempo que dej\u00f3 de ser da\u00f1ina para transformarse en \u201cgood\u201d. Es por eso que decidimos crear Fast-Good. Un peque\u00f1o local situado en la calle principal del Port\u00fas donde ofrecemos productos hechos con alimentos de [&hellip;]\" \/>\n<meta property=\"og:url\" content=\"https:\/\/www.latramuntana.com\/es\/fastgood-a-el-portus\/\" \/>\n<meta property=\"og:site_name\" content=\"La Tramuntana\" \/>\n<meta property=\"article:publisher\" content=\"https:\/\/www.facebook.com\/gruptramuntana\" \/>\n<meta property=\"article:published_time\" content=\"2020-07-15T18:26:21+00:00\" \/>\n<meta property=\"article:modified_time\" content=\"2025-02-13T16:31:20+00:00\" \/>\n<meta property=\"og:image\" content=\"https:\/\/www.latramuntana.com\/wp-content\/uploads\/2024\/11\/FastGood-a-El-Portus.webp\" \/>\n\t<meta property=\"og:image:width\" content=\"700\" \/>\n\t<meta property=\"og:image:height\" content=\"500\" \/>\n\t<meta property=\"og:image:type\" content=\"image\/png\" \/>\n<meta name=\"author\" content=\"Connectalia\" \/>\n<meta name=\"twitter:card\" content=\"summary_large_image\" \/>\n<meta name=\"twitter:label1\" content=\"Escrito por\" \/>\n\t<meta name=\"twitter:data1\" content=\"Connectalia\" \/>\n\t<meta name=\"twitter:label2\" content=\"Tiempo de lectura\" \/>\n\t<meta name=\"twitter:data2\" content=\"2 minutos\" \/>\n<script type=\"application\/ld+json\" class=\"yoast-schema-graph\">{\"@context\":\"https:\\\/\\\/schema.org\",\"@graph\":[{\"@type\":\"Article\",\"@id\":\"https:\\\/\\\/www.latramuntana.com\\\/es\\\/fastgood-a-el-portus\\\/#article\",\"isPartOf\":{\"@id\":\"https:\\\/\\\/www.latramuntana.com\\\/es\\\/fastgood-a-el-portus\\\/\"},\"author\":{\"name\":\"Connectalia\",\"@id\":\"https:\\\/\\\/www.latramuntana.com\\\/es\\\/#\\\/schema\\\/person\\\/2e0d00b145fb3c044ce65acd115dbd18\"},\"headline\":\"FastGood a El Port\u00fas\",\"datePublished\":\"2020-07-15T18:26:21+00:00\",\"dateModified\":\"2025-02-13T16:31:20+00:00\",\"mainEntityOfPage\":{\"@id\":\"https:\\\/\\\/www.latramuntana.com\\\/es\\\/fastgood-a-el-portus\\\/\"},\"wordCount\":318,\"commentCount\":0,\"publisher\":{\"@id\":\"https:\\\/\\\/www.latramuntana.com\\\/es\\\/#organization\"},\"image\":{\"@id\":\"https:\\\/\\\/www.latramuntana.com\\\/es\\\/fastgood-a-el-portus\\\/#primaryimage\"},\"thumbnailUrl\":\"https:\\\/\\\/www.latramuntana.com\\\/wp-content\\\/uploads\\\/2024\\\/11\\\/FastGood-a-El-Portus.webp\",\"articleSection\":[\"Restaurantes\"],\"inLanguage\":\"es\",\"potentialAction\":[{\"@type\":\"CommentAction\",\"name\":\"Comment\",\"target\":[\"https:\\\/\\\/www.latramuntana.com\\\/es\\\/fastgood-a-el-portus\\\/#respond\"]}]},{\"@type\":\"WebPage\",\"@id\":\"https:\\\/\\\/www.latramuntana.com\\\/es\\\/fastgood-a-el-portus\\\/\",\"url\":\"https:\\\/\\\/www.latramuntana.com\\\/es\\\/fastgood-a-el-portus\\\/\",\"name\":\"FastGood a El Port\u00fas - La Tramuntana\",\"isPartOf\":{\"@id\":\"https:\\\/\\\/www.latramuntana.com\\\/es\\\/#website\"},\"primaryImageOfPage\":{\"@id\":\"https:\\\/\\\/www.latramuntana.com\\\/es\\\/fastgood-a-el-portus\\\/#primaryimage\"},\"image\":{\"@id\":\"https:\\\/\\\/www.latramuntana.com\\\/es\\\/fastgood-a-el-portus\\\/#primaryimage\"},\"thumbnailUrl\":\"https:\\\/\\\/www.latramuntana.com\\\/wp-content\\\/uploads\\\/2024\\\/11\\\/FastGood-a-El-Portus.webp\",\"datePublished\":\"2020-07-15T18:26:21+00:00\",\"dateModified\":\"2025-02-13T16:31:20+00:00\",\"breadcrumb\":{\"@id\":\"https:\\\/\\\/www.latramuntana.com\\\/es\\\/fastgood-a-el-portus\\\/#breadcrumb\"},\"inLanguage\":\"es\",\"potentialAction\":[{\"@type\":\"ReadAction\",\"target\":[\"https:\\\/\\\/www.latramuntana.com\\\/es\\\/fastgood-a-el-portus\\\/\"]}]},{\"@type\":\"ImageObject\",\"inLanguage\":\"es\",\"@id\":\"https:\\\/\\\/www.latramuntana.com\\\/es\\\/fastgood-a-el-portus\\\/#primaryimage\",\"url\":\"https:\\\/\\\/www.latramuntana.com\\\/wp-content\\\/uploads\\\/2024\\\/11\\\/FastGood-a-El-Portus.webp\",\"contentUrl\":\"https:\\\/\\\/www.latramuntana.com\\\/wp-content\\\/uploads\\\/2024\\\/11\\\/FastGood-a-El-Portus.webp\",\"width\":700,\"height\":500,\"caption\":\"Fa\u00e7ana de Fast Good La Jonquera amb paret verda i bancs llargs\"},{\"@type\":\"BreadcrumbList\",\"@id\":\"https:\\\/\\\/www.latramuntana.com\\\/es\\\/fastgood-a-el-portus\\\/#breadcrumb\",\"itemListElement\":[{\"@type\":\"ListItem\",\"position\":1,\"name\":\"Portada\",\"item\":\"https:\\\/\\\/www.latramuntana.com\\\/es\\\/\"},{\"@type\":\"ListItem\",\"position\":2,\"name\":\"FastGood a El Port\u00fas\"}]},{\"@type\":\"WebSite\",\"@id\":\"https:\\\/\\\/www.latramuntana.com\\\/es\\\/#website\",\"url\":\"https:\\\/\\\/www.latramuntana.com\\\/es\\\/\",\"name\":\"La Tramuntana\",\"description\":\"\",\"publisher\":{\"@id\":\"https:\\\/\\\/www.latramuntana.com\\\/es\\\/#organization\"},\"potentialAction\":[{\"@type\":\"SearchAction\",\"target\":{\"@type\":\"EntryPoint\",\"urlTemplate\":\"https:\\\/\\\/www.latramuntana.com\\\/es\\\/?s={search_term_string}\"},\"query-input\":{\"@type\":\"PropertyValueSpecification\",\"valueRequired\":true,\"valueName\":\"search_term_string\"}}],\"inLanguage\":\"es\"},{\"@type\":\"Organization\",\"@id\":\"https:\\\/\\\/www.latramuntana.com\\\/es\\\/#organization\",\"name\":\"La Tramuntana\",\"url\":\"https:\\\/\\\/www.latramuntana.com\\\/es\\\/\",\"logo\":{\"@type\":\"ImageObject\",\"inLanguage\":\"es\",\"@id\":\"https:\\\/\\\/www.latramuntana.com\\\/es\\\/#\\\/schema\\\/logo\\\/image\\\/\",\"url\":\"https:\\\/\\\/www.latramuntana.com\\\/wp-content\\\/uploads\\\/2024\\\/06\\\/latramuntana-logo.svg\",\"contentUrl\":\"https:\\\/\\\/www.latramuntana.com\\\/wp-content\\\/uploads\\\/2024\\\/06\\\/latramuntana-logo.svg\",\"width\":500,\"height\":55,\"caption\":\"La Tramuntana\"},\"image\":{\"@id\":\"https:\\\/\\\/www.latramuntana.com\\\/es\\\/#\\\/schema\\\/logo\\\/image\\\/\"},\"sameAs\":[\"https:\\\/\\\/www.facebook.com\\\/gruptramuntana\",\"https:\\\/\\\/www.instagram.com\\\/gruptramuntana\\\/\",\"https:\\\/\\\/www.linkedin.com\\\/company\\\/gruptramuntana\\\/\"]},{\"@type\":\"Person\",\"@id\":\"https:\\\/\\\/www.latramuntana.com\\\/es\\\/#\\\/schema\\\/person\\\/2e0d00b145fb3c044ce65acd115dbd18\",\"name\":\"Connectalia\",\"image\":{\"@type\":\"ImageObject\",\"inLanguage\":\"es\",\"@id\":\"https:\\\/\\\/secure.gravatar.com\\\/avatar\\\/ead0f7c0e4f7198d7ef6b804f047d07ba9a01858dc2effda64980328bcf723db?s=96&d=mm&r=g\",\"url\":\"https:\\\/\\\/secure.gravatar.com\\\/avatar\\\/ead0f7c0e4f7198d7ef6b804f047d07ba9a01858dc2effda64980328bcf723db?s=96&d=mm&r=g\",\"contentUrl\":\"https:\\\/\\\/secure.gravatar.com\\\/avatar\\\/ead0f7c0e4f7198d7ef6b804f047d07ba9a01858dc2effda64980328bcf723db?s=96&d=mm&r=g\",\"caption\":\"Connectalia\"}}]}<\/script>\n<!-- \/ Yoast SEO plugin. -->","yoast_head_json":{"title":"FastGood a El Port\u00fas - La Tramuntana","robots":{"index":"index","follow":"follow","max-snippet":"max-snippet:-1","max-image-preview":"max-image-preview:large","max-video-preview":"max-video-preview:-1"},"canonical":"https:\/\/www.latramuntana.com\/es\/fastgood-a-el-portus\/","og_locale":"es_ES","og_type":"article","og_title":"FastGood a El Port\u00fas - La Tramuntana","og_description":"El t\u00e9rmino \u201cfast-good\u201d ya hace a\u00f1os que est\u00e1 presente entre nosotros como un tipo de comida. La comida r\u00e1pida ya hace tiempo que dej\u00f3 de ser da\u00f1ina para transformarse en \u201cgood\u201d. Es por eso que decidimos crear Fast-Good. Un peque\u00f1o local situado en la calle principal del Port\u00fas donde ofrecemos productos hechos con alimentos de [&hellip;]","og_url":"https:\/\/www.latramuntana.com\/es\/fastgood-a-el-portus\/","og_site_name":"La Tramuntana","article_publisher":"https:\/\/www.facebook.com\/gruptramuntana","article_published_time":"2020-07-15T18:26:21+00:00","article_modified_time":"2025-02-13T16:31:20+00:00","og_image":[{"width":700,"height":500,"url":"https:\/\/www.latramuntana.com\/wp-content\/uploads\/2024\/11\/FastGood-a-El-Portus.webp","type":"image\/png"}],"author":"Connectalia","twitter_card":"summary_large_image","twitter_misc":{"Escrito por":"Connectalia","Tiempo de lectura":"2 minutos"},"schema":{"@context":"https:\/\/schema.org","@graph":[{"@type":"Article","@id":"https:\/\/www.latramuntana.com\/es\/fastgood-a-el-portus\/#article","isPartOf":{"@id":"https:\/\/www.latramuntana.com\/es\/fastgood-a-el-portus\/"},"author":{"name":"Connectalia","@id":"https:\/\/www.latramuntana.com\/es\/#\/schema\/person\/2e0d00b145fb3c044ce65acd115dbd18"},"headline":"FastGood a El Port\u00fas","datePublished":"2020-07-15T18:26:21+00:00","dateModified":"2025-02-13T16:31:20+00:00","mainEntityOfPage":{"@id":"https:\/\/www.latramuntana.com\/es\/fastgood-a-el-portus\/"},"wordCount":318,"commentCount":0,"publisher":{"@id":"https:\/\/www.latramuntana.com\/es\/#organization"},"image":{"@id":"https:\/\/www.latramuntana.com\/es\/fastgood-a-el-portus\/#primaryimage"},"thumbnailUrl":"https:\/\/www.latramuntana.com\/wp-content\/uploads\/2024\/11\/FastGood-a-El-Portus.webp","articleSection":["Restaurantes"],"inLanguage":"es","potentialAction":[{"@type":"CommentAction","name":"Comment","target":["https:\/\/www.latramuntana.com\/es\/fastgood-a-el-portus\/#respond"]}]},{"@type":"WebPage","@id":"https:\/\/www.latramuntana.com\/es\/fastgood-a-el-portus\/","url":"https:\/\/www.latramuntana.com\/es\/fastgood-a-el-portus\/","name":"FastGood a El Port\u00fas - La Tramuntana","isPartOf":{"@id":"https:\/\/www.latramuntana.com\/es\/#website"},"primaryImageOfPage":{"@id":"https:\/\/www.latramuntana.com\/es\/fastgood-a-el-portus\/#primaryimage"},"image":{"@id":"https:\/\/www.latramuntana.com\/es\/fastgood-a-el-portus\/#primaryimage"},"thumbnailUrl":"https:\/\/www.latramuntana.com\/wp-content\/uploads\/2024\/11\/FastGood-a-El-Portus.webp","datePublished":"2020-07-15T18:26:21+00:00","dateModified":"2025-02-13T16:31:20+00:00","breadcrumb":{"@id":"https:\/\/www.latramuntana.com\/es\/fastgood-a-el-portus\/#breadcrumb"},"inLanguage":"es","potentialAction":[{"@type":"ReadAction","target":["https:\/\/www.latramuntana.com\/es\/fastgood-a-el-portus\/"]}]},{"@type":"ImageObject","inLanguage":"es","@id":"https:\/\/www.latramuntana.com\/es\/fastgood-a-el-portus\/#primaryimage","url":"https:\/\/www.latramuntana.com\/wp-content\/uploads\/2024\/11\/FastGood-a-El-Portus.webp","contentUrl":"https:\/\/www.latramuntana.com\/wp-content\/uploads\/2024\/11\/FastGood-a-El-Portus.webp","width":700,"height":500,"caption":"Fa\u00e7ana de Fast Good La Jonquera amb paret verda i bancs llargs"},{"@type":"BreadcrumbList","@id":"https:\/\/www.latramuntana.com\/es\/fastgood-a-el-portus\/#breadcrumb","itemListElement":[{"@type":"ListItem","position":1,"name":"Portada","item":"https:\/\/www.latramuntana.com\/es\/"},{"@type":"ListItem","position":2,"name":"FastGood a El Port\u00fas"}]},{"@type":"WebSite","@id":"https:\/\/www.latramuntana.com\/es\/#website","url":"https:\/\/www.latramuntana.com\/es\/","name":"La Tramuntana","description":"","publisher":{"@id":"https:\/\/www.latramuntana.com\/es\/#organization"},"potentialAction":[{"@type":"SearchAction","target":{"@type":"EntryPoint","urlTemplate":"https:\/\/www.latramuntana.com\/es\/?s={search_term_string}"},"query-input":{"@type":"PropertyValueSpecification","valueRequired":true,"valueName":"search_term_string"}}],"inLanguage":"es"},{"@type":"Organization","@id":"https:\/\/www.latramuntana.com\/es\/#organization","name":"La Tramuntana","url":"https:\/\/www.latramuntana.com\/es\/","logo":{"@type":"ImageObject","inLanguage":"es","@id":"https:\/\/www.latramuntana.com\/es\/#\/schema\/logo\/image\/","url":"https:\/\/www.latramuntana.com\/wp-content\/uploads\/2024\/06\/latramuntana-logo.svg","contentUrl":"https:\/\/www.latramuntana.com\/wp-content\/uploads\/2024\/06\/latramuntana-logo.svg","width":500,"height":55,"caption":"La Tramuntana"},"image":{"@id":"https:\/\/www.latramuntana.com\/es\/#\/schema\/logo\/image\/"},"sameAs":["https:\/\/www.facebook.com\/gruptramuntana","https:\/\/www.instagram.com\/gruptramuntana\/","https:\/\/www.linkedin.com\/company\/gruptramuntana\/"]},{"@type":"Person","@id":"https:\/\/www.latramuntana.com\/es\/#\/schema\/person\/2e0d00b145fb3c044ce65acd115dbd18","name":"Connectalia","image":{"@type":"ImageObject","inLanguage":"es","@id":"https:\/\/secure.gravatar.com\/avatar\/ead0f7c0e4f7198d7ef6b804f047d07ba9a01858dc2effda64980328bcf723db?s=96&d=mm&r=g","url":"https:\/\/secure.gravatar.com\/avatar\/ead0f7c0e4f7198d7ef6b804f047d07ba9a01858dc2effda64980328bcf723db?s=96&d=mm&r=g","contentUrl":"https:\/\/secure.gravatar.com\/avatar\/ead0f7c0e4f7198d7ef6b804f047d07ba9a01858dc2effda64980328bcf723db?s=96&d=mm&r=g","caption":"Connectalia"}}]}},"_links":{"self":[{"href":"https:\/\/www.latramuntana.com\/es\/wp-json\/wp\/v2\/posts\/7196","targetHints":{"allow":["GET"]}}],"collection":[{"href":"https:\/\/www.latramuntana.com\/es\/wp-json\/wp\/v2\/posts"}],"about":[{"href":"https:\/\/www.latramuntana.com\/es\/wp-json\/wp\/v2\/types\/post"}],"author":[{"embeddable":true,"href":"https:\/\/www.latramuntana.com\/es\/wp-json\/wp\/v2\/users\/1"}],"replies":[{"embeddable":true,"href":"https:\/\/www.latramuntana.com\/es\/wp-json\/wp\/v2\/comments?post=7196"}],"version-history":[{"count":1,"href":"https:\/\/www.latramuntana.com\/es\/wp-json\/wp\/v2\/posts\/7196\/revisions"}],"predecessor-version":[{"id":10165,"href":"https:\/\/www.latramuntana.com\/es\/wp-json\/wp\/v2\/posts\/7196\/revisions\/10165"}],"wp:featuredmedia":[{"embeddable":true,"href":"https:\/\/www.latramuntana.com\/es\/wp-json\/wp\/v2\/media\/6016"}],"wp:attachment":[{"href":"https:\/\/www.latramuntana.com\/es\/wp-json\/wp\/v2\/media?parent=7196"}],"wp:term":[{"taxonomy":"category","embeddable":true,"href":"https:\/\/www.latramuntana.com\/es\/wp-json\/wp\/v2\/categories?post=7196"},{"taxonomy":"post_tag","embeddable":true,"href":"https:\/\/www.latramuntana.com\/es\/wp-json\/wp\/v2\/tags?post=7196"}],"curies":[{"name":"wp","href":"https:\/\/api.w.org\/{rel}","templated":true}]}}