{"id":7312,"date":"2022-07-01T19:39:17","date_gmt":"2022-07-01T17:39:17","guid":{"rendered":"https:\/\/www.latramuntana.com\/una-estada-tranquilla-i-perfecta-en-familia\/"},"modified":"2025-03-24T17:12:30","modified_gmt":"2025-03-24T16:12:30","slug":"una-estancia-tranquila-y-perfecta-en-familia","status":"publish","type":"post","link":"https:\/\/www.latramuntana.com\/es\/una-estancia-tranquila-y-perfecta-en-familia\/","title":{"rendered":"Una estancia tranquila y perfecta en familia"},"content":{"rendered":"<div class=\"text-justify my-2 my-lg-4 w-100\">\n<p>Viniendo de\u00a0<strong>Francia<\/strong>, direcci\u00f3n La Jonquera por la NII hacia Figueres, entre la gasolinera Galp y Repsol, a mano derecha y en la \u00faltima rotonda del pueblo, encontrar\u00e1s el centro\u00a0<strong>Tramuntana 5<\/strong>, donde podr\u00e1s disfrutar de un momento de tranquilidad y placer a partes iguales.<\/p>\n<p><a class=\"btn btn-sm btn-danger text-primary no-style\" href=\"https:\/\/www.google.com\/maps\/place\/Supermercado+Tramuntana\/@42.397394,2.879931,17z\/data=!3m1!4b1!4m5!3m4!1s0x0:0x2052f500faf22eb2!8m2!3d42.397394!4d2.879931\" target=\"_blank\" rel=\"noopener noreferrer\">???? Tramuntana 5 &#8211; Google Maps<\/a><\/p>\n<p>Tanto si est\u00e1s de vacaciones por la zona o est\u00e1s de pasada, en el centro Tramuntana 5 podr\u00e1s pasar\u00a0<u>un d\u00eda perfecto en familia<\/u>\u00a0de forma pausada, sin prisas. All\u00ed podr\u00e1s hacer tus compras en el\u00a0<strong>supermercado<\/strong>, comprar\u00a0<strong>Tabaco<\/strong>, probar nuestro men\u00fa en el restaurante o bien comprar las \u00faltimas novedades en\u00a0<strong>perfumes<\/strong>\u00a0y\u00a0<strong>cosm\u00e9tica<\/strong>\u00a0en nuestra perfumer\u00eda\u00a0<a class=\"oc-link-new no-style\" href=\"https:\/\/www.eclair-parfumeries.com\/\" target=\"_blank\" rel=\"noopener noreferrer\"><strong>\u00c9clair<\/strong><\/a>.<\/p>\n<p>En nuestro\u00a0<a class=\"oc-link-new no-style\" href=\"https:\/\/www.google.com\/maps\/place\/Supermercado+Tramuntana\/@42.397394,2.879931,17z\/data=!3m1!4b1!4m5!3m4!1s0x0:0x2052f500faf22eb2!8m2!3d42.397394!4d2.879931\" target=\"_blank\" rel=\"noopener noreferrer\"><strong>supermercado<\/strong><\/a><strong>,<\/strong>\u00a0encontrar\u00e1s un amplio surtido de referencias, ya sea tu licor preferido, el\u00a0<strong>Pastis Ricard<\/strong>, las mejores cervezas para este verano como\u00a0<strong>Heineken<\/strong>\u00a0o\u00a0<strong>Estrella Damm<\/strong>, los chocolates\u00a0<strong>Milka<\/strong>\u00a0de todo tipo y sabores, as\u00ed como el aceite\u00a0<strong>Carbonell<\/strong>, el az\u00facar o los formatos XL de productos para tu hogar.<\/p>\n<p><img fetchpriority=\"high\" decoding=\"async\" class=\"alignnone size-large wp-image-9758\" src=\"https:\/\/www.latramuntana.com\/wp-content\/uploads\/2022\/07\/Entrada-Supermercat-1024x683.jpg\" alt=\"\" width=\"800\" height=\"534\" srcset=\"https:\/\/www.latramuntana.com\/wp-content\/uploads\/2022\/07\/Entrada-Supermercat-1024x683.jpg 1024w, https:\/\/www.latramuntana.com\/wp-content\/uploads\/2022\/07\/Entrada-Supermercat-300x200.jpg 300w, https:\/\/www.latramuntana.com\/wp-content\/uploads\/2022\/07\/Entrada-Supermercat-768x512.jpg 768w, https:\/\/www.latramuntana.com\/wp-content\/uploads\/2022\/07\/Entrada-Supermercat.jpg 1500w\" sizes=\"(max-width: 800px) 100vw, 800px\" \/><\/p>\n<p>Una vez hayas terminado de hacer tus compras con tranquilidad, en el mismo centro, en nuestro restaurante Tramuntana 5 podr\u00e1s hacer un peque\u00f1o bocado a la hora de desayunar o bien podr\u00e1s\u00a0<strong>comer<\/strong>\u00a0el men\u00fa del d\u00eda en familia o con amigos por solo 14,50\u20ac.<\/p>\n<p>Te encontrar\u00e1s un\u00a0<a class=\"oc-link-new no-style\" href=\"https:\/\/www.google.com\/maps?cid=4839267513030510730&amp;_ga=2.211938835.628953674.1656673405-1116882802.1655733182\" target=\"_blank\" rel=\"noopener noreferrer\"><strong>restaurante<\/strong><\/a>\u00a0recientemente reformado para que te encuentres como en casa. Un local acogedor y moderno, al igual que el resto de los establecimientos del\u00a0<a class=\"oc-link-new no-style\" href=\"https:\/\/www.latramuntana.com\/ca\/nostres-centres\"><strong>Grupo Tramuntana<\/strong><\/a>. En \u00e9l, te ofrecemos un men\u00fa donde podr\u00e1s escoger una variedad de primeros, de segundos y postres, que de pronto no te dejar\u00e1n indiferente.<\/p>\n<p>Todos nuestros productos son de primera calidad, de\u00a0<strong>proximidad<\/strong>\u00a0y con el sello Tramuntana con el objetivo de ofrecerte la mejor\u00a0<strong>relaci\u00f3n calidad-precio\u00a0<\/strong>de la zona de\u00a0<strong>La Jonquera<\/strong>.<\/p>\n<p><img decoding=\"async\" class=\"alignnone size-large wp-image-9762\" src=\"https:\/\/www.latramuntana.com\/wp-content\/uploads\/2022\/07\/Entrada-Restaurant-1024x683.jpg\" alt=\"\" width=\"800\" height=\"534\" srcset=\"https:\/\/www.latramuntana.com\/wp-content\/uploads\/2022\/07\/Entrada-Restaurant-1024x683.jpg 1024w, https:\/\/www.latramuntana.com\/wp-content\/uploads\/2022\/07\/Entrada-Restaurant-300x200.jpg 300w, https:\/\/www.latramuntana.com\/wp-content\/uploads\/2022\/07\/Entrada-Restaurant-768x512.jpg 768w, https:\/\/www.latramuntana.com\/wp-content\/uploads\/2022\/07\/Entrada-Restaurant.jpg 1500w\" sizes=\"(max-width: 800px) 100vw, 800px\" \/><\/p>\n<p>Adem\u00e1s, te ofrecemos la posibilidad de conocer la nueva\u00a0<a class=\"oc-link-new no-style\" href=\"https:\/\/www.google.com\/maps\/place\/Parfumerie+%C3%89clair\/@42.397489,2.8799246,17z\/data=!3m1!4b1!4m5!3m4!1s0x0:0x843c7c959d63aa2c!8m2!3d42.397489!4d2.8799246\" target=\"_blank\" rel=\"noopener noreferrer\"><strong>perfumer\u00eda \u00c9clair<\/strong><\/a>. Una perfumer\u00eda peque\u00f1a, pero con buen gusto, donde encontrar\u00e1s tus perfumes preferidos a unos precios muy competitivos.<\/p>\n<p>Encuentra el \u00faltimo perfume de\u00a0<strong>Paco Rabanne<\/strong>, la fragancia estrella de\u00a0<strong>Lanc\u00f4me<\/strong>, La Vie Est Belle, los perfumes de verano de\u00a0<strong>Calvin Klein<\/strong>\u00a0y las fragancias m\u00e1s sutiles y frescas del momento. Todo ello, con un asesoramiento cuidadoso de nuestro equipo que te har\u00e1n llevar un recuerdo inolvidable de tu estancia en el centro\u00a0<strong>Tramuntana 5\u00a0<\/strong>de La Jonquera.<\/p>\n<p><img decoding=\"async\" class=\"alignnone size-large wp-image-9767\" src=\"https:\/\/www.latramuntana.com\/wp-content\/uploads\/2022\/07\/Eclair-1024x683.jpg\" alt=\"\" width=\"800\" height=\"534\" srcset=\"https:\/\/www.latramuntana.com\/wp-content\/uploads\/2022\/07\/Eclair-1024x683.jpg 1024w, https:\/\/www.latramuntana.com\/wp-content\/uploads\/2022\/07\/Eclair-300x200.jpg 300w, https:\/\/www.latramuntana.com\/wp-content\/uploads\/2022\/07\/Eclair-768x512.jpg 768w, https:\/\/www.latramuntana.com\/wp-content\/uploads\/2022\/07\/Eclair.jpg 1500w\" sizes=\"(max-width: 800px) 100vw, 800px\" \/><\/p>\n<p>Si buscas un centro donde no haya atascos, ni prisas ni una gran multitud, donde puedas hacer tu compra ideal con calma, comer bien de precio, comprar perfumes en una misma zona, con aparcamiento incluido, te invitamos a descubrir tu nuevo centro de referencia en La Jonquera.<\/p>\n<p>Ven y disfruta del\u00a0<strong>Slow Shop &amp; Food<\/strong>\u00a0en el centro Tramuntana 5.<\/p>\n<\/div>\n<figure class=\"col-12 col-md-10 col-lg-9 p-0\"><img loading=\"lazy\" decoding=\"async\" class=\"alignnone size-large wp-image-9771\" src=\"https:\/\/www.latramuntana.com\/wp-content\/uploads\/2022\/07\/IMG_5079-1024x683.jpg\" alt=\"\" width=\"800\" height=\"534\" srcset=\"https:\/\/www.latramuntana.com\/wp-content\/uploads\/2022\/07\/IMG_5079-1024x683.jpg 1024w, https:\/\/www.latramuntana.com\/wp-content\/uploads\/2022\/07\/IMG_5079-300x200.jpg 300w, https:\/\/www.latramuntana.com\/wp-content\/uploads\/2022\/07\/IMG_5079-768x512.jpg 768w, https:\/\/www.latramuntana.com\/wp-content\/uploads\/2022\/07\/IMG_5079.jpg 1500w\" sizes=\"(max-width: 800px) 100vw, 800px\" \/><\/figure>\n","protected":false},"excerpt":{"rendered":"<p>Viniendo de\u00a0Francia, direcci\u00f3n La Jonquera por la NII hacia Figueres, entre la gasolinera Galp y Repsol, a mano derecha y en la \u00faltima rotonda del pueblo, encontrar\u00e1s el centro\u00a0Tramuntana 5, donde podr\u00e1s disfrutar de un momento de tranquilidad y placer a partes iguales. ???? Tramuntana 5 &#8211; Google Maps Tanto si est\u00e1s de vacaciones por [&hellip;]<\/p>\n","protected":false},"author":1,"featured_media":5775,"comment_status":"open","ping_status":"open","sticky":false,"template":"","format":"standard","meta":{"footnotes":""},"categories":[50],"tags":[],"class_list":["post-7312","post","type-post","status-publish","format-standard","has-post-thumbnail","hentry","category-supermercados"],"yoast_head":"<!-- This site is optimized with the Yoast SEO plugin v27.5 - https:\/\/yoast.com\/product\/yoast-seo-wordpress\/ -->\n<title>Una estancia tranquila y perfecta en familia - La Tramuntana<\/title>\n<meta name=\"robots\" content=\"index, follow, max-snippet:-1, max-image-preview:large, max-video-preview:-1\" \/>\n<link rel=\"canonical\" href=\"https:\/\/www.latramuntana.com\/es\/una-estancia-tranquila-y-perfecta-en-familia\/\" \/>\n<meta property=\"og:locale\" content=\"es_ES\" \/>\n<meta property=\"og:type\" content=\"article\" \/>\n<meta property=\"og:title\" content=\"Una estancia tranquila y perfecta en familia - La Tramuntana\" \/>\n<meta property=\"og:description\" content=\"Viniendo de\u00a0Francia, direcci\u00f3n La Jonquera por la NII hacia Figueres, entre la gasolinera Galp y Repsol, a mano derecha y en la \u00faltima rotonda del pueblo, encontrar\u00e1s el centro\u00a0Tramuntana 5, donde podr\u00e1s disfrutar de un momento de tranquilidad y placer a partes iguales. ???? Tramuntana 5 &#8211; Google Maps Tanto si est\u00e1s de vacaciones por [&hellip;]\" \/>\n<meta property=\"og:url\" content=\"https:\/\/www.latramuntana.com\/es\/una-estancia-tranquila-y-perfecta-en-familia\/\" \/>\n<meta property=\"og:site_name\" content=\"La Tramuntana\" \/>\n<meta property=\"article:publisher\" content=\"https:\/\/www.facebook.com\/gruptramuntana\" \/>\n<meta property=\"article:published_time\" content=\"2022-07-01T17:39:17+00:00\" \/>\n<meta property=\"article:modified_time\" content=\"2025-03-24T16:12:30+00:00\" \/>\n<meta property=\"og:image\" content=\"https:\/\/www.latramuntana.com\/wp-content\/uploads\/2024\/11\/Una-estada-tranquilla-i-perfecta-en-familia.webp\" \/>\n\t<meta property=\"og:image:width\" content=\"1500\" \/>\n\t<meta property=\"og:image:height\" content=\"1000\" \/>\n\t<meta property=\"og:image:type\" content=\"image\/jpeg\" \/>\n<meta name=\"author\" content=\"Connectalia\" \/>\n<meta name=\"twitter:card\" content=\"summary_large_image\" \/>\n<meta name=\"twitter:label1\" content=\"Escrito por\" \/>\n\t<meta name=\"twitter:data1\" content=\"Connectalia\" \/>\n\t<meta name=\"twitter:label2\" content=\"Tiempo de lectura\" \/>\n\t<meta name=\"twitter:data2\" content=\"4 minutos\" \/>\n<script type=\"application\/ld+json\" class=\"yoast-schema-graph\">{\"@context\":\"https:\\\/\\\/schema.org\",\"@graph\":[{\"@type\":\"Article\",\"@id\":\"https:\\\/\\\/www.latramuntana.com\\\/es\\\/una-estancia-tranquila-y-perfecta-en-familia\\\/#article\",\"isPartOf\":{\"@id\":\"https:\\\/\\\/www.latramuntana.com\\\/es\\\/una-estancia-tranquila-y-perfecta-en-familia\\\/\"},\"author\":{\"name\":\"Connectalia\",\"@id\":\"https:\\\/\\\/www.latramuntana.com\\\/es\\\/#\\\/schema\\\/person\\\/2e0d00b145fb3c044ce65acd115dbd18\"},\"headline\":\"Una estancia tranquila y perfecta en familia\",\"datePublished\":\"2022-07-01T17:39:17+00:00\",\"dateModified\":\"2025-03-24T16:12:30+00:00\",\"mainEntityOfPage\":{\"@id\":\"https:\\\/\\\/www.latramuntana.com\\\/es\\\/una-estancia-tranquila-y-perfecta-en-familia\\\/\"},\"wordCount\":463,\"commentCount\":0,\"publisher\":{\"@id\":\"https:\\\/\\\/www.latramuntana.com\\\/es\\\/#organization\"},\"image\":{\"@id\":\"https:\\\/\\\/www.latramuntana.com\\\/es\\\/una-estancia-tranquila-y-perfecta-en-familia\\\/#primaryimage\"},\"thumbnailUrl\":\"https:\\\/\\\/www.latramuntana.com\\\/wp-content\\\/uploads\\\/2024\\\/11\\\/Una-estada-tranquilla-i-perfecta-en-familia.webp\",\"articleSection\":[\"Supermercados\"],\"inLanguage\":\"es\",\"potentialAction\":[{\"@type\":\"CommentAction\",\"name\":\"Comment\",\"target\":[\"https:\\\/\\\/www.latramuntana.com\\\/es\\\/una-estancia-tranquila-y-perfecta-en-familia\\\/#respond\"]}]},{\"@type\":\"WebPage\",\"@id\":\"https:\\\/\\\/www.latramuntana.com\\\/es\\\/una-estancia-tranquila-y-perfecta-en-familia\\\/\",\"url\":\"https:\\\/\\\/www.latramuntana.com\\\/es\\\/una-estancia-tranquila-y-perfecta-en-familia\\\/\",\"name\":\"Una estancia tranquila y perfecta en familia - La Tramuntana\",\"isPartOf\":{\"@id\":\"https:\\\/\\\/www.latramuntana.com\\\/es\\\/#website\"},\"primaryImageOfPage\":{\"@id\":\"https:\\\/\\\/www.latramuntana.com\\\/es\\\/una-estancia-tranquila-y-perfecta-en-familia\\\/#primaryimage\"},\"image\":{\"@id\":\"https:\\\/\\\/www.latramuntana.com\\\/es\\\/una-estancia-tranquila-y-perfecta-en-familia\\\/#primaryimage\"},\"thumbnailUrl\":\"https:\\\/\\\/www.latramuntana.com\\\/wp-content\\\/uploads\\\/2024\\\/11\\\/Una-estada-tranquilla-i-perfecta-en-familia.webp\",\"datePublished\":\"2022-07-01T17:39:17+00:00\",\"dateModified\":\"2025-03-24T16:12:30+00:00\",\"breadcrumb\":{\"@id\":\"https:\\\/\\\/www.latramuntana.com\\\/es\\\/una-estancia-tranquila-y-perfecta-en-familia\\\/#breadcrumb\"},\"inLanguage\":\"es\",\"potentialAction\":[{\"@type\":\"ReadAction\",\"target\":[\"https:\\\/\\\/www.latramuntana.com\\\/es\\\/una-estancia-tranquila-y-perfecta-en-familia\\\/\"]}]},{\"@type\":\"ImageObject\",\"inLanguage\":\"es\",\"@id\":\"https:\\\/\\\/www.latramuntana.com\\\/es\\\/una-estancia-tranquila-y-perfecta-en-familia\\\/#primaryimage\",\"url\":\"https:\\\/\\\/www.latramuntana.com\\\/wp-content\\\/uploads\\\/2024\\\/11\\\/Una-estada-tranquilla-i-perfecta-en-familia.webp\",\"contentUrl\":\"https:\\\/\\\/www.latramuntana.com\\\/wp-content\\\/uploads\\\/2024\\\/11\\\/Una-estada-tranquilla-i-perfecta-en-familia.webp\",\"width\":1500,\"height\":1000},{\"@type\":\"BreadcrumbList\",\"@id\":\"https:\\\/\\\/www.latramuntana.com\\\/es\\\/una-estancia-tranquila-y-perfecta-en-familia\\\/#breadcrumb\",\"itemListElement\":[{\"@type\":\"ListItem\",\"position\":1,\"name\":\"Portada\",\"item\":\"https:\\\/\\\/www.latramuntana.com\\\/es\\\/\"},{\"@type\":\"ListItem\",\"position\":2,\"name\":\"Una estancia tranquila y perfecta en familia\"}]},{\"@type\":\"WebSite\",\"@id\":\"https:\\\/\\\/www.latramuntana.com\\\/es\\\/#website\",\"url\":\"https:\\\/\\\/www.latramuntana.com\\\/es\\\/\",\"name\":\"La Tramuntana\",\"description\":\"\",\"publisher\":{\"@id\":\"https:\\\/\\\/www.latramuntana.com\\\/es\\\/#organization\"},\"potentialAction\":[{\"@type\":\"SearchAction\",\"target\":{\"@type\":\"EntryPoint\",\"urlTemplate\":\"https:\\\/\\\/www.latramuntana.com\\\/es\\\/?s={search_term_string}\"},\"query-input\":{\"@type\":\"PropertyValueSpecification\",\"valueRequired\":true,\"valueName\":\"search_term_string\"}}],\"inLanguage\":\"es\"},{\"@type\":\"Organization\",\"@id\":\"https:\\\/\\\/www.latramuntana.com\\\/es\\\/#organization\",\"name\":\"La Tramuntana\",\"url\":\"https:\\\/\\\/www.latramuntana.com\\\/es\\\/\",\"logo\":{\"@type\":\"ImageObject\",\"inLanguage\":\"es\",\"@id\":\"https:\\\/\\\/www.latramuntana.com\\\/es\\\/#\\\/schema\\\/logo\\\/image\\\/\",\"url\":\"https:\\\/\\\/www.latramuntana.com\\\/wp-content\\\/uploads\\\/2024\\\/06\\\/latramuntana-logo.svg\",\"contentUrl\":\"https:\\\/\\\/www.latramuntana.com\\\/wp-content\\\/uploads\\\/2024\\\/06\\\/latramuntana-logo.svg\",\"width\":500,\"height\":55,\"caption\":\"La Tramuntana\"},\"image\":{\"@id\":\"https:\\\/\\\/www.latramuntana.com\\\/es\\\/#\\\/schema\\\/logo\\\/image\\\/\"},\"sameAs\":[\"https:\\\/\\\/www.facebook.com\\\/gruptramuntana\",\"https:\\\/\\\/www.instagram.com\\\/gruptramuntana\\\/\",\"https:\\\/\\\/www.linkedin.com\\\/company\\\/gruptramuntana\\\/\"]},{\"@type\":\"Person\",\"@id\":\"https:\\\/\\\/www.latramuntana.com\\\/es\\\/#\\\/schema\\\/person\\\/2e0d00b145fb3c044ce65acd115dbd18\",\"name\":\"Connectalia\",\"image\":{\"@type\":\"ImageObject\",\"inLanguage\":\"es\",\"@id\":\"https:\\\/\\\/secure.gravatar.com\\\/avatar\\\/ead0f7c0e4f7198d7ef6b804f047d07ba9a01858dc2effda64980328bcf723db?s=96&d=mm&r=g\",\"url\":\"https:\\\/\\\/secure.gravatar.com\\\/avatar\\\/ead0f7c0e4f7198d7ef6b804f047d07ba9a01858dc2effda64980328bcf723db?s=96&d=mm&r=g\",\"contentUrl\":\"https:\\\/\\\/secure.gravatar.com\\\/avatar\\\/ead0f7c0e4f7198d7ef6b804f047d07ba9a01858dc2effda64980328bcf723db?s=96&d=mm&r=g\",\"caption\":\"Connectalia\"}}]}<\/script>\n<!-- \/ Yoast SEO plugin. -->","yoast_head_json":{"title":"Una estancia tranquila y perfecta en familia - La Tramuntana","robots":{"index":"index","follow":"follow","max-snippet":"max-snippet:-1","max-image-preview":"max-image-preview:large","max-video-preview":"max-video-preview:-1"},"canonical":"https:\/\/www.latramuntana.com\/es\/una-estancia-tranquila-y-perfecta-en-familia\/","og_locale":"es_ES","og_type":"article","og_title":"Una estancia tranquila y perfecta en familia - La Tramuntana","og_description":"Viniendo de\u00a0Francia, direcci\u00f3n La Jonquera por la NII hacia Figueres, entre la gasolinera Galp y Repsol, a mano derecha y en la \u00faltima rotonda del pueblo, encontrar\u00e1s el centro\u00a0Tramuntana 5, donde podr\u00e1s disfrutar de un momento de tranquilidad y placer a partes iguales. ???? Tramuntana 5 &#8211; Google Maps Tanto si est\u00e1s de vacaciones por [&hellip;]","og_url":"https:\/\/www.latramuntana.com\/es\/una-estancia-tranquila-y-perfecta-en-familia\/","og_site_name":"La Tramuntana","article_publisher":"https:\/\/www.facebook.com\/gruptramuntana","article_published_time":"2022-07-01T17:39:17+00:00","article_modified_time":"2025-03-24T16:12:30+00:00","og_image":[{"width":1500,"height":1000,"url":"https:\/\/www.latramuntana.com\/wp-content\/uploads\/2024\/11\/Una-estada-tranquilla-i-perfecta-en-familia.webp","type":"image\/jpeg"}],"author":"Connectalia","twitter_card":"summary_large_image","twitter_misc":{"Escrito por":"Connectalia","Tiempo de lectura":"4 minutos"},"schema":{"@context":"https:\/\/schema.org","@graph":[{"@type":"Article","@id":"https:\/\/www.latramuntana.com\/es\/una-estancia-tranquila-y-perfecta-en-familia\/#article","isPartOf":{"@id":"https:\/\/www.latramuntana.com\/es\/una-estancia-tranquila-y-perfecta-en-familia\/"},"author":{"name":"Connectalia","@id":"https:\/\/www.latramuntana.com\/es\/#\/schema\/person\/2e0d00b145fb3c044ce65acd115dbd18"},"headline":"Una estancia tranquila y perfecta en familia","datePublished":"2022-07-01T17:39:17+00:00","dateModified":"2025-03-24T16:12:30+00:00","mainEntityOfPage":{"@id":"https:\/\/www.latramuntana.com\/es\/una-estancia-tranquila-y-perfecta-en-familia\/"},"wordCount":463,"commentCount":0,"publisher":{"@id":"https:\/\/www.latramuntana.com\/es\/#organization"},"image":{"@id":"https:\/\/www.latramuntana.com\/es\/una-estancia-tranquila-y-perfecta-en-familia\/#primaryimage"},"thumbnailUrl":"https:\/\/www.latramuntana.com\/wp-content\/uploads\/2024\/11\/Una-estada-tranquilla-i-perfecta-en-familia.webp","articleSection":["Supermercados"],"inLanguage":"es","potentialAction":[{"@type":"CommentAction","name":"Comment","target":["https:\/\/www.latramuntana.com\/es\/una-estancia-tranquila-y-perfecta-en-familia\/#respond"]}]},{"@type":"WebPage","@id":"https:\/\/www.latramuntana.com\/es\/una-estancia-tranquila-y-perfecta-en-familia\/","url":"https:\/\/www.latramuntana.com\/es\/una-estancia-tranquila-y-perfecta-en-familia\/","name":"Una estancia tranquila y perfecta en familia - La Tramuntana","isPartOf":{"@id":"https:\/\/www.latramuntana.com\/es\/#website"},"primaryImageOfPage":{"@id":"https:\/\/www.latramuntana.com\/es\/una-estancia-tranquila-y-perfecta-en-familia\/#primaryimage"},"image":{"@id":"https:\/\/www.latramuntana.com\/es\/una-estancia-tranquila-y-perfecta-en-familia\/#primaryimage"},"thumbnailUrl":"https:\/\/www.latramuntana.com\/wp-content\/uploads\/2024\/11\/Una-estada-tranquilla-i-perfecta-en-familia.webp","datePublished":"2022-07-01T17:39:17+00:00","dateModified":"2025-03-24T16:12:30+00:00","breadcrumb":{"@id":"https:\/\/www.latramuntana.com\/es\/una-estancia-tranquila-y-perfecta-en-familia\/#breadcrumb"},"inLanguage":"es","potentialAction":[{"@type":"ReadAction","target":["https:\/\/www.latramuntana.com\/es\/una-estancia-tranquila-y-perfecta-en-familia\/"]}]},{"@type":"ImageObject","inLanguage":"es","@id":"https:\/\/www.latramuntana.com\/es\/una-estancia-tranquila-y-perfecta-en-familia\/#primaryimage","url":"https:\/\/www.latramuntana.com\/wp-content\/uploads\/2024\/11\/Una-estada-tranquilla-i-perfecta-en-familia.webp","contentUrl":"https:\/\/www.latramuntana.com\/wp-content\/uploads\/2024\/11\/Una-estada-tranquilla-i-perfecta-en-familia.webp","width":1500,"height":1000},{"@type":"BreadcrumbList","@id":"https:\/\/www.latramuntana.com\/es\/una-estancia-tranquila-y-perfecta-en-familia\/#breadcrumb","itemListElement":[{"@type":"ListItem","position":1,"name":"Portada","item":"https:\/\/www.latramuntana.com\/es\/"},{"@type":"ListItem","position":2,"name":"Una estancia tranquila y perfecta en familia"}]},{"@type":"WebSite","@id":"https:\/\/www.latramuntana.com\/es\/#website","url":"https:\/\/www.latramuntana.com\/es\/","name":"La Tramuntana","description":"","publisher":{"@id":"https:\/\/www.latramuntana.com\/es\/#organization"},"potentialAction":[{"@type":"SearchAction","target":{"@type":"EntryPoint","urlTemplate":"https:\/\/www.latramuntana.com\/es\/?s={search_term_string}"},"query-input":{"@type":"PropertyValueSpecification","valueRequired":true,"valueName":"search_term_string"}}],"inLanguage":"es"},{"@type":"Organization","@id":"https:\/\/www.latramuntana.com\/es\/#organization","name":"La Tramuntana","url":"https:\/\/www.latramuntana.com\/es\/","logo":{"@type":"ImageObject","inLanguage":"es","@id":"https:\/\/www.latramuntana.com\/es\/#\/schema\/logo\/image\/","url":"https:\/\/www.latramuntana.com\/wp-content\/uploads\/2024\/06\/latramuntana-logo.svg","contentUrl":"https:\/\/www.latramuntana.com\/wp-content\/uploads\/2024\/06\/latramuntana-logo.svg","width":500,"height":55,"caption":"La Tramuntana"},"image":{"@id":"https:\/\/www.latramuntana.com\/es\/#\/schema\/logo\/image\/"},"sameAs":["https:\/\/www.facebook.com\/gruptramuntana","https:\/\/www.instagram.com\/gruptramuntana\/","https:\/\/www.linkedin.com\/company\/gruptramuntana\/"]},{"@type":"Person","@id":"https:\/\/www.latramuntana.com\/es\/#\/schema\/person\/2e0d00b145fb3c044ce65acd115dbd18","name":"Connectalia","image":{"@type":"ImageObject","inLanguage":"es","@id":"https:\/\/secure.gravatar.com\/avatar\/ead0f7c0e4f7198d7ef6b804f047d07ba9a01858dc2effda64980328bcf723db?s=96&d=mm&r=g","url":"https:\/\/secure.gravatar.com\/avatar\/ead0f7c0e4f7198d7ef6b804f047d07ba9a01858dc2effda64980328bcf723db?s=96&d=mm&r=g","contentUrl":"https:\/\/secure.gravatar.com\/avatar\/ead0f7c0e4f7198d7ef6b804f047d07ba9a01858dc2effda64980328bcf723db?s=96&d=mm&r=g","caption":"Connectalia"}}]}},"_links":{"self":[{"href":"https:\/\/www.latramuntana.com\/es\/wp-json\/wp\/v2\/posts\/7312","targetHints":{"allow":["GET"]}}],"collection":[{"href":"https:\/\/www.latramuntana.com\/es\/wp-json\/wp\/v2\/posts"}],"about":[{"href":"https:\/\/www.latramuntana.com\/es\/wp-json\/wp\/v2\/types\/post"}],"author":[{"embeddable":true,"href":"https:\/\/www.latramuntana.com\/es\/wp-json\/wp\/v2\/users\/1"}],"replies":[{"embeddable":true,"href":"https:\/\/www.latramuntana.com\/es\/wp-json\/wp\/v2\/comments?post=7312"}],"version-history":[{"count":2,"href":"https:\/\/www.latramuntana.com\/es\/wp-json\/wp\/v2\/posts\/7312\/revisions"}],"predecessor-version":[{"id":9779,"href":"https:\/\/www.latramuntana.com\/es\/wp-json\/wp\/v2\/posts\/7312\/revisions\/9779"}],"wp:featuredmedia":[{"embeddable":true,"href":"https:\/\/www.latramuntana.com\/es\/wp-json\/wp\/v2\/media\/5775"}],"wp:attachment":[{"href":"https:\/\/www.latramuntana.com\/es\/wp-json\/wp\/v2\/media?parent=7312"}],"wp:term":[{"taxonomy":"category","embeddable":true,"href":"https:\/\/www.latramuntana.com\/es\/wp-json\/wp\/v2\/categories?post=7312"},{"taxonomy":"post_tag","embeddable":true,"href":"https:\/\/www.latramuntana.com\/es\/wp-json\/wp\/v2\/tags?post=7312"}],"curies":[{"name":"wp","href":"https:\/\/api.w.org\/{rel}","templated":true}]}}