{"id":12505,"date":"2025-09-12T17:42:01","date_gmt":"2025-09-12T15:42:01","guid":{"rendered":"https:\/\/www.latramuntana.com\/?p=12505"},"modified":"2026-01-23T17:23:35","modified_gmt":"2026-01-23T16:23:35","slug":"grande-participation-a-la-1ere-tramuntana-trail-une-journee-historique-entre-la-jonquera-et-le-perthus","status":"publish","type":"post","link":"https:\/\/www.latramuntana.com\/fr\/grande-participation-a-la-1ere-tramuntana-trail-une-journee-historique-entre-la-jonquera-et-le-perthus\/","title":{"rendered":"Grande participation \u00e0 la 1\u00e8re Tramuntana Trail : une journ\u00e9e historique"},"content":{"rendered":"\t\t<div data-elementor-type=\"wp-post\" data-elementor-id=\"12505\" class=\"elementor elementor-12505 elementor-12503\" data-elementor-post-type=\"post\">\n\t\t\t\t<div class=\"elementor-element elementor-element-1ca53de e-flex e-con-boxed e-con e-parent\" data-id=\"1ca53de\" data-element_type=\"container\" data-e-type=\"container\">\n\t\t\t\t\t<div class=\"e-con-inner\">\n\t\t\t\t<div class=\"elementor-element elementor-element-0155c81 elementor-widget elementor-widget-text-editor\" data-id=\"0155c81\" data-element_type=\"widget\" data-e-type=\"widget\" data-widget_type=\"text-editor.default\">\n\t\t\t\t<div class=\"elementor-widget-container\">\n\t\t\t\t\t\t\t\t\t<p data-start=\"374\" data-end=\"620\">Le <strong data-start=\"377\" data-end=\"398\">11 septembre 2025<\/strong>, nous avons v\u00e9cu une journ\u00e9e inoubliable : la <strong data-start=\"445\" data-end=\"488\">premi\u00e8re \u00e9dition de la Tramuntana Trail<\/strong>, une course <strong data-start=\"501\" data-end=\"521\">transfrontali\u00e8re<\/strong> qui a reli\u00e9 pour la premi\u00e8re fois <strong data-start=\"556\" data-end=\"585\">La Jonquera et Le Perthus<\/strong> \u00e0 travers le sport et la nature.<\/p><p data-start=\"622\" data-end=\"889\">Pr\u00e8s de <strong data-start=\"630\" data-end=\"650\">100 participants,<\/strong> coureurs et marcheurs, ont parcouru les <strong data-start=\"694\" data-end=\"731\">11,4 km et 479 m\u00e8tres de d\u00e9nivel\u00e9<\/strong> du circuit. Une exp\u00e9rience qui fut bien plus qu\u2019une comp\u00e9tition : une v\u00e9ritable <strong data-start=\"812\" data-end=\"834\">f\u00eate communautaire<\/strong>, marqu\u00e9e par l\u2019\u00e9motion, l\u2019effort et la convivialit\u00e9.<\/p><p><img fetchpriority=\"high\" decoding=\"async\" class=\"alignnone size-medium wp-image-12590\" src=\"https:\/\/www.latramuntana.com\/wp-content\/uploads\/2025\/09\/2.-Sortida-1-300x225.webp\" alt=\"\" width=\"300\" height=\"225\" srcset=\"https:\/\/www.latramuntana.com\/wp-content\/uploads\/2025\/09\/2.-Sortida-1-300x225.webp 300w, https:\/\/www.latramuntana.com\/wp-content\/uploads\/2025\/09\/2.-Sortida-1-1024x768.webp 1024w, https:\/\/www.latramuntana.com\/wp-content\/uploads\/2025\/09\/2.-Sortida-1-768x576.webp 768w, https:\/\/www.latramuntana.com\/wp-content\/uploads\/2025\/09\/2.-Sortida-1.webp 1500w\" sizes=\"(max-width: 300px) 100vw, 300px\" \/><\/p><h4><strong>La naissance d\u2019une course singuli\u00e8re<\/strong><\/h4><p data-start=\"939\" data-end=\"1277\">La Tramuntana Trail est n\u00e9e de la volont\u00e9 de cr\u00e9er un \u00e9v\u00e9nement <strong data-start=\"1003\" data-end=\"1041\">unique et ancr\u00e9 dans le territoire<\/strong>, capable de r\u00e9unir sport, tradition et communaut\u00e9. Le fait d\u2019\u00eatre une <strong data-start=\"1112\" data-end=\"1139\">course transfrontali\u00e8re<\/strong>, traversant l\u2019historique passage entre <strong data-start=\"1179\" data-end=\"1208\">La Jonquera et Le Perthus<\/strong>, en fait une \u00e9preuve diff\u00e9rente de toutes les autres en Catalogne.<\/p><p data-start=\"1279\" data-end=\"1351\">Pour Tramuntana, cette initiative incarne pleinement nos <strong data-start=\"1336\" data-end=\"1347\">valeurs<\/strong> :<\/p><ul data-start=\"1352\" data-end=\"1578\"><li data-start=\"1352\" data-end=\"1432\"><p data-start=\"1354\" data-end=\"1432\"><strong data-start=\"1354\" data-end=\"1367\">Tradition<\/strong>, en lien avec l\u2019histoire et la terre qui nous ont vus grandir.<\/p><\/li><li data-start=\"1433\" data-end=\"1487\"><p data-start=\"1435\" data-end=\"1487\"><strong data-start=\"1435\" data-end=\"1448\">Dynamisme<\/strong>, avec un format nouveau et innovant.<\/p><\/li><li data-start=\"1488\" data-end=\"1578\"><p data-start=\"1490\" data-end=\"1578\"><strong data-start=\"1490\" data-end=\"1504\">Engagement<\/strong>, en mettant au centre la communaut\u00e9, les b\u00e9n\u00e9voles et les participants.<\/p><\/li><\/ul><div>\u00a0<\/div><div><img decoding=\"async\" class=\"alignnone size-medium wp-image-12582\" src=\"https:\/\/www.latramuntana.com\/wp-content\/uploads\/2025\/09\/250911__JRP1664-1-225x300.webp\" alt=\"\" width=\"225\" height=\"300\" srcset=\"https:\/\/www.latramuntana.com\/wp-content\/uploads\/2025\/09\/250911__JRP1664-1-225x300.webp 225w, https:\/\/www.latramuntana.com\/wp-content\/uploads\/2025\/09\/250911__JRP1664-1-768x1024.webp 768w, https:\/\/www.latramuntana.com\/wp-content\/uploads\/2025\/09\/250911__JRP1664-1.webp 1125w\" sizes=\"(max-width: 225px) 100vw, 225px\" \/><\/div><h4><strong>Un parcours qui s\u00e9duit<\/strong><\/h4><p data-start=\"1614\" data-end=\"1848\">Le circuit de la <strong data-start=\"1631\" data-end=\"1651\">Tramuntana Trail<\/strong> a autant surpris qu\u2019\u00e9motionn\u00e9. Les <strong data-start=\"1687\" data-end=\"1698\">11,4 km<\/strong> ont conduit les participants \u00e0 travers sentiers, chemins et pistes de montagne, avec des passages exigeants qui ont mis \u00e0 l\u2019\u00e9preuve leur endurance.<\/p><p data-start=\"1850\" data-end=\"2063\">Le <strong data-start=\"1853\" data-end=\"1879\">ch\u00e2teau de Bellaguarda<\/strong>, symbole historique dominant la fronti\u00e8re, a \u00e9t\u00e9 le point fort du parcours. Depuis ce site, les vues panoramiques sur la plaine de l\u2019<strong data-start=\"2013\" data-end=\"2024\">Empord\u00e0<\/strong> ont offert un spectacle inoubliable.<\/p><p data-start=\"2065\" data-end=\"2298\">Cette course a combin\u00e9 <strong data-start=\"2088\" data-end=\"2127\">effort physique et beaut\u00e9 naturelle<\/strong>, permettant aux coureurs exp\u00e9riment\u00e9s comme aux marcheurs amateurs de partager le m\u00eame esprit : <strong data-start=\"2224\" data-end=\"2295\">vivre une exp\u00e9rience sportive et humaine dans un cadre exceptionnel<\/strong>.<\/p><p><img decoding=\"async\" class=\"alignnone size-medium wp-image-12566\" src=\"https:\/\/www.latramuntana.com\/wp-content\/uploads\/2025\/09\/4.1-Recorregut_5-1-300x200.webp\" alt=\"\" width=\"300\" height=\"200\" srcset=\"https:\/\/www.latramuntana.com\/wp-content\/uploads\/2025\/09\/4.1-Recorregut_5-1-300x200.webp 300w, https:\/\/www.latramuntana.com\/wp-content\/uploads\/2025\/09\/4.1-Recorregut_5-1-1024x683.webp 1024w, https:\/\/www.latramuntana.com\/wp-content\/uploads\/2025\/09\/4.1-Recorregut_5-1-768x512.webp 768w, https:\/\/www.latramuntana.com\/wp-content\/uploads\/2025\/09\/4.1-Recorregut_5-1.webp 1500w\" sizes=\"(max-width: 300px) 100vw, 300px\" \/> <img loading=\"lazy\" decoding=\"async\" class=\"alignnone size-medium wp-image-12562\" src=\"https:\/\/www.latramuntana.com\/wp-content\/uploads\/2025\/09\/4.0-Recorregut_2-1-300x225.webp\" alt=\"\" width=\"300\" height=\"225\" srcset=\"https:\/\/www.latramuntana.com\/wp-content\/uploads\/2025\/09\/4.0-Recorregut_2-1-300x225.webp 300w, https:\/\/www.latramuntana.com\/wp-content\/uploads\/2025\/09\/4.0-Recorregut_2-1-1024x768.webp 1024w, https:\/\/www.latramuntana.com\/wp-content\/uploads\/2025\/09\/4.0-Recorregut_2-1-768x576.webp 768w, https:\/\/www.latramuntana.com\/wp-content\/uploads\/2025\/09\/4.0-Recorregut_2-1.webp 1500w\" sizes=\"(max-width: 300px) 100vw, 300px\" \/><\/p><h4><strong>Les protagonistes : podiums et distinctions<\/strong><\/h4><p>Comme dans toute course, il y a eu des gagnants et des podiums, mais l\u2019esprit de la Tramuntana Trail est all\u00e9 bien au-del\u00e0 des classements.<\/p><p><img decoding=\"async\" class=\"emoji\" role=\"img\" draggable=\"false\" src=\"https:\/\/s.w.org\/images\/core\/emoji\/16.0.1\/svg\/1f3c5.svg\" alt=\"\ud83c\udfc5\" \/><strong> Cat\u00e9gorie masculine<\/strong><\/p><ol><li>Josep Pag\u00e8s \u2013 53\u2019<\/li><li>Abdessamad Ait Rahou \u2013 55\u2019<\/li><li>David G\u00f3mez \u2013 56\u2019<\/li><\/ol><div>\u00a0<\/div><div><p><img loading=\"lazy\" decoding=\"async\" class=\"alignnone size-medium wp-image-12570\" src=\"https:\/\/www.latramuntana.com\/wp-content\/uploads\/2025\/09\/4.2-Classificats-femeniClassificats-masculi-1-300x270.webp\" alt=\"\" width=\"300\" height=\"270\" srcset=\"https:\/\/www.latramuntana.com\/wp-content\/uploads\/2025\/09\/4.2-Classificats-femeniClassificats-masculi-1-300x270.webp 300w, https:\/\/www.latramuntana.com\/wp-content\/uploads\/2025\/09\/4.2-Classificats-femeniClassificats-masculi-1-1024x922.webp 1024w, https:\/\/www.latramuntana.com\/wp-content\/uploads\/2025\/09\/4.2-Classificats-femeniClassificats-masculi-1-768x691.webp 768w, https:\/\/www.latramuntana.com\/wp-content\/uploads\/2025\/09\/4.2-Classificats-femeniClassificats-masculi-1.webp 1500w\" sizes=\"(max-width: 300px) 100vw, 300px\" \/><\/p><\/div><p><img decoding=\"async\" class=\"emoji\" role=\"img\" draggable=\"false\" src=\"https:\/\/s.w.org\/images\/core\/emoji\/16.0.1\/svg\/1f3c5.svg\" alt=\"\ud83c\udfc5\" \/> <strong>Cat\u00e9gorie f\u00e9minine<\/strong><\/p><ol><li>M. \u00c0ngels Carreras \u2013 1h15\u2019<\/li><li>Berta Batlle \u2013 1h23\u2019<\/li><li>Kris Carreras \u2013 1h24\u2019<\/li><\/ol><div>\u00a0<\/div><div><p><img loading=\"lazy\" decoding=\"async\" class=\"alignnone size-medium wp-image-12574\" src=\"https:\/\/www.latramuntana.com\/wp-content\/uploads\/2025\/09\/4.2.1-Classificats-femeni-1-300x228.webp\" alt=\"\" width=\"300\" height=\"228\" srcset=\"https:\/\/www.latramuntana.com\/wp-content\/uploads\/2025\/09\/4.2.1-Classificats-femeni-1-300x228.webp 300w, https:\/\/www.latramuntana.com\/wp-content\/uploads\/2025\/09\/4.2.1-Classificats-femeni-1-1024x777.webp 1024w, https:\/\/www.latramuntana.com\/wp-content\/uploads\/2025\/09\/4.2.1-Classificats-femeni-1-768x583.webp 768w, https:\/\/www.latramuntana.com\/wp-content\/uploads\/2025\/09\/4.2.1-Classificats-femeni-1.webp 1500w\" sizes=\"(max-width: 300px) 100vw, 300px\" \/><\/p><\/div><p><img decoding=\"async\" class=\"emoji\" role=\"img\" draggable=\"false\" src=\"https:\/\/s.w.org\/images\/core\/emoji\/16.0.1\/svg\/1f44f.svg\" alt=\"\ud83d\udc4f\" \/> <strong>Distinctions sp\u00e9ciales<\/strong><\/p><ul><li><strong>Premiers Jonquerencs :<\/strong> David G\u00f3mez et M. \u00c0ngels Carreras<\/li><li><strong>Premiers employ\u00e9s Tramuntana :<\/strong> Abdessamad Ait Rahou et Luisa Aponte (1h36\u2019)<\/li><\/ul><div>\u00a0<\/div><div><img loading=\"lazy\" decoding=\"async\" class=\"alignnone size-medium wp-image-12586\" src=\"https:\/\/www.latramuntana.com\/wp-content\/uploads\/2025\/09\/250911__JRP2116-1-300x207.webp\" alt=\"\" width=\"300\" height=\"207\" srcset=\"https:\/\/www.latramuntana.com\/wp-content\/uploads\/2025\/09\/250911__JRP2116-1-300x207.webp 300w, https:\/\/www.latramuntana.com\/wp-content\/uploads\/2025\/09\/250911__JRP2116-1-1024x708.webp 1024w, https:\/\/www.latramuntana.com\/wp-content\/uploads\/2025\/09\/250911__JRP2116-1-768x531.webp 768w, https:\/\/www.latramuntana.com\/wp-content\/uploads\/2025\/09\/250911__JRP2116-1.webp 1500w\" sizes=\"(max-width: 300px) 100vw, 300px\" \/><\/div><div>\u00a0<\/div><p>\ud83d\udcca Consultez ici tous les temps et r\u00e9sultats officiels : <strong data-start=\"2960\" data-end=\"3078\"><a class=\"decorated-link\" href=\"https:\/\/www.curses.cat\/classificacions\/classifica.php?url=tramuntanatrail2025\" target=\"_blank\" rel=\"noopener\" data-start=\"2962\" data-end=\"3076\">Classements Tramuntana Trail 2025<\/a><\/strong><\/p><h4><strong>Une f\u00eate de sport et de communaut\u00e9<\/strong><\/h4><p data-start=\"3129\" data-end=\"3224\">La Tramuntana Trail a \u00e9t\u00e9 bien plus qu\u2019une course : c\u2019\u00e9tait une <strong data-start=\"3193\" data-end=\"3221\">v\u00e9ritable f\u00eate populaire<\/strong>.<\/p><p data-start=\"3226\" data-end=\"3392\">Les <strong data-start=\"3230\" data-end=\"3243\">b\u00e9n\u00e9voles<\/strong> ont jou\u00e9 un r\u00f4le essentiel : sans eux, rien n\u2019aurait \u00e9t\u00e9 possible. Ravitos, s\u00e9curit\u00e9, organisation et ambiance, tout a repos\u00e9 sur leur engagement.<\/p><p data-start=\"3394\" data-end=\"3572\">Le <strong data-start=\"3397\" data-end=\"3407\">public<\/strong> a \u00e9galement apport\u00e9 son \u00e9nergie : familles, amis et habitants ont encourag\u00e9 les coureurs tout au long du parcours, cr\u00e9ant une atmosph\u00e8re chaleureuse et motivante.<\/p><p data-start=\"3574\" data-end=\"3761\">Tramuntana tient \u00e0 adresser un <strong data-start=\"3605\" data-end=\"3622\">immense MERCI<\/strong> \u00e0 tous les participants, b\u00e9n\u00e9voles, partenaires et, tout particuli\u00e8rement, \u00e0 la <strong data-start=\"3703\" data-end=\"3728\">Mairie de La Jonquera<\/strong> pour son soutien ind\u00e9fectible.<\/p><p><img loading=\"lazy\" decoding=\"async\" class=\"alignnone size-medium wp-image-12578\" src=\"https:\/\/www.latramuntana.com\/wp-content\/uploads\/2025\/09\/4.3-Recorregut_7-1-300x200.webp\" alt=\"\" width=\"300\" height=\"200\" srcset=\"https:\/\/www.latramuntana.com\/wp-content\/uploads\/2025\/09\/4.3-Recorregut_7-1-300x200.webp 300w, https:\/\/www.latramuntana.com\/wp-content\/uploads\/2025\/09\/4.3-Recorregut_7-1-1024x683.webp 1024w, https:\/\/www.latramuntana.com\/wp-content\/uploads\/2025\/09\/4.3-Recorregut_7-1-768x512.webp 768w, https:\/\/www.latramuntana.com\/wp-content\/uploads\/2025\/09\/4.3-Recorregut_7-1.webp 1500w\" sizes=\"(max-width: 300px) 100vw, 300px\" \/><\/p><h4><strong>Une date symbolique<\/strong><\/h4><p data-start=\"3794\" data-end=\"3924\">La premi\u00e8re \u00e9dition de la Tramuntana Trail a eu lieu un jour tr\u00e8s sp\u00e9cial : le <strong data-start=\"3873\" data-end=\"3889\">11 septembre<\/strong>, f\u00eate nationale de la Catalogne.<\/p><p data-start=\"3926\" data-end=\"4095\">Cette co\u00efncidence a donn\u00e9 \u00e0 l\u2019\u00e9v\u00e9nement un caract\u00e8re encore plus symbolique : une mani\u00e8re de c\u00e9l\u00e9brer notre identit\u00e9, notre territoire et la force de notre communaut\u00e9.<\/p><p><img loading=\"lazy\" decoding=\"async\" class=\"alignnone size-medium wp-image-12554\" src=\"https:\/\/www.latramuntana.com\/wp-content\/uploads\/2025\/09\/3.-Sortida_2-1-300x204.webp\" alt=\"\" width=\"300\" height=\"204\" srcset=\"https:\/\/www.latramuntana.com\/wp-content\/uploads\/2025\/09\/3.-Sortida_2-1-300x204.webp 300w, https:\/\/www.latramuntana.com\/wp-content\/uploads\/2025\/09\/3.-Sortida_2-1-1024x696.webp 1024w, https:\/\/www.latramuntana.com\/wp-content\/uploads\/2025\/09\/3.-Sortida_2-1-768x522.webp 768w, https:\/\/www.latramuntana.com\/wp-content\/uploads\/2025\/09\/3.-Sortida_2-1.webp 1500w\" sizes=\"(max-width: 300px) 100vw, 300px\" \/><\/p><h4><strong>Cap sur l\u2019avenir : Tramuntana Trail 2026<\/strong><\/h4><p data-start=\"4149\" data-end=\"4345\">Ce n\u2019\u00e9tait que la <strong data-start=\"4167\" data-end=\"4185\">premi\u00e8re \u00e9tape<\/strong>. L\u2019objectif de la Tramuntana Trail est de s\u2019imposer comme un rendez-vous annuel incontournable du <strong data-start=\"4284\" data-end=\"4314\">trail running en Catalogne<\/strong> et dans le sud de la France.<\/p><p data-start=\"4347\" data-end=\"4613\">En 2026, l\u2019organisation souhaite aller plus loin : accueillir plus de participants, donner plus de visibilit\u00e9 et, surtout, pr\u00e9server l\u2019essence qui rend cette \u00e9preuve unique. Une course qui marie <strong data-start=\"4542\" data-end=\"4561\">sport et nature<\/strong>, mais qui est avant tout une <strong data-start=\"4591\" data-end=\"4610\">f\u00eate collective<\/strong>.<\/p>\t\t\t\t\t\t\t\t<\/div>\n\t\t\t\t<\/div>\n\t\t\t\t<div class=\"elementor-element elementor-element-c0df5a5 elementor-widget elementor-widget-text-editor\" data-id=\"c0df5a5\" data-element_type=\"widget\" data-e-type=\"widget\" data-widget_type=\"text-editor.default\">\n\t\t\t\t<div class=\"elementor-widget-container\">\n\t\t\t\t\t\t\t\t\t<p data-start=\"4620\" data-end=\"4665\"><strong>\ud83d\udcf8 Revivez la Tramuntana Trail en images<\/strong><\/p><p data-start=\"4667\" data-end=\"4938\">Les mots ne suffisent pas pour transmettre toutes les \u00e9motions v\u00e9cues. D\u00e9couvrez notre <strong data-start=\"4754\" data-end=\"4785\">galerie compl\u00e8te sur Flickr<\/strong>, avec les <strong data-start=\"4796\" data-end=\"4820\">20 meilleurs moments<\/strong> et bien d\u2019autres photos illustrant l\u2019effort, les sourires et les paysages spectaculaires de cette premi\u00e8re \u00e9dition.<\/p>\t\t\t\t\t\t\t\t<\/div>\n\t\t\t\t<\/div>\n\t\t\t\t<div class=\"elementor-element elementor-element-031c39b elementor-hidden-desktop elementor-widget elementor-widget-html\" data-id=\"031c39b\" data-element_type=\"widget\" data-e-type=\"widget\" data-widget_type=\"html.default\">\n\t\t\t\t<div class=\"elementor-widget-container\">\n\t\t\t\t\t<a data-flickr-embed=\"true\" href=\"https:\/\/www.flickr.com\/photos\/203196972@N08\/albums\/72177720328972200\" title=\"Tramuntana Trail\"><img loading=\"lazy\" decoding=\"async\" src=\"https:\/\/live.staticflickr.com\/65535\/54782246993_42ac092cbb.jpg\" width=\"500\" height=\"375\" alt=\"Tramuntana Trail\"\/><\/a><script async src=\"\/\/embedr.flickr.com\/assets\/client-code.js\" charset=\"utf-8\"><\/script>\t\t\t\t<\/div>\n\t\t\t\t<\/div>\n\t\t\t\t<div class=\"elementor-element elementor-element-028de35 elementor-hidden-mobile elementor-widget elementor-widget-html\" data-id=\"028de35\" data-element_type=\"widget\" data-e-type=\"widget\" data-widget_type=\"html.default\">\n\t\t\t\t<div class=\"elementor-widget-container\">\n\t\t\t\t\t<a data-flickr-embed=\"true\" href=\"https:\/\/www.flickr.com\/photos\/203196972@N08\/albums\/72177720328972200\" title=\"Tramuntana Trail\"><img loading=\"lazy\" decoding=\"async\" src=\"https:\/\/live.staticflickr.com\/65535\/54782246993_42ac092cbb_c.jpg\" width=\"800\" height=\"600\" alt=\"Tramuntana Trail\"\/><\/a><script async src=\"\/\/embedr.flickr.com\/assets\/client-code.js\" charset=\"utf-8\"><\/script>\t\t\t\t<\/div>\n\t\t\t\t<\/div>\n\t\t\t\t<div class=\"elementor-element elementor-element-c3b6d88 elementor-widget elementor-widget-heading\" data-id=\"c3b6d88\" data-element_type=\"widget\" data-e-type=\"widget\" data-widget_type=\"heading.default\">\n\t\t\t\t<div class=\"elementor-widget-container\">\n\t\t\t\t\t<h4 class=\"elementor-heading-title elementor-size-default\">Compartir<\/h4>\t\t\t\t<\/div>\n\t\t\t\t<\/div>\n\t\t\t\t<div class=\"elementor-element elementor-element-b919afc elementor-share-buttons--view-icon elementor-share-buttons--shape-rounded elementor-share-buttons--skin-gradient elementor-grid-0 elementor-share-buttons--color-official elementor-widget elementor-widget-share-buttons\" data-id=\"b919afc\" data-element_type=\"widget\" data-e-type=\"widget\" data-widget_type=\"share-buttons.default\">\n\t\t\t\t<div class=\"elementor-widget-container\">\n\t\t\t\t\t\t\t<div class=\"elementor-grid\" role=\"list\">\n\t\t\t\t\t\t\t\t<div class=\"elementor-grid-item\" role=\"listitem\">\n\t\t\t\t\t\t<div class=\"elementor-share-btn elementor-share-btn_whatsapp\" role=\"button\" tabindex=\"0\" aria-label=\"Partager sur whatsapp\">\n\t\t\t\t\t\t\t\t\t\t\t\t\t\t\t<span class=\"elementor-share-btn__icon\">\n\t\t\t\t\t\t\t\t<svg aria-hidden=\"true\" class=\"e-font-icon-svg e-fab-whatsapp\" viewBox=\"0 0 448 512\" xmlns=\"http:\/\/www.w3.org\/2000\/svg\"><path d=\"M380.9 97.1C339 55.1 283.2 32 223.9 32c-122.4 0-222 99.6-222 222 0 39.1 10.2 77.3 29.6 111L0 480l117.7-30.9c32.4 17.7 68.9 27 106.1 27h.1c122.3 0 224.1-99.6 224.1-222 0-59.3-25.2-115-67.1-157zm-157 341.6c-33.2 0-65.7-8.9-94-25.7l-6.7-4-69.8 18.3L72 359.2l-4.4-7c-18.5-29.4-28.2-63.3-28.2-98.2 0-101.7 82.8-184.5 184.6-184.5 49.3 0 95.6 19.2 130.4 54.1 34.8 34.9 56.2 81.2 56.1 130.5 0 101.8-84.9 184.6-186.6 184.6zm101.2-138.2c-5.5-2.8-32.8-16.2-37.9-18-5.1-1.9-8.8-2.8-12.5 2.8-3.7 5.6-14.3 18-17.6 21.8-3.2 3.7-6.5 4.2-12 1.4-32.6-16.3-54-29.1-75.5-66-5.7-9.8 5.7-9.1 16.3-30.3 1.8-3.7.9-6.9-.5-9.7-1.4-2.8-12.5-30.1-17.1-41.2-4.5-10.8-9.1-9.3-12.5-9.5-3.2-.2-6.9-.2-10.6-.2-3.7 0-9.7 1.4-14.8 6.9-5.1 5.6-19.4 19-19.4 46.3 0 27.3 19.9 53.7 22.6 57.4 2.8 3.7 39.1 59.7 94.8 83.8 35.2 15.2 49 16.5 66.6 13.9 10.7-1.6 32.8-13.4 37.4-26.4 4.6-13 4.6-24.1 3.2-26.4-1.3-2.5-5-3.9-10.5-6.6z\"><\/path><\/svg>\t\t\t\t\t\t\t<\/span>\n\t\t\t\t\t\t\t\t\t\t\t\t\t\t\t\t\t\t\t\t<\/div>\n\t\t\t\t\t<\/div>\n\t\t\t\t\t\t\t\t\t<div class=\"elementor-grid-item\" role=\"listitem\">\n\t\t\t\t\t\t<div class=\"elementor-share-btn elementor-share-btn_facebook\" role=\"button\" tabindex=\"0\" aria-label=\"Partager sur facebook\">\n\t\t\t\t\t\t\t\t\t\t\t\t\t\t\t<span class=\"elementor-share-btn__icon\">\n\t\t\t\t\t\t\t\t<svg aria-hidden=\"true\" class=\"e-font-icon-svg e-fab-facebook\" viewBox=\"0 0 512 512\" xmlns=\"http:\/\/www.w3.org\/2000\/svg\"><path d=\"M504 256C504 119 393 8 256 8S8 119 8 256c0 123.78 90.69 226.38 209.25 245V327.69h-63V256h63v-54.64c0-62.15 37-96.48 93.67-96.48 27.14 0 55.52 4.84 55.52 4.84v61h-31.28c-30.8 0-40.41 19.12-40.41 38.73V256h68.78l-11 71.69h-57.78V501C413.31 482.38 504 379.78 504 256z\"><\/path><\/svg>\t\t\t\t\t\t\t<\/span>\n\t\t\t\t\t\t\t\t\t\t\t\t\t\t\t\t\t\t\t\t<\/div>\n\t\t\t\t\t<\/div>\n\t\t\t\t\t\t\t\t\t<div class=\"elementor-grid-item\" role=\"listitem\">\n\t\t\t\t\t\t<div class=\"elementor-share-btn elementor-share-btn_x-twitter\" role=\"button\" tabindex=\"0\" aria-label=\"Partager sur x-twitter\">\n\t\t\t\t\t\t\t\t\t\t\t\t\t\t\t<span class=\"elementor-share-btn__icon\">\n\t\t\t\t\t\t\t\t<svg aria-hidden=\"true\" class=\"e-font-icon-svg e-fab-x-twitter\" viewBox=\"0 0 512 512\" xmlns=\"http:\/\/www.w3.org\/2000\/svg\"><path d=\"M389.2 48h70.6L305.6 224.2 487 464H345L233.7 318.6 106.5 464H35.8L200.7 275.5 26.8 48H172.4L272.9 180.9 389.2 48zM364.4 421.8h39.1L151.1 88h-42L364.4 421.8z\"><\/path><\/svg>\t\t\t\t\t\t\t<\/span>\n\t\t\t\t\t\t\t\t\t\t\t\t\t\t\t\t\t\t\t\t<\/div>\n\t\t\t\t\t<\/div>\n\t\t\t\t\t\t\t\t\t<div class=\"elementor-grid-item\" role=\"listitem\">\n\t\t\t\t\t\t<div class=\"elementor-share-btn elementor-share-btn_linkedin\" role=\"button\" tabindex=\"0\" aria-label=\"Partager sur linkedin\">\n\t\t\t\t\t\t\t\t\t\t\t\t\t\t\t<span class=\"elementor-share-btn__icon\">\n\t\t\t\t\t\t\t\t<svg aria-hidden=\"true\" class=\"e-font-icon-svg e-fab-linkedin\" viewBox=\"0 0 448 512\" xmlns=\"http:\/\/www.w3.org\/2000\/svg\"><path d=\"M416 32H31.9C14.3 32 0 46.5 0 64.3v383.4C0 465.5 14.3 480 31.9 480H416c17.6 0 32-14.5 32-32.3V64.3c0-17.8-14.4-32.3-32-32.3zM135.4 416H69V202.2h66.5V416zm-33.2-243c-21.3 0-38.5-17.3-38.5-38.5S80.9 96 102.2 96c21.2 0 38.5 17.3 38.5 38.5 0 21.3-17.2 38.5-38.5 38.5zm282.1 243h-66.4V312c0-24.8-.5-56.7-34.5-56.7-34.6 0-39.9 27-39.9 54.9V416h-66.4V202.2h63.7v29.2h.9c8.9-16.8 30.6-34.5 62.9-34.5 67.2 0 79.7 44.3 79.7 101.9V416z\"><\/path><\/svg>\t\t\t\t\t\t\t<\/span>\n\t\t\t\t\t\t\t\t\t\t\t\t\t\t\t\t\t\t\t\t<\/div>\n\t\t\t\t\t<\/div>\n\t\t\t\t\t\t<\/div>\n\t\t\t\t\t\t<\/div>\n\t\t\t\t<\/div>\n\t\t\t\t\t<\/div>\n\t\t\t\t<\/div>\n\t\t<div class=\"elementor-element elementor-element-35ac9aa e-flex e-con-boxed e-con e-parent\" data-id=\"35ac9aa\" data-element_type=\"container\" data-e-type=\"container\">\n\t\t\t\t\t<div class=\"e-con-inner\">\n\t\t\t\t\t<\/div>\n\t\t\t\t<\/div>\n\t\t\t\t<\/div>\n\t\t","protected":false},"excerpt":{"rendered":"<p>La premi\u00e8re \u00e9dition de la Tramuntana Trail a rassembl\u00e9 de nombreux participants lors d\u2019une journ\u00e9e sportive et conviviale.<\/p>\n","protected":false},"author":3,"featured_media":12617,"comment_status":"open","ping_status":"open","sticky":false,"template":"","format":"standard","meta":{"footnotes":""},"categories":[114],"tags":[],"class_list":["post-12505","post","type-post","status-publish","format-standard","has-post-thumbnail","hentry","category-entreprise"],"yoast_head":"<!-- This site is optimized with the Yoast SEO plugin v27.5 - https:\/\/yoast.com\/product\/yoast-seo-wordpress\/ -->\n<title>Grande participation \u00e0 la 1\u00e8re Tramuntana Trail 2025<\/title>\n<meta name=\"description\" content=\"La 1\u00e8re Tramuntana Trail a uni La Jonquera et Le Perthus le 11 septembre : sport, nature et communaut\u00e9 pour une journ\u00e9e historique.\" \/>\n<meta name=\"robots\" content=\"index, follow, max-snippet:-1, max-image-preview:large, max-video-preview:-1\" \/>\n<link rel=\"canonical\" href=\"https:\/\/www.latramuntana.com\/fr\/grande-participation-a-la-1ere-tramuntana-trail-une-journee-historique-entre-la-jonquera-et-le-perthus\/\" \/>\n<meta property=\"og:locale\" content=\"fr_FR\" \/>\n<meta property=\"og:type\" content=\"article\" \/>\n<meta property=\"og:title\" content=\"Grande participation \u00e0 la 1\u00e8re Tramuntana Trail 2025\" \/>\n<meta property=\"og:description\" content=\"La 1\u00e8re Tramuntana Trail a uni La Jonquera et Le Perthus le 11 septembre : sport, nature et communaut\u00e9 pour une journ\u00e9e historique.\" \/>\n<meta property=\"og:url\" content=\"https:\/\/www.latramuntana.com\/fr\/grande-participation-a-la-1ere-tramuntana-trail-une-journee-historique-entre-la-jonquera-et-le-perthus\/\" \/>\n<meta property=\"og:site_name\" content=\"La Tramuntana\" \/>\n<meta property=\"article:publisher\" content=\"https:\/\/www.facebook.com\/gruptramuntana\" \/>\n<meta property=\"article:published_time\" content=\"2025-09-12T15:42:01+00:00\" \/>\n<meta property=\"article:modified_time\" content=\"2026-01-23T16:23:35+00:00\" \/>\n<meta property=\"og:image\" content=\"https:\/\/www.latramuntana.com\/wp-content\/uploads\/2025\/09\/1.-Portada.webp\" \/>\n\t<meta property=\"og:image:width\" content=\"1500\" \/>\n\t<meta property=\"og:image:height\" content=\"957\" \/>\n\t<meta property=\"og:image:type\" content=\"image\/webp\" \/>\n<meta name=\"author\" content=\"Jonathan Castell\u00f3\" \/>\n<meta name=\"twitter:card\" content=\"summary_large_image\" \/>\n<meta name=\"twitter:label1\" content=\"\u00c9crit par\" \/>\n\t<meta name=\"twitter:data1\" content=\"Jonathan Castell\u00f3\" \/>\n\t<meta name=\"twitter:label2\" content=\"Dur\u00e9e de lecture estim\u00e9e\" \/>\n\t<meta name=\"twitter:data2\" content=\"7 minutes\" \/>\n<script type=\"application\/ld+json\" class=\"yoast-schema-graph\">{\"@context\":\"https:\\\/\\\/schema.org\",\"@graph\":[{\"@type\":\"Article\",\"@id\":\"https:\\\/\\\/www.latramuntana.com\\\/fr\\\/grande-participation-a-la-1ere-tramuntana-trail-une-journee-historique-entre-la-jonquera-et-le-perthus\\\/#article\",\"isPartOf\":{\"@id\":\"https:\\\/\\\/www.latramuntana.com\\\/fr\\\/grande-participation-a-la-1ere-tramuntana-trail-une-journee-historique-entre-la-jonquera-et-le-perthus\\\/\"},\"author\":{\"name\":\"Jonathan Castell\u00f3\",\"@id\":\"https:\\\/\\\/www.latramuntana.com\\\/fr\\\/#\\\/schema\\\/person\\\/cbef6c5fc8e70e3ed2baa1c98f01888a\"},\"headline\":\"Grande participation \u00e0 la 1\u00e8re Tramuntana Trail : une journ\u00e9e historique\",\"datePublished\":\"2025-09-12T15:42:01+00:00\",\"dateModified\":\"2026-01-23T16:23:35+00:00\",\"mainEntityOfPage\":{\"@id\":\"https:\\\/\\\/www.latramuntana.com\\\/fr\\\/grande-participation-a-la-1ere-tramuntana-trail-une-journee-historique-entre-la-jonquera-et-le-perthus\\\/\"},\"wordCount\":759,\"commentCount\":0,\"publisher\":{\"@id\":\"https:\\\/\\\/www.latramuntana.com\\\/fr\\\/#organization\"},\"image\":{\"@id\":\"https:\\\/\\\/www.latramuntana.com\\\/fr\\\/grande-participation-a-la-1ere-tramuntana-trail-une-journee-historique-entre-la-jonquera-et-le-perthus\\\/#primaryimage\"},\"thumbnailUrl\":\"https:\\\/\\\/www.latramuntana.com\\\/wp-content\\\/uploads\\\/2025\\\/09\\\/1.-Portada.webp\",\"articleSection\":[\"Entreprise\"],\"inLanguage\":\"fr-FR\",\"potentialAction\":[{\"@type\":\"CommentAction\",\"name\":\"Comment\",\"target\":[\"https:\\\/\\\/www.latramuntana.com\\\/fr\\\/grande-participation-a-la-1ere-tramuntana-trail-une-journee-historique-entre-la-jonquera-et-le-perthus\\\/#respond\"]}]},{\"@type\":\"WebPage\",\"@id\":\"https:\\\/\\\/www.latramuntana.com\\\/fr\\\/grande-participation-a-la-1ere-tramuntana-trail-une-journee-historique-entre-la-jonquera-et-le-perthus\\\/\",\"url\":\"https:\\\/\\\/www.latramuntana.com\\\/fr\\\/grande-participation-a-la-1ere-tramuntana-trail-une-journee-historique-entre-la-jonquera-et-le-perthus\\\/\",\"name\":\"Grande participation \u00e0 la 1\u00e8re Tramuntana Trail 2025\",\"isPartOf\":{\"@id\":\"https:\\\/\\\/www.latramuntana.com\\\/fr\\\/#website\"},\"primaryImageOfPage\":{\"@id\":\"https:\\\/\\\/www.latramuntana.com\\\/fr\\\/grande-participation-a-la-1ere-tramuntana-trail-une-journee-historique-entre-la-jonquera-et-le-perthus\\\/#primaryimage\"},\"image\":{\"@id\":\"https:\\\/\\\/www.latramuntana.com\\\/fr\\\/grande-participation-a-la-1ere-tramuntana-trail-une-journee-historique-entre-la-jonquera-et-le-perthus\\\/#primaryimage\"},\"thumbnailUrl\":\"https:\\\/\\\/www.latramuntana.com\\\/wp-content\\\/uploads\\\/2025\\\/09\\\/1.-Portada.webp\",\"datePublished\":\"2025-09-12T15:42:01+00:00\",\"dateModified\":\"2026-01-23T16:23:35+00:00\",\"description\":\"La 1\u00e8re Tramuntana Trail a uni La Jonquera et Le Perthus le 11 septembre : sport, nature et communaut\u00e9 pour une journ\u00e9e historique.\",\"breadcrumb\":{\"@id\":\"https:\\\/\\\/www.latramuntana.com\\\/fr\\\/grande-participation-a-la-1ere-tramuntana-trail-une-journee-historique-entre-la-jonquera-et-le-perthus\\\/#breadcrumb\"},\"inLanguage\":\"fr-FR\",\"potentialAction\":[{\"@type\":\"ReadAction\",\"target\":[\"https:\\\/\\\/www.latramuntana.com\\\/fr\\\/grande-participation-a-la-1ere-tramuntana-trail-une-journee-historique-entre-la-jonquera-et-le-perthus\\\/\"]}]},{\"@type\":\"ImageObject\",\"inLanguage\":\"fr-FR\",\"@id\":\"https:\\\/\\\/www.latramuntana.com\\\/fr\\\/grande-participation-a-la-1ere-tramuntana-trail-une-journee-historique-entre-la-jonquera-et-le-perthus\\\/#primaryimage\",\"url\":\"https:\\\/\\\/www.latramuntana.com\\\/wp-content\\\/uploads\\\/2025\\\/09\\\/1.-Portada.webp\",\"contentUrl\":\"https:\\\/\\\/www.latramuntana.com\\\/wp-content\\\/uploads\\\/2025\\\/09\\\/1.-Portada.webp\",\"width\":1500,\"height\":957},{\"@type\":\"BreadcrumbList\",\"@id\":\"https:\\\/\\\/www.latramuntana.com\\\/fr\\\/grande-participation-a-la-1ere-tramuntana-trail-une-journee-historique-entre-la-jonquera-et-le-perthus\\\/#breadcrumb\",\"itemListElement\":[{\"@type\":\"ListItem\",\"position\":1,\"name\":\"Portada\",\"item\":\"https:\\\/\\\/www.latramuntana.com\\\/fr\\\/\"},{\"@type\":\"ListItem\",\"position\":2,\"name\":\"Grande participation \u00e0 la 1\u00e8re Tramuntana Trail : une journ\u00e9e historique\"}]},{\"@type\":\"WebSite\",\"@id\":\"https:\\\/\\\/www.latramuntana.com\\\/fr\\\/#website\",\"url\":\"https:\\\/\\\/www.latramuntana.com\\\/fr\\\/\",\"name\":\"La Tramuntana\",\"description\":\"\",\"publisher\":{\"@id\":\"https:\\\/\\\/www.latramuntana.com\\\/fr\\\/#organization\"},\"potentialAction\":[{\"@type\":\"SearchAction\",\"target\":{\"@type\":\"EntryPoint\",\"urlTemplate\":\"https:\\\/\\\/www.latramuntana.com\\\/fr\\\/?s={search_term_string}\"},\"query-input\":{\"@type\":\"PropertyValueSpecification\",\"valueRequired\":true,\"valueName\":\"search_term_string\"}}],\"inLanguage\":\"fr-FR\"},{\"@type\":\"Organization\",\"@id\":\"https:\\\/\\\/www.latramuntana.com\\\/fr\\\/#organization\",\"name\":\"La Tramuntana\",\"url\":\"https:\\\/\\\/www.latramuntana.com\\\/fr\\\/\",\"logo\":{\"@type\":\"ImageObject\",\"inLanguage\":\"fr-FR\",\"@id\":\"https:\\\/\\\/www.latramuntana.com\\\/fr\\\/#\\\/schema\\\/logo\\\/image\\\/\",\"url\":\"https:\\\/\\\/www.latramuntana.com\\\/wp-content\\\/uploads\\\/2024\\\/06\\\/latramuntana-logo.svg\",\"contentUrl\":\"https:\\\/\\\/www.latramuntana.com\\\/wp-content\\\/uploads\\\/2024\\\/06\\\/latramuntana-logo.svg\",\"width\":500,\"height\":55,\"caption\":\"La Tramuntana\"},\"image\":{\"@id\":\"https:\\\/\\\/www.latramuntana.com\\\/fr\\\/#\\\/schema\\\/logo\\\/image\\\/\"},\"sameAs\":[\"https:\\\/\\\/www.facebook.com\\\/gruptramuntana\",\"https:\\\/\\\/www.instagram.com\\\/gruptramuntana\\\/\",\"https:\\\/\\\/www.linkedin.com\\\/company\\\/gruptramuntana\\\/\"]},{\"@type\":\"Person\",\"@id\":\"https:\\\/\\\/www.latramuntana.com\\\/fr\\\/#\\\/schema\\\/person\\\/cbef6c5fc8e70e3ed2baa1c98f01888a\",\"name\":\"Jonathan Castell\u00f3\",\"image\":{\"@type\":\"ImageObject\",\"inLanguage\":\"fr-FR\",\"@id\":\"https:\\\/\\\/secure.gravatar.com\\\/avatar\\\/177c70ebf51c7857f92a2abf788941161ab11be71331a2ac62c0879e02200fdc?s=96&d=mm&r=g\",\"url\":\"https:\\\/\\\/secure.gravatar.com\\\/avatar\\\/177c70ebf51c7857f92a2abf788941161ab11be71331a2ac62c0879e02200fdc?s=96&d=mm&r=g\",\"contentUrl\":\"https:\\\/\\\/secure.gravatar.com\\\/avatar\\\/177c70ebf51c7857f92a2abf788941161ab11be71331a2ac62c0879e02200fdc?s=96&d=mm&r=g\",\"caption\":\"Jonathan Castell\u00f3\"},\"sameAs\":[\"https:\\\/\\\/www.latramuntana.com\"]}]}<\/script>\n<!-- \/ Yoast SEO plugin. -->","yoast_head_json":{"title":"Grande participation \u00e0 la 1\u00e8re Tramuntana Trail 2025","description":"La 1\u00e8re Tramuntana Trail a uni La Jonquera et Le Perthus le 11 septembre : sport, nature et communaut\u00e9 pour une journ\u00e9e historique.","robots":{"index":"index","follow":"follow","max-snippet":"max-snippet:-1","max-image-preview":"max-image-preview:large","max-video-preview":"max-video-preview:-1"},"canonical":"https:\/\/www.latramuntana.com\/fr\/grande-participation-a-la-1ere-tramuntana-trail-une-journee-historique-entre-la-jonquera-et-le-perthus\/","og_locale":"fr_FR","og_type":"article","og_title":"Grande participation \u00e0 la 1\u00e8re Tramuntana Trail 2025","og_description":"La 1\u00e8re Tramuntana Trail a uni La Jonquera et Le Perthus le 11 septembre : sport, nature et communaut\u00e9 pour une journ\u00e9e historique.","og_url":"https:\/\/www.latramuntana.com\/fr\/grande-participation-a-la-1ere-tramuntana-trail-une-journee-historique-entre-la-jonquera-et-le-perthus\/","og_site_name":"La Tramuntana","article_publisher":"https:\/\/www.facebook.com\/gruptramuntana","article_published_time":"2025-09-12T15:42:01+00:00","article_modified_time":"2026-01-23T16:23:35+00:00","og_image":[{"width":1500,"height":957,"url":"https:\/\/www.latramuntana.com\/wp-content\/uploads\/2025\/09\/1.-Portada.webp","type":"image\/webp"}],"author":"Jonathan Castell\u00f3","twitter_card":"summary_large_image","twitter_misc":{"\u00c9crit par":"Jonathan Castell\u00f3","Dur\u00e9e de lecture estim\u00e9e":"7 minutes"},"schema":{"@context":"https:\/\/schema.org","@graph":[{"@type":"Article","@id":"https:\/\/www.latramuntana.com\/fr\/grande-participation-a-la-1ere-tramuntana-trail-une-journee-historique-entre-la-jonquera-et-le-perthus\/#article","isPartOf":{"@id":"https:\/\/www.latramuntana.com\/fr\/grande-participation-a-la-1ere-tramuntana-trail-une-journee-historique-entre-la-jonquera-et-le-perthus\/"},"author":{"name":"Jonathan Castell\u00f3","@id":"https:\/\/www.latramuntana.com\/fr\/#\/schema\/person\/cbef6c5fc8e70e3ed2baa1c98f01888a"},"headline":"Grande participation \u00e0 la 1\u00e8re Tramuntana Trail : une journ\u00e9e historique","datePublished":"2025-09-12T15:42:01+00:00","dateModified":"2026-01-23T16:23:35+00:00","mainEntityOfPage":{"@id":"https:\/\/www.latramuntana.com\/fr\/grande-participation-a-la-1ere-tramuntana-trail-une-journee-historique-entre-la-jonquera-et-le-perthus\/"},"wordCount":759,"commentCount":0,"publisher":{"@id":"https:\/\/www.latramuntana.com\/fr\/#organization"},"image":{"@id":"https:\/\/www.latramuntana.com\/fr\/grande-participation-a-la-1ere-tramuntana-trail-une-journee-historique-entre-la-jonquera-et-le-perthus\/#primaryimage"},"thumbnailUrl":"https:\/\/www.latramuntana.com\/wp-content\/uploads\/2025\/09\/1.-Portada.webp","articleSection":["Entreprise"],"inLanguage":"fr-FR","potentialAction":[{"@type":"CommentAction","name":"Comment","target":["https:\/\/www.latramuntana.com\/fr\/grande-participation-a-la-1ere-tramuntana-trail-une-journee-historique-entre-la-jonquera-et-le-perthus\/#respond"]}]},{"@type":"WebPage","@id":"https:\/\/www.latramuntana.com\/fr\/grande-participation-a-la-1ere-tramuntana-trail-une-journee-historique-entre-la-jonquera-et-le-perthus\/","url":"https:\/\/www.latramuntana.com\/fr\/grande-participation-a-la-1ere-tramuntana-trail-une-journee-historique-entre-la-jonquera-et-le-perthus\/","name":"Grande participation \u00e0 la 1\u00e8re Tramuntana Trail 2025","isPartOf":{"@id":"https:\/\/www.latramuntana.com\/fr\/#website"},"primaryImageOfPage":{"@id":"https:\/\/www.latramuntana.com\/fr\/grande-participation-a-la-1ere-tramuntana-trail-une-journee-historique-entre-la-jonquera-et-le-perthus\/#primaryimage"},"image":{"@id":"https:\/\/www.latramuntana.com\/fr\/grande-participation-a-la-1ere-tramuntana-trail-une-journee-historique-entre-la-jonquera-et-le-perthus\/#primaryimage"},"thumbnailUrl":"https:\/\/www.latramuntana.com\/wp-content\/uploads\/2025\/09\/1.-Portada.webp","datePublished":"2025-09-12T15:42:01+00:00","dateModified":"2026-01-23T16:23:35+00:00","description":"La 1\u00e8re Tramuntana Trail a uni La Jonquera et Le Perthus le 11 septembre : sport, nature et communaut\u00e9 pour une journ\u00e9e historique.","breadcrumb":{"@id":"https:\/\/www.latramuntana.com\/fr\/grande-participation-a-la-1ere-tramuntana-trail-une-journee-historique-entre-la-jonquera-et-le-perthus\/#breadcrumb"},"inLanguage":"fr-FR","potentialAction":[{"@type":"ReadAction","target":["https:\/\/www.latramuntana.com\/fr\/grande-participation-a-la-1ere-tramuntana-trail-une-journee-historique-entre-la-jonquera-et-le-perthus\/"]}]},{"@type":"ImageObject","inLanguage":"fr-FR","@id":"https:\/\/www.latramuntana.com\/fr\/grande-participation-a-la-1ere-tramuntana-trail-une-journee-historique-entre-la-jonquera-et-le-perthus\/#primaryimage","url":"https:\/\/www.latramuntana.com\/wp-content\/uploads\/2025\/09\/1.-Portada.webp","contentUrl":"https:\/\/www.latramuntana.com\/wp-content\/uploads\/2025\/09\/1.-Portada.webp","width":1500,"height":957},{"@type":"BreadcrumbList","@id":"https:\/\/www.latramuntana.com\/fr\/grande-participation-a-la-1ere-tramuntana-trail-une-journee-historique-entre-la-jonquera-et-le-perthus\/#breadcrumb","itemListElement":[{"@type":"ListItem","position":1,"name":"Portada","item":"https:\/\/www.latramuntana.com\/fr\/"},{"@type":"ListItem","position":2,"name":"Grande participation \u00e0 la 1\u00e8re Tramuntana Trail : une journ\u00e9e historique"}]},{"@type":"WebSite","@id":"https:\/\/www.latramuntana.com\/fr\/#website","url":"https:\/\/www.latramuntana.com\/fr\/","name":"La Tramuntana","description":"","publisher":{"@id":"https:\/\/www.latramuntana.com\/fr\/#organization"},"potentialAction":[{"@type":"SearchAction","target":{"@type":"EntryPoint","urlTemplate":"https:\/\/www.latramuntana.com\/fr\/?s={search_term_string}"},"query-input":{"@type":"PropertyValueSpecification","valueRequired":true,"valueName":"search_term_string"}}],"inLanguage":"fr-FR"},{"@type":"Organization","@id":"https:\/\/www.latramuntana.com\/fr\/#organization","name":"La Tramuntana","url":"https:\/\/www.latramuntana.com\/fr\/","logo":{"@type":"ImageObject","inLanguage":"fr-FR","@id":"https:\/\/www.latramuntana.com\/fr\/#\/schema\/logo\/image\/","url":"https:\/\/www.latramuntana.com\/wp-content\/uploads\/2024\/06\/latramuntana-logo.svg","contentUrl":"https:\/\/www.latramuntana.com\/wp-content\/uploads\/2024\/06\/latramuntana-logo.svg","width":500,"height":55,"caption":"La Tramuntana"},"image":{"@id":"https:\/\/www.latramuntana.com\/fr\/#\/schema\/logo\/image\/"},"sameAs":["https:\/\/www.facebook.com\/gruptramuntana","https:\/\/www.instagram.com\/gruptramuntana\/","https:\/\/www.linkedin.com\/company\/gruptramuntana\/"]},{"@type":"Person","@id":"https:\/\/www.latramuntana.com\/fr\/#\/schema\/person\/cbef6c5fc8e70e3ed2baa1c98f01888a","name":"Jonathan Castell\u00f3","image":{"@type":"ImageObject","inLanguage":"fr-FR","@id":"https:\/\/secure.gravatar.com\/avatar\/177c70ebf51c7857f92a2abf788941161ab11be71331a2ac62c0879e02200fdc?s=96&d=mm&r=g","url":"https:\/\/secure.gravatar.com\/avatar\/177c70ebf51c7857f92a2abf788941161ab11be71331a2ac62c0879e02200fdc?s=96&d=mm&r=g","contentUrl":"https:\/\/secure.gravatar.com\/avatar\/177c70ebf51c7857f92a2abf788941161ab11be71331a2ac62c0879e02200fdc?s=96&d=mm&r=g","caption":"Jonathan Castell\u00f3"},"sameAs":["https:\/\/www.latramuntana.com"]}]}},"_links":{"self":[{"href":"https:\/\/www.latramuntana.com\/fr\/wp-json\/wp\/v2\/posts\/12505","targetHints":{"allow":["GET"]}}],"collection":[{"href":"https:\/\/www.latramuntana.com\/fr\/wp-json\/wp\/v2\/posts"}],"about":[{"href":"https:\/\/www.latramuntana.com\/fr\/wp-json\/wp\/v2\/types\/post"}],"author":[{"embeddable":true,"href":"https:\/\/www.latramuntana.com\/fr\/wp-json\/wp\/v2\/users\/3"}],"replies":[{"embeddable":true,"href":"https:\/\/www.latramuntana.com\/fr\/wp-json\/wp\/v2\/comments?post=12505"}],"version-history":[{"count":13,"href":"https:\/\/www.latramuntana.com\/fr\/wp-json\/wp\/v2\/posts\/12505\/revisions"}],"predecessor-version":[{"id":14779,"href":"https:\/\/www.latramuntana.com\/fr\/wp-json\/wp\/v2\/posts\/12505\/revisions\/14779"}],"wp:featuredmedia":[{"embeddable":true,"href":"https:\/\/www.latramuntana.com\/fr\/wp-json\/wp\/v2\/media\/12617"}],"wp:attachment":[{"href":"https:\/\/www.latramuntana.com\/fr\/wp-json\/wp\/v2\/media?parent=12505"}],"wp:term":[{"taxonomy":"category","embeddable":true,"href":"https:\/\/www.latramuntana.com\/fr\/wp-json\/wp\/v2\/categories?post=12505"},{"taxonomy":"post_tag","embeddable":true,"href":"https:\/\/www.latramuntana.com\/fr\/wp-json\/wp\/v2\/tags?post=12505"}],"curies":[{"name":"wp","href":"https:\/\/api.w.org\/{rel}","templated":true}]}}