{"id":7182,"date":"2020-10-10T20:45:25","date_gmt":"2020-10-10T18:45:25","guid":{"rendered":"https:\/\/www.latramuntana.com\/eclair-la-marca-de-perfumeries-del-grup-tramuntana\/"},"modified":"2025-02-13T17:25:28","modified_gmt":"2025-02-13T16:25:28","slug":"eclair-est-la-marque-de-parfumerie-du-grup-tramuntana","status":"publish","type":"post","link":"https:\/\/www.latramuntana.com\/fr\/eclair-est-la-marque-de-parfumerie-du-grup-tramuntana\/","title":{"rendered":"\u00c9clair est la marque de parfumerie du Grup Tramuntana"},"content":{"rendered":"<div class=\"text-justify my-2 my-lg-4 w-100\">\n<div class=\"text-justify my-2 my-lg-4 w-100\">\n<p>\u00c9clair est la marque de parfumerie du Grup Tramuntana, le centre multi-services de La Jonquera. La parfumerie est attach\u00e9e aux m\u00eames valeurs que le groupe: la proximit\u00e9 et la qualit\u00e9 qui distinguent une entreprise familiale avec de nombreuses ann\u00e9es d&rsquo;exp\u00e9rience et de service.<\/p>\n<p>Elle a \u00e9t\u00e9 choisi comme nom pour d\u00e9signer le moment o\u00f9 une personne brille par elle-m\u00eame. Nous savons que nous avons r\u00e9ussi lorsque notre beaut\u00e9 re\u00e7oit un compliment ou lorsque nous faisons un cadeau \u00e0 quelqu&rsquo;un et que son bonheur nous dit que nous avons raison. \u00c9clair est l&rsquo;expression de ce cri de victoire et de satisfaction acquis.<\/p>\n<p>C&rsquo;est une marque fra\u00eeche et \u00e9l\u00e9gante, capable de s&rsquo;adapter \u00e0 l&rsquo;\u00e9volution du march\u00e9 sans perdre son essence. Nous voulons que les clients qui viennent chez \u00c9clair trouvent tout ce dont ils ont besoin. \u00c9clair Parfumeries est une marque qui distribue diff\u00e9rents produits de beaut\u00e9 et cosm\u00e9tiques tels que des parfums, des cr\u00e8mes ou du maquillage.<\/p>\n<p>C&rsquo;est une nouvelle marque mais elle a l&rsquo;essence d&rsquo;une marque de tradition. Elle s&rsquo;engage dans une relation de proximit\u00e9 avec ses clients et de qualit\u00e9, comme le fait le groupe Tramuntana de g\u00e9n\u00e9ration en g\u00e9n\u00e9ration. C&rsquo;est une marque en \u00e9volution et capable de s&rsquo;adapter aux changements du march\u00e9 et \u00e0 l&rsquo;\u00e8re num\u00e9rique.<\/p>\n<p>Nous sommes toujours \u00e0 la pointe des derniers produits afin de pouvoir offrir \u00e0 tous nos clients les meilleurs produits et conseils afin qu&rsquo;ils puissent \u00eatre conseill\u00e9s et satisfaits. Chez \u00c9clair, nous favorisons l&rsquo;individualit\u00e9 et la diversit\u00e9 entre tous. Nous couvrons un public de tous \u00e2ges, sexes et origines diff\u00e9rentes. Notre objectif est de cr\u00e9er une exp\u00e9rience d&rsquo;achat engageante pour notre communaut\u00e9. Par notre exp\u00e9rience, notre innovation et notre esprit d&rsquo;entreprise, nous encourageons nos clients \u00e0 explorer un univers de beaut\u00e9 et de bien-\u00eatre aux mains de nos experts.<\/p>\n<\/div>\n<figure class=\"col-12 col-md-10 col-lg-9 p-0\"><img fetchpriority=\"high\" decoding=\"async\" class=\"size-full wp-image-10148 aligncenter\" src=\"https:\/\/www.latramuntana.com\/wp-content\/uploads\/2020\/10\/1.png\" alt=\"\" width=\"700\" height=\"500\" srcset=\"https:\/\/www.latramuntana.com\/wp-content\/uploads\/2020\/10\/1.png 700w, https:\/\/www.latramuntana.com\/wp-content\/uploads\/2020\/10\/1-300x214.png 300w\" sizes=\"(max-width: 700px) 100vw, 700px\" \/><\/figure>\n<\/div>\n","protected":false},"excerpt":{"rendered":"<p>\u00c9clair est la marque de parfumerie du Grup Tramuntana, le centre multi-services de La Jonquera. La parfumerie est attach\u00e9e aux m\u00eames valeurs que le groupe: la proximit\u00e9 et la qualit\u00e9 qui distinguent une entreprise familiale avec de nombreuses ann\u00e9es d&rsquo;exp\u00e9rience et de service. Elle a \u00e9t\u00e9 choisi comme nom pour d\u00e9signer le moment o\u00f9 une [&hellip;]<\/p>\n","protected":false},"author":1,"featured_media":6093,"comment_status":"open","ping_status":"open","sticky":false,"template":"","format":"standard","meta":{"footnotes":""},"categories":[53],"tags":[],"class_list":["post-7182","post","type-post","status-publish","format-standard","has-post-thumbnail","hentry","category-parfumeries"],"yoast_head":"<!-- This site is optimized with the Yoast SEO plugin v27.5 - https:\/\/yoast.com\/product\/yoast-seo-wordpress\/ -->\n<title>\u00c9clair est la marque de parfumerie du Grup Tramuntana - La Tramuntana<\/title>\n<meta name=\"robots\" content=\"index, follow, max-snippet:-1, max-image-preview:large, max-video-preview:-1\" \/>\n<link rel=\"canonical\" href=\"https:\/\/www.latramuntana.com\/fr\/eclair-est-la-marque-de-parfumerie-du-grup-tramuntana\/\" \/>\n<meta property=\"og:locale\" content=\"fr_FR\" \/>\n<meta property=\"og:type\" content=\"article\" \/>\n<meta property=\"og:title\" content=\"\u00c9clair est la marque de parfumerie du Grup Tramuntana - La Tramuntana\" \/>\n<meta property=\"og:description\" content=\"\u00c9clair est la marque de parfumerie du Grup Tramuntana, le centre multi-services de La Jonquera. La parfumerie est attach\u00e9e aux m\u00eames valeurs que le groupe: la proximit\u00e9 et la qualit\u00e9 qui distinguent une entreprise familiale avec de nombreuses ann\u00e9es d&rsquo;exp\u00e9rience et de service. Elle a \u00e9t\u00e9 choisi comme nom pour d\u00e9signer le moment o\u00f9 une [&hellip;]\" \/>\n<meta property=\"og:url\" content=\"https:\/\/www.latramuntana.com\/fr\/eclair-est-la-marque-de-parfumerie-du-grup-tramuntana\/\" \/>\n<meta property=\"og:site_name\" content=\"La Tramuntana\" \/>\n<meta property=\"article:publisher\" content=\"https:\/\/www.facebook.com\/gruptramuntana\" \/>\n<meta property=\"article:published_time\" content=\"2020-10-10T18:45:25+00:00\" \/>\n<meta property=\"article:modified_time\" content=\"2025-02-13T16:25:28+00:00\" \/>\n<meta property=\"og:image\" content=\"https:\/\/www.latramuntana.com\/wp-content\/uploads\/2024\/11\/Eclair-la-marca-de-perfumeries-del-grup-Tramuntana.webp\" \/>\n\t<meta property=\"og:image:width\" content=\"700\" \/>\n\t<meta property=\"og:image:height\" content=\"500\" \/>\n\t<meta property=\"og:image:type\" content=\"image\/png\" \/>\n<meta name=\"author\" content=\"Connectalia\" \/>\n<meta name=\"twitter:card\" content=\"summary_large_image\" \/>\n<meta name=\"twitter:label1\" content=\"\u00c9crit par\" \/>\n\t<meta name=\"twitter:data1\" content=\"Connectalia\" \/>\n\t<meta name=\"twitter:label2\" content=\"Dur\u00e9e de lecture estim\u00e9e\" \/>\n\t<meta name=\"twitter:data2\" content=\"3 minutes\" \/>\n<script type=\"application\/ld+json\" class=\"yoast-schema-graph\">{\"@context\":\"https:\\\/\\\/schema.org\",\"@graph\":[{\"@type\":\"Article\",\"@id\":\"https:\\\/\\\/www.latramuntana.com\\\/fr\\\/eclair-est-la-marque-de-parfumerie-du-grup-tramuntana\\\/#article\",\"isPartOf\":{\"@id\":\"https:\\\/\\\/www.latramuntana.com\\\/fr\\\/eclair-est-la-marque-de-parfumerie-du-grup-tramuntana\\\/\"},\"author\":{\"name\":\"Connectalia\",\"@id\":\"https:\\\/\\\/www.latramuntana.com\\\/fr\\\/#\\\/schema\\\/person\\\/2e0d00b145fb3c044ce65acd115dbd18\"},\"headline\":\"\u00c9clair est la marque de parfumerie du Grup Tramuntana\",\"datePublished\":\"2020-10-10T18:45:25+00:00\",\"dateModified\":\"2025-02-13T16:25:28+00:00\",\"mainEntityOfPage\":{\"@id\":\"https:\\\/\\\/www.latramuntana.com\\\/fr\\\/eclair-est-la-marque-de-parfumerie-du-grup-tramuntana\\\/\"},\"wordCount\":341,\"commentCount\":0,\"publisher\":{\"@id\":\"https:\\\/\\\/www.latramuntana.com\\\/fr\\\/#organization\"},\"image\":{\"@id\":\"https:\\\/\\\/www.latramuntana.com\\\/fr\\\/eclair-est-la-marque-de-parfumerie-du-grup-tramuntana\\\/#primaryimage\"},\"thumbnailUrl\":\"https:\\\/\\\/www.latramuntana.com\\\/wp-content\\\/uploads\\\/2024\\\/11\\\/Eclair-la-marca-de-perfumeries-del-grup-Tramuntana.webp\",\"articleSection\":[\"Parfumeries\"],\"inLanguage\":\"fr-FR\",\"potentialAction\":[{\"@type\":\"CommentAction\",\"name\":\"Comment\",\"target\":[\"https:\\\/\\\/www.latramuntana.com\\\/fr\\\/eclair-est-la-marque-de-parfumerie-du-grup-tramuntana\\\/#respond\"]}]},{\"@type\":\"WebPage\",\"@id\":\"https:\\\/\\\/www.latramuntana.com\\\/fr\\\/eclair-est-la-marque-de-parfumerie-du-grup-tramuntana\\\/\",\"url\":\"https:\\\/\\\/www.latramuntana.com\\\/fr\\\/eclair-est-la-marque-de-parfumerie-du-grup-tramuntana\\\/\",\"name\":\"\u00c9clair est la marque de parfumerie du Grup Tramuntana - La Tramuntana\",\"isPartOf\":{\"@id\":\"https:\\\/\\\/www.latramuntana.com\\\/fr\\\/#website\"},\"primaryImageOfPage\":{\"@id\":\"https:\\\/\\\/www.latramuntana.com\\\/fr\\\/eclair-est-la-marque-de-parfumerie-du-grup-tramuntana\\\/#primaryimage\"},\"image\":{\"@id\":\"https:\\\/\\\/www.latramuntana.com\\\/fr\\\/eclair-est-la-marque-de-parfumerie-du-grup-tramuntana\\\/#primaryimage\"},\"thumbnailUrl\":\"https:\\\/\\\/www.latramuntana.com\\\/wp-content\\\/uploads\\\/2024\\\/11\\\/Eclair-la-marca-de-perfumeries-del-grup-Tramuntana.webp\",\"datePublished\":\"2020-10-10T18:45:25+00:00\",\"dateModified\":\"2025-02-13T16:25:28+00:00\",\"breadcrumb\":{\"@id\":\"https:\\\/\\\/www.latramuntana.com\\\/fr\\\/eclair-est-la-marque-de-parfumerie-du-grup-tramuntana\\\/#breadcrumb\"},\"inLanguage\":\"fr-FR\",\"potentialAction\":[{\"@type\":\"ReadAction\",\"target\":[\"https:\\\/\\\/www.latramuntana.com\\\/fr\\\/eclair-est-la-marque-de-parfumerie-du-grup-tramuntana\\\/\"]}]},{\"@type\":\"ImageObject\",\"inLanguage\":\"fr-FR\",\"@id\":\"https:\\\/\\\/www.latramuntana.com\\\/fr\\\/eclair-est-la-marque-de-parfumerie-du-grup-tramuntana\\\/#primaryimage\",\"url\":\"https:\\\/\\\/www.latramuntana.com\\\/wp-content\\\/uploads\\\/2024\\\/11\\\/Eclair-la-marca-de-perfumeries-del-grup-Tramuntana.webp\",\"contentUrl\":\"https:\\\/\\\/www.latramuntana.com\\\/wp-content\\\/uploads\\\/2024\\\/11\\\/Eclair-la-marca-de-perfumeries-del-grup-Tramuntana.webp\",\"width\":700,\"height\":500},{\"@type\":\"BreadcrumbList\",\"@id\":\"https:\\\/\\\/www.latramuntana.com\\\/fr\\\/eclair-est-la-marque-de-parfumerie-du-grup-tramuntana\\\/#breadcrumb\",\"itemListElement\":[{\"@type\":\"ListItem\",\"position\":1,\"name\":\"Portada\",\"item\":\"https:\\\/\\\/www.latramuntana.com\\\/fr\\\/\"},{\"@type\":\"ListItem\",\"position\":2,\"name\":\"\u00c9clair est la marque de parfumerie du Grup Tramuntana\"}]},{\"@type\":\"WebSite\",\"@id\":\"https:\\\/\\\/www.latramuntana.com\\\/fr\\\/#website\",\"url\":\"https:\\\/\\\/www.latramuntana.com\\\/fr\\\/\",\"name\":\"La Tramuntana\",\"description\":\"\",\"publisher\":{\"@id\":\"https:\\\/\\\/www.latramuntana.com\\\/fr\\\/#organization\"},\"potentialAction\":[{\"@type\":\"SearchAction\",\"target\":{\"@type\":\"EntryPoint\",\"urlTemplate\":\"https:\\\/\\\/www.latramuntana.com\\\/fr\\\/?s={search_term_string}\"},\"query-input\":{\"@type\":\"PropertyValueSpecification\",\"valueRequired\":true,\"valueName\":\"search_term_string\"}}],\"inLanguage\":\"fr-FR\"},{\"@type\":\"Organization\",\"@id\":\"https:\\\/\\\/www.latramuntana.com\\\/fr\\\/#organization\",\"name\":\"La Tramuntana\",\"url\":\"https:\\\/\\\/www.latramuntana.com\\\/fr\\\/\",\"logo\":{\"@type\":\"ImageObject\",\"inLanguage\":\"fr-FR\",\"@id\":\"https:\\\/\\\/www.latramuntana.com\\\/fr\\\/#\\\/schema\\\/logo\\\/image\\\/\",\"url\":\"https:\\\/\\\/www.latramuntana.com\\\/wp-content\\\/uploads\\\/2024\\\/06\\\/latramuntana-logo.svg\",\"contentUrl\":\"https:\\\/\\\/www.latramuntana.com\\\/wp-content\\\/uploads\\\/2024\\\/06\\\/latramuntana-logo.svg\",\"width\":500,\"height\":55,\"caption\":\"La Tramuntana\"},\"image\":{\"@id\":\"https:\\\/\\\/www.latramuntana.com\\\/fr\\\/#\\\/schema\\\/logo\\\/image\\\/\"},\"sameAs\":[\"https:\\\/\\\/www.facebook.com\\\/gruptramuntana\",\"https:\\\/\\\/www.instagram.com\\\/gruptramuntana\\\/\",\"https:\\\/\\\/www.linkedin.com\\\/company\\\/gruptramuntana\\\/\"]},{\"@type\":\"Person\",\"@id\":\"https:\\\/\\\/www.latramuntana.com\\\/fr\\\/#\\\/schema\\\/person\\\/2e0d00b145fb3c044ce65acd115dbd18\",\"name\":\"Connectalia\",\"image\":{\"@type\":\"ImageObject\",\"inLanguage\":\"fr-FR\",\"@id\":\"https:\\\/\\\/secure.gravatar.com\\\/avatar\\\/ead0f7c0e4f7198d7ef6b804f047d07ba9a01858dc2effda64980328bcf723db?s=96&d=mm&r=g\",\"url\":\"https:\\\/\\\/secure.gravatar.com\\\/avatar\\\/ead0f7c0e4f7198d7ef6b804f047d07ba9a01858dc2effda64980328bcf723db?s=96&d=mm&r=g\",\"contentUrl\":\"https:\\\/\\\/secure.gravatar.com\\\/avatar\\\/ead0f7c0e4f7198d7ef6b804f047d07ba9a01858dc2effda64980328bcf723db?s=96&d=mm&r=g\",\"caption\":\"Connectalia\"}}]}<\/script>\n<!-- \/ Yoast SEO plugin. -->","yoast_head_json":{"title":"\u00c9clair est la marque de parfumerie du Grup Tramuntana - La Tramuntana","robots":{"index":"index","follow":"follow","max-snippet":"max-snippet:-1","max-image-preview":"max-image-preview:large","max-video-preview":"max-video-preview:-1"},"canonical":"https:\/\/www.latramuntana.com\/fr\/eclair-est-la-marque-de-parfumerie-du-grup-tramuntana\/","og_locale":"fr_FR","og_type":"article","og_title":"\u00c9clair est la marque de parfumerie du Grup Tramuntana - La Tramuntana","og_description":"\u00c9clair est la marque de parfumerie du Grup Tramuntana, le centre multi-services de La Jonquera. La parfumerie est attach\u00e9e aux m\u00eames valeurs que le groupe: la proximit\u00e9 et la qualit\u00e9 qui distinguent une entreprise familiale avec de nombreuses ann\u00e9es d&rsquo;exp\u00e9rience et de service. Elle a \u00e9t\u00e9 choisi comme nom pour d\u00e9signer le moment o\u00f9 une [&hellip;]","og_url":"https:\/\/www.latramuntana.com\/fr\/eclair-est-la-marque-de-parfumerie-du-grup-tramuntana\/","og_site_name":"La Tramuntana","article_publisher":"https:\/\/www.facebook.com\/gruptramuntana","article_published_time":"2020-10-10T18:45:25+00:00","article_modified_time":"2025-02-13T16:25:28+00:00","og_image":[{"width":700,"height":500,"url":"https:\/\/www.latramuntana.com\/wp-content\/uploads\/2024\/11\/Eclair-la-marca-de-perfumeries-del-grup-Tramuntana.webp","type":"image\/png"}],"author":"Connectalia","twitter_card":"summary_large_image","twitter_misc":{"\u00c9crit par":"Connectalia","Dur\u00e9e de lecture estim\u00e9e":"3 minutes"},"schema":{"@context":"https:\/\/schema.org","@graph":[{"@type":"Article","@id":"https:\/\/www.latramuntana.com\/fr\/eclair-est-la-marque-de-parfumerie-du-grup-tramuntana\/#article","isPartOf":{"@id":"https:\/\/www.latramuntana.com\/fr\/eclair-est-la-marque-de-parfumerie-du-grup-tramuntana\/"},"author":{"name":"Connectalia","@id":"https:\/\/www.latramuntana.com\/fr\/#\/schema\/person\/2e0d00b145fb3c044ce65acd115dbd18"},"headline":"\u00c9clair est la marque de parfumerie du Grup Tramuntana","datePublished":"2020-10-10T18:45:25+00:00","dateModified":"2025-02-13T16:25:28+00:00","mainEntityOfPage":{"@id":"https:\/\/www.latramuntana.com\/fr\/eclair-est-la-marque-de-parfumerie-du-grup-tramuntana\/"},"wordCount":341,"commentCount":0,"publisher":{"@id":"https:\/\/www.latramuntana.com\/fr\/#organization"},"image":{"@id":"https:\/\/www.latramuntana.com\/fr\/eclair-est-la-marque-de-parfumerie-du-grup-tramuntana\/#primaryimage"},"thumbnailUrl":"https:\/\/www.latramuntana.com\/wp-content\/uploads\/2024\/11\/Eclair-la-marca-de-perfumeries-del-grup-Tramuntana.webp","articleSection":["Parfumeries"],"inLanguage":"fr-FR","potentialAction":[{"@type":"CommentAction","name":"Comment","target":["https:\/\/www.latramuntana.com\/fr\/eclair-est-la-marque-de-parfumerie-du-grup-tramuntana\/#respond"]}]},{"@type":"WebPage","@id":"https:\/\/www.latramuntana.com\/fr\/eclair-est-la-marque-de-parfumerie-du-grup-tramuntana\/","url":"https:\/\/www.latramuntana.com\/fr\/eclair-est-la-marque-de-parfumerie-du-grup-tramuntana\/","name":"\u00c9clair est la marque de parfumerie du Grup Tramuntana - La Tramuntana","isPartOf":{"@id":"https:\/\/www.latramuntana.com\/fr\/#website"},"primaryImageOfPage":{"@id":"https:\/\/www.latramuntana.com\/fr\/eclair-est-la-marque-de-parfumerie-du-grup-tramuntana\/#primaryimage"},"image":{"@id":"https:\/\/www.latramuntana.com\/fr\/eclair-est-la-marque-de-parfumerie-du-grup-tramuntana\/#primaryimage"},"thumbnailUrl":"https:\/\/www.latramuntana.com\/wp-content\/uploads\/2024\/11\/Eclair-la-marca-de-perfumeries-del-grup-Tramuntana.webp","datePublished":"2020-10-10T18:45:25+00:00","dateModified":"2025-02-13T16:25:28+00:00","breadcrumb":{"@id":"https:\/\/www.latramuntana.com\/fr\/eclair-est-la-marque-de-parfumerie-du-grup-tramuntana\/#breadcrumb"},"inLanguage":"fr-FR","potentialAction":[{"@type":"ReadAction","target":["https:\/\/www.latramuntana.com\/fr\/eclair-est-la-marque-de-parfumerie-du-grup-tramuntana\/"]}]},{"@type":"ImageObject","inLanguage":"fr-FR","@id":"https:\/\/www.latramuntana.com\/fr\/eclair-est-la-marque-de-parfumerie-du-grup-tramuntana\/#primaryimage","url":"https:\/\/www.latramuntana.com\/wp-content\/uploads\/2024\/11\/Eclair-la-marca-de-perfumeries-del-grup-Tramuntana.webp","contentUrl":"https:\/\/www.latramuntana.com\/wp-content\/uploads\/2024\/11\/Eclair-la-marca-de-perfumeries-del-grup-Tramuntana.webp","width":700,"height":500},{"@type":"BreadcrumbList","@id":"https:\/\/www.latramuntana.com\/fr\/eclair-est-la-marque-de-parfumerie-du-grup-tramuntana\/#breadcrumb","itemListElement":[{"@type":"ListItem","position":1,"name":"Portada","item":"https:\/\/www.latramuntana.com\/fr\/"},{"@type":"ListItem","position":2,"name":"\u00c9clair est la marque de parfumerie du Grup Tramuntana"}]},{"@type":"WebSite","@id":"https:\/\/www.latramuntana.com\/fr\/#website","url":"https:\/\/www.latramuntana.com\/fr\/","name":"La Tramuntana","description":"","publisher":{"@id":"https:\/\/www.latramuntana.com\/fr\/#organization"},"potentialAction":[{"@type":"SearchAction","target":{"@type":"EntryPoint","urlTemplate":"https:\/\/www.latramuntana.com\/fr\/?s={search_term_string}"},"query-input":{"@type":"PropertyValueSpecification","valueRequired":true,"valueName":"search_term_string"}}],"inLanguage":"fr-FR"},{"@type":"Organization","@id":"https:\/\/www.latramuntana.com\/fr\/#organization","name":"La Tramuntana","url":"https:\/\/www.latramuntana.com\/fr\/","logo":{"@type":"ImageObject","inLanguage":"fr-FR","@id":"https:\/\/www.latramuntana.com\/fr\/#\/schema\/logo\/image\/","url":"https:\/\/www.latramuntana.com\/wp-content\/uploads\/2024\/06\/latramuntana-logo.svg","contentUrl":"https:\/\/www.latramuntana.com\/wp-content\/uploads\/2024\/06\/latramuntana-logo.svg","width":500,"height":55,"caption":"La Tramuntana"},"image":{"@id":"https:\/\/www.latramuntana.com\/fr\/#\/schema\/logo\/image\/"},"sameAs":["https:\/\/www.facebook.com\/gruptramuntana","https:\/\/www.instagram.com\/gruptramuntana\/","https:\/\/www.linkedin.com\/company\/gruptramuntana\/"]},{"@type":"Person","@id":"https:\/\/www.latramuntana.com\/fr\/#\/schema\/person\/2e0d00b145fb3c044ce65acd115dbd18","name":"Connectalia","image":{"@type":"ImageObject","inLanguage":"fr-FR","@id":"https:\/\/secure.gravatar.com\/avatar\/ead0f7c0e4f7198d7ef6b804f047d07ba9a01858dc2effda64980328bcf723db?s=96&d=mm&r=g","url":"https:\/\/secure.gravatar.com\/avatar\/ead0f7c0e4f7198d7ef6b804f047d07ba9a01858dc2effda64980328bcf723db?s=96&d=mm&r=g","contentUrl":"https:\/\/secure.gravatar.com\/avatar\/ead0f7c0e4f7198d7ef6b804f047d07ba9a01858dc2effda64980328bcf723db?s=96&d=mm&r=g","caption":"Connectalia"}}]}},"_links":{"self":[{"href":"https:\/\/www.latramuntana.com\/fr\/wp-json\/wp\/v2\/posts\/7182","targetHints":{"allow":["GET"]}}],"collection":[{"href":"https:\/\/www.latramuntana.com\/fr\/wp-json\/wp\/v2\/posts"}],"about":[{"href":"https:\/\/www.latramuntana.com\/fr\/wp-json\/wp\/v2\/types\/post"}],"author":[{"embeddable":true,"href":"https:\/\/www.latramuntana.com\/fr\/wp-json\/wp\/v2\/users\/1"}],"replies":[{"embeddable":true,"href":"https:\/\/www.latramuntana.com\/fr\/wp-json\/wp\/v2\/comments?post=7182"}],"version-history":[{"count":1,"href":"https:\/\/www.latramuntana.com\/fr\/wp-json\/wp\/v2\/posts\/7182\/revisions"}],"predecessor-version":[{"id":10154,"href":"https:\/\/www.latramuntana.com\/fr\/wp-json\/wp\/v2\/posts\/7182\/revisions\/10154"}],"wp:featuredmedia":[{"embeddable":true,"href":"https:\/\/www.latramuntana.com\/fr\/wp-json\/wp\/v2\/media\/6093"}],"wp:attachment":[{"href":"https:\/\/www.latramuntana.com\/fr\/wp-json\/wp\/v2\/media?parent=7182"}],"wp:term":[{"taxonomy":"category","embeddable":true,"href":"https:\/\/www.latramuntana.com\/fr\/wp-json\/wp\/v2\/categories?post=7182"},{"taxonomy":"post_tag","embeddable":true,"href":"https:\/\/www.latramuntana.com\/fr\/wp-json\/wp\/v2\/tags?post=7182"}],"curies":[{"name":"wp","href":"https:\/\/api.w.org\/{rel}","templated":true}]}}