{"id":7237,"date":"2023-08-18T17:23:16","date_gmt":"2023-08-18T15:23:16","guid":{"rendered":"https:\/\/www.latramuntana.com\/ampliem-el-serveis-obrim-una-benzinera-a-la-jonquera-2\/"},"modified":"2025-02-07T09:56:38","modified_gmt":"2025-02-07T08:56:38","slug":"nous-elargissons-nos-services-nous-ouvrons-une-station-service-a-la-jonquera","status":"publish","type":"post","link":"https:\/\/www.latramuntana.com\/fr\/nous-elargissons-nos-services-nous-ouvrons-une-station-service-a-la-jonquera\/","title":{"rendered":"Nous \u00e9largissons nos services : nous ouvrons une station-service \u00e0 La Jonquera !"},"content":{"rendered":"<div class=\"text-justify my-2 my-lg-4 w-100\">\n<p>Nous sommes tr\u00e8s heureux de vous annoncer, avec beaucoup d&rsquo;enthousiasme, l&rsquo;ouverture de notre premi\u00e8re station-service\u00a0<strong>Tramuntana<\/strong>\u00a0\u00e0\u00a0<strong>La Jonquera<\/strong>.<\/p>\n<p>Apr\u00e8s des mois de planification, de travail et d\u2019acharnement, notre station-service est \u00e0 pr\u00e9sent pr\u00eate \u00e0 ouvrir ses portes, \u00e9largissant ainsi le service dans la r\u00e9gion \u00e0 des prix tr\u00e8s comp\u00e9titifs.<\/p>\n<p>La\u00a0<strong>station-service Tramuntana 24h\u00a0<\/strong>est situ\u00e9e pr\u00e8s de l&rsquo;un de nos supermarch\u00e9s, juste \u00e0 c\u00f4t\u00e9 de la route N-II au kilom\u00e8tre 774 \u00e0 La Jonquera. Elle compte deux acc\u00e8s d&rsquo;entr\u00e9e et de sortie : depuis le parking du supermarch\u00e9 ou \u00e0 l&rsquo;arri\u00e8re.<\/p>\n<p><iframe src=\"https:\/\/www.google.com\/maps\/embed?pb=!1m18!1m12!1m3!1d2945.77304258989!2d2.8731090761119633!3d42.41127767118813!2m3!1f0!2f0!3f0!3m2!1i1024!2i768!4f13.1!3m3!1m2!1s0x12ba9bc725a8217b%3A0xc98e1bd3766e90ec!2sSupermercat%20Tramuntana%202!5e0!3m2!1sca!2ses!4v1692354112302!5m2!1sca!2ses\" width=\"600\" height=\"450\" allowfullscreen=\"allowfullscreen\" data-mce-fragment=\"1\"><\/iframe><\/p>\n<p>Nous avons s\u00e9lectionn\u00e9 cet emplacement strat\u00e9gique pour qu&rsquo;il soit pratique, facilement accessible et pour que le client soit en mesure d\u2019y trouver tout ce dont il a besoin lors de son s\u00e9jour :\u00a0<strong>supermarch\u00e9<\/strong>,\u00a0<strong>restaurant<\/strong>,\u00a0<strong>bureau de tabac<\/strong>\u00a0et\u00a0<strong>station-service<\/strong>.<\/p>\n<p>La station-service Tramuntana offre un service\u00a0<strong>24h\/24<\/strong>, avec huit pompes \u00e0 essence, toutes \u00e9quip\u00e9es des carburants suivants :\u00a0<strong>diesel<\/strong>,\u00a0<strong>essence\u00a0<\/strong>et\u00a0<strong>Ad Blue<\/strong>.<\/p>\n<p>De plus, les nouvelles installations disposeront<strong>\u00a0d&rsquo;un parking gratuit\u00a0<\/strong>pour les clients qui font leurs courses au supermarch\u00e9 ou qui souhaitent manger au restaurant et profiter de l\u2019ensemble des services \u00e0 leur disposition. Nous pr\u00e9voyons \u00e9galement d\u2019installer une zone<strong>\u00a0<\/strong>de<strong>\u00a0station de lavage automatique<\/strong>.<\/p>\n<p>Chez Grup Tramuntana, nous nous engageons \u00e0 offrir un\u00a0<strong>service complet<\/strong>\u00a0afin que nos clients puissent b\u00e9n\u00e9ficier des nombreux\u00a0<strong>avantages<\/strong>\u00a0que nous offrons dans diff\u00e9rents domaines d&rsquo;activit\u00e9. Avec plus de 70 ans d&rsquo;histoire, nous sommes l&rsquo;une des principales r\u00e9f\u00e9rences commerciales de la\u00a0<strong>zone frontali\u00e8re<\/strong>\u00a0de La Jonquera et au Perthus.<\/p>\n<\/div>\n<figure class=\"col-12 col-md-10 col-lg-9 p-0\"><img decoding=\"async\" class=\"w-100 aligncenter\" src=\"https:\/\/latramuntana.com\/storage\/app\/media\/blog\/Articulos\/Foto%20Benzinera%20Bloc.png\" alt=\"Nous \u00e9largissons nos services : nous ouvrons une station-service \u00e0 La Jonquera !\" \/><\/figure>\n","protected":false},"excerpt":{"rendered":"<p>Nous sommes tr\u00e8s heureux de vous annoncer, avec beaucoup d&rsquo;enthousiasme, l&rsquo;ouverture de notre premi\u00e8re station-service\u00a0Tramuntana\u00a0\u00e0\u00a0La Jonquera. Apr\u00e8s des mois de planification, de travail et d\u2019acharnement, notre station-service est \u00e0 pr\u00e9sent pr\u00eate \u00e0 ouvrir ses portes, \u00e9largissant ainsi le service dans la r\u00e9gion \u00e0 des prix tr\u00e8s comp\u00e9titifs. La\u00a0station-service Tramuntana 24h\u00a0est situ\u00e9e pr\u00e8s de l&rsquo;un de [&hellip;]<\/p>\n","protected":false},"author":1,"featured_media":5994,"comment_status":"open","ping_status":"open","sticky":false,"template":"","format":"standard","meta":{"footnotes":""},"categories":[63],"tags":[],"class_list":["post-7237","post","type-post","status-publish","format-standard","has-post-thumbnail","hentry","category-supermarches"],"yoast_head":"<!-- This site is optimized with the Yoast SEO plugin v27.5 - https:\/\/yoast.com\/product\/yoast-seo-wordpress\/ -->\n<title>Nous \u00e9largissons nos services : nous ouvrons une station-service \u00e0 La Jonquera ! - La Tramuntana<\/title>\n<meta name=\"robots\" content=\"index, follow, max-snippet:-1, max-image-preview:large, max-video-preview:-1\" \/>\n<link rel=\"canonical\" href=\"https:\/\/www.latramuntana.com\/fr\/nous-elargissons-nos-services-nous-ouvrons-une-station-service-a-la-jonquera\/\" \/>\n<meta property=\"og:locale\" content=\"fr_FR\" \/>\n<meta property=\"og:type\" content=\"article\" \/>\n<meta property=\"og:title\" content=\"Nous \u00e9largissons nos services : nous ouvrons une station-service \u00e0 La Jonquera ! - La Tramuntana\" \/>\n<meta property=\"og:description\" content=\"Nous sommes tr\u00e8s heureux de vous annoncer, avec beaucoup d&rsquo;enthousiasme, l&rsquo;ouverture de notre premi\u00e8re station-service\u00a0Tramuntana\u00a0\u00e0\u00a0La Jonquera. Apr\u00e8s des mois de planification, de travail et d\u2019acharnement, notre station-service est \u00e0 pr\u00e9sent pr\u00eate \u00e0 ouvrir ses portes, \u00e9largissant ainsi le service dans la r\u00e9gion \u00e0 des prix tr\u00e8s comp\u00e9titifs. La\u00a0station-service Tramuntana 24h\u00a0est situ\u00e9e pr\u00e8s de l&rsquo;un de [&hellip;]\" \/>\n<meta property=\"og:url\" content=\"https:\/\/www.latramuntana.com\/fr\/nous-elargissons-nos-services-nous-ouvrons-une-station-service-a-la-jonquera\/\" \/>\n<meta property=\"og:site_name\" content=\"La Tramuntana\" \/>\n<meta property=\"article:publisher\" content=\"https:\/\/www.facebook.com\/gruptramuntana\" \/>\n<meta property=\"article:published_time\" content=\"2023-08-18T15:23:16+00:00\" \/>\n<meta property=\"article:modified_time\" content=\"2025-02-07T08:56:38+00:00\" \/>\n<meta property=\"og:image\" content=\"https:\/\/www.latramuntana.com\/wp-content\/uploads\/2024\/11\/Foto-Benzinera-Bloc.webp\" \/>\n\t<meta property=\"og:image:width\" content=\"783\" \/>\n\t<meta property=\"og:image:height\" content=\"587\" \/>\n\t<meta property=\"og:image:type\" content=\"image\/png\" \/>\n<meta name=\"author\" content=\"Connectalia\" \/>\n<meta name=\"twitter:card\" content=\"summary_large_image\" \/>\n<meta name=\"twitter:label1\" content=\"\u00c9crit par\" \/>\n\t<meta name=\"twitter:data1\" content=\"Connectalia\" \/>\n\t<meta name=\"twitter:label2\" content=\"Dur\u00e9e de lecture estim\u00e9e\" \/>\n\t<meta name=\"twitter:data2\" content=\"2 minutes\" \/>\n<script type=\"application\/ld+json\" class=\"yoast-schema-graph\">{\"@context\":\"https:\\\/\\\/schema.org\",\"@graph\":[{\"@type\":\"Article\",\"@id\":\"https:\\\/\\\/www.latramuntana.com\\\/fr\\\/nous-elargissons-nos-services-nous-ouvrons-une-station-service-a-la-jonquera\\\/#article\",\"isPartOf\":{\"@id\":\"https:\\\/\\\/www.latramuntana.com\\\/fr\\\/nous-elargissons-nos-services-nous-ouvrons-une-station-service-a-la-jonquera\\\/\"},\"author\":{\"name\":\"Connectalia\",\"@id\":\"https:\\\/\\\/www.latramuntana.com\\\/fr\\\/#\\\/schema\\\/person\\\/2e0d00b145fb3c044ce65acd115dbd18\"},\"headline\":\"Nous \u00e9largissons nos services : nous ouvrons une station-service \u00e0 La Jonquera !\",\"datePublished\":\"2023-08-18T15:23:16+00:00\",\"dateModified\":\"2025-02-07T08:56:38+00:00\",\"mainEntityOfPage\":{\"@id\":\"https:\\\/\\\/www.latramuntana.com\\\/fr\\\/nous-elargissons-nos-services-nous-ouvrons-une-station-service-a-la-jonquera\\\/\"},\"wordCount\":285,\"commentCount\":0,\"publisher\":{\"@id\":\"https:\\\/\\\/www.latramuntana.com\\\/fr\\\/#organization\"},\"image\":{\"@id\":\"https:\\\/\\\/www.latramuntana.com\\\/fr\\\/nous-elargissons-nos-services-nous-ouvrons-une-station-service-a-la-jonquera\\\/#primaryimage\"},\"thumbnailUrl\":\"https:\\\/\\\/www.latramuntana.com\\\/wp-content\\\/uploads\\\/2024\\\/11\\\/Foto-Benzinera-Bloc.webp\",\"articleSection\":[\"Supermarch\u00e9s\"],\"inLanguage\":\"fr-FR\",\"potentialAction\":[{\"@type\":\"CommentAction\",\"name\":\"Comment\",\"target\":[\"https:\\\/\\\/www.latramuntana.com\\\/fr\\\/nous-elargissons-nos-services-nous-ouvrons-une-station-service-a-la-jonquera\\\/#respond\"]}]},{\"@type\":\"WebPage\",\"@id\":\"https:\\\/\\\/www.latramuntana.com\\\/fr\\\/nous-elargissons-nos-services-nous-ouvrons-une-station-service-a-la-jonquera\\\/\",\"url\":\"https:\\\/\\\/www.latramuntana.com\\\/fr\\\/nous-elargissons-nos-services-nous-ouvrons-une-station-service-a-la-jonquera\\\/\",\"name\":\"Nous \u00e9largissons nos services : nous ouvrons une station-service \u00e0 La Jonquera ! - La Tramuntana\",\"isPartOf\":{\"@id\":\"https:\\\/\\\/www.latramuntana.com\\\/fr\\\/#website\"},\"primaryImageOfPage\":{\"@id\":\"https:\\\/\\\/www.latramuntana.com\\\/fr\\\/nous-elargissons-nos-services-nous-ouvrons-une-station-service-a-la-jonquera\\\/#primaryimage\"},\"image\":{\"@id\":\"https:\\\/\\\/www.latramuntana.com\\\/fr\\\/nous-elargissons-nos-services-nous-ouvrons-une-station-service-a-la-jonquera\\\/#primaryimage\"},\"thumbnailUrl\":\"https:\\\/\\\/www.latramuntana.com\\\/wp-content\\\/uploads\\\/2024\\\/11\\\/Foto-Benzinera-Bloc.webp\",\"datePublished\":\"2023-08-18T15:23:16+00:00\",\"dateModified\":\"2025-02-07T08:56:38+00:00\",\"breadcrumb\":{\"@id\":\"https:\\\/\\\/www.latramuntana.com\\\/fr\\\/nous-elargissons-nos-services-nous-ouvrons-une-station-service-a-la-jonquera\\\/#breadcrumb\"},\"inLanguage\":\"fr-FR\",\"potentialAction\":[{\"@type\":\"ReadAction\",\"target\":[\"https:\\\/\\\/www.latramuntana.com\\\/fr\\\/nous-elargissons-nos-services-nous-ouvrons-une-station-service-a-la-jonquera\\\/\"]}]},{\"@type\":\"ImageObject\",\"inLanguage\":\"fr-FR\",\"@id\":\"https:\\\/\\\/www.latramuntana.com\\\/fr\\\/nous-elargissons-nos-services-nous-ouvrons-une-station-service-a-la-jonquera\\\/#primaryimage\",\"url\":\"https:\\\/\\\/www.latramuntana.com\\\/wp-content\\\/uploads\\\/2024\\\/11\\\/Foto-Benzinera-Bloc.webp\",\"contentUrl\":\"https:\\\/\\\/www.latramuntana.com\\\/wp-content\\\/uploads\\\/2024\\\/11\\\/Foto-Benzinera-Bloc.webp\",\"width\":783,\"height\":587,\"caption\":\"Benzinera Tramuntana 24 hores amb estaci\u00f3 de servei a l\u2019aire lliure\"},{\"@type\":\"BreadcrumbList\",\"@id\":\"https:\\\/\\\/www.latramuntana.com\\\/fr\\\/nous-elargissons-nos-services-nous-ouvrons-une-station-service-a-la-jonquera\\\/#breadcrumb\",\"itemListElement\":[{\"@type\":\"ListItem\",\"position\":1,\"name\":\"Portada\",\"item\":\"https:\\\/\\\/www.latramuntana.com\\\/fr\\\/\"},{\"@type\":\"ListItem\",\"position\":2,\"name\":\"Nous \u00e9largissons nos services : nous ouvrons une station-service \u00e0 La Jonquera !\"}]},{\"@type\":\"WebSite\",\"@id\":\"https:\\\/\\\/www.latramuntana.com\\\/fr\\\/#website\",\"url\":\"https:\\\/\\\/www.latramuntana.com\\\/fr\\\/\",\"name\":\"La Tramuntana\",\"description\":\"\",\"publisher\":{\"@id\":\"https:\\\/\\\/www.latramuntana.com\\\/fr\\\/#organization\"},\"potentialAction\":[{\"@type\":\"SearchAction\",\"target\":{\"@type\":\"EntryPoint\",\"urlTemplate\":\"https:\\\/\\\/www.latramuntana.com\\\/fr\\\/?s={search_term_string}\"},\"query-input\":{\"@type\":\"PropertyValueSpecification\",\"valueRequired\":true,\"valueName\":\"search_term_string\"}}],\"inLanguage\":\"fr-FR\"},{\"@type\":\"Organization\",\"@id\":\"https:\\\/\\\/www.latramuntana.com\\\/fr\\\/#organization\",\"name\":\"La Tramuntana\",\"url\":\"https:\\\/\\\/www.latramuntana.com\\\/fr\\\/\",\"logo\":{\"@type\":\"ImageObject\",\"inLanguage\":\"fr-FR\",\"@id\":\"https:\\\/\\\/www.latramuntana.com\\\/fr\\\/#\\\/schema\\\/logo\\\/image\\\/\",\"url\":\"https:\\\/\\\/www.latramuntana.com\\\/wp-content\\\/uploads\\\/2024\\\/06\\\/latramuntana-logo.svg\",\"contentUrl\":\"https:\\\/\\\/www.latramuntana.com\\\/wp-content\\\/uploads\\\/2024\\\/06\\\/latramuntana-logo.svg\",\"width\":500,\"height\":55,\"caption\":\"La Tramuntana\"},\"image\":{\"@id\":\"https:\\\/\\\/www.latramuntana.com\\\/fr\\\/#\\\/schema\\\/logo\\\/image\\\/\"},\"sameAs\":[\"https:\\\/\\\/www.facebook.com\\\/gruptramuntana\",\"https:\\\/\\\/www.instagram.com\\\/gruptramuntana\\\/\",\"https:\\\/\\\/www.linkedin.com\\\/company\\\/gruptramuntana\\\/\"]},{\"@type\":\"Person\",\"@id\":\"https:\\\/\\\/www.latramuntana.com\\\/fr\\\/#\\\/schema\\\/person\\\/2e0d00b145fb3c044ce65acd115dbd18\",\"name\":\"Connectalia\",\"image\":{\"@type\":\"ImageObject\",\"inLanguage\":\"fr-FR\",\"@id\":\"https:\\\/\\\/secure.gravatar.com\\\/avatar\\\/ead0f7c0e4f7198d7ef6b804f047d07ba9a01858dc2effda64980328bcf723db?s=96&d=mm&r=g\",\"url\":\"https:\\\/\\\/secure.gravatar.com\\\/avatar\\\/ead0f7c0e4f7198d7ef6b804f047d07ba9a01858dc2effda64980328bcf723db?s=96&d=mm&r=g\",\"contentUrl\":\"https:\\\/\\\/secure.gravatar.com\\\/avatar\\\/ead0f7c0e4f7198d7ef6b804f047d07ba9a01858dc2effda64980328bcf723db?s=96&d=mm&r=g\",\"caption\":\"Connectalia\"}}]}<\/script>\n<!-- \/ Yoast SEO plugin. -->","yoast_head_json":{"title":"Nous \u00e9largissons nos services : nous ouvrons une station-service \u00e0 La Jonquera ! - La Tramuntana","robots":{"index":"index","follow":"follow","max-snippet":"max-snippet:-1","max-image-preview":"max-image-preview:large","max-video-preview":"max-video-preview:-1"},"canonical":"https:\/\/www.latramuntana.com\/fr\/nous-elargissons-nos-services-nous-ouvrons-une-station-service-a-la-jonquera\/","og_locale":"fr_FR","og_type":"article","og_title":"Nous \u00e9largissons nos services : nous ouvrons une station-service \u00e0 La Jonquera ! - La Tramuntana","og_description":"Nous sommes tr\u00e8s heureux de vous annoncer, avec beaucoup d&rsquo;enthousiasme, l&rsquo;ouverture de notre premi\u00e8re station-service\u00a0Tramuntana\u00a0\u00e0\u00a0La Jonquera. Apr\u00e8s des mois de planification, de travail et d\u2019acharnement, notre station-service est \u00e0 pr\u00e9sent pr\u00eate \u00e0 ouvrir ses portes, \u00e9largissant ainsi le service dans la r\u00e9gion \u00e0 des prix tr\u00e8s comp\u00e9titifs. La\u00a0station-service Tramuntana 24h\u00a0est situ\u00e9e pr\u00e8s de l&rsquo;un de [&hellip;]","og_url":"https:\/\/www.latramuntana.com\/fr\/nous-elargissons-nos-services-nous-ouvrons-une-station-service-a-la-jonquera\/","og_site_name":"La Tramuntana","article_publisher":"https:\/\/www.facebook.com\/gruptramuntana","article_published_time":"2023-08-18T15:23:16+00:00","article_modified_time":"2025-02-07T08:56:38+00:00","og_image":[{"width":783,"height":587,"url":"https:\/\/www.latramuntana.com\/wp-content\/uploads\/2024\/11\/Foto-Benzinera-Bloc.webp","type":"image\/png"}],"author":"Connectalia","twitter_card":"summary_large_image","twitter_misc":{"\u00c9crit par":"Connectalia","Dur\u00e9e de lecture estim\u00e9e":"2 minutes"},"schema":{"@context":"https:\/\/schema.org","@graph":[{"@type":"Article","@id":"https:\/\/www.latramuntana.com\/fr\/nous-elargissons-nos-services-nous-ouvrons-une-station-service-a-la-jonquera\/#article","isPartOf":{"@id":"https:\/\/www.latramuntana.com\/fr\/nous-elargissons-nos-services-nous-ouvrons-une-station-service-a-la-jonquera\/"},"author":{"name":"Connectalia","@id":"https:\/\/www.latramuntana.com\/fr\/#\/schema\/person\/2e0d00b145fb3c044ce65acd115dbd18"},"headline":"Nous \u00e9largissons nos services : nous ouvrons une station-service \u00e0 La Jonquera !","datePublished":"2023-08-18T15:23:16+00:00","dateModified":"2025-02-07T08:56:38+00:00","mainEntityOfPage":{"@id":"https:\/\/www.latramuntana.com\/fr\/nous-elargissons-nos-services-nous-ouvrons-une-station-service-a-la-jonquera\/"},"wordCount":285,"commentCount":0,"publisher":{"@id":"https:\/\/www.latramuntana.com\/fr\/#organization"},"image":{"@id":"https:\/\/www.latramuntana.com\/fr\/nous-elargissons-nos-services-nous-ouvrons-une-station-service-a-la-jonquera\/#primaryimage"},"thumbnailUrl":"https:\/\/www.latramuntana.com\/wp-content\/uploads\/2024\/11\/Foto-Benzinera-Bloc.webp","articleSection":["Supermarch\u00e9s"],"inLanguage":"fr-FR","potentialAction":[{"@type":"CommentAction","name":"Comment","target":["https:\/\/www.latramuntana.com\/fr\/nous-elargissons-nos-services-nous-ouvrons-une-station-service-a-la-jonquera\/#respond"]}]},{"@type":"WebPage","@id":"https:\/\/www.latramuntana.com\/fr\/nous-elargissons-nos-services-nous-ouvrons-une-station-service-a-la-jonquera\/","url":"https:\/\/www.latramuntana.com\/fr\/nous-elargissons-nos-services-nous-ouvrons-une-station-service-a-la-jonquera\/","name":"Nous \u00e9largissons nos services : nous ouvrons une station-service \u00e0 La Jonquera ! - La Tramuntana","isPartOf":{"@id":"https:\/\/www.latramuntana.com\/fr\/#website"},"primaryImageOfPage":{"@id":"https:\/\/www.latramuntana.com\/fr\/nous-elargissons-nos-services-nous-ouvrons-une-station-service-a-la-jonquera\/#primaryimage"},"image":{"@id":"https:\/\/www.latramuntana.com\/fr\/nous-elargissons-nos-services-nous-ouvrons-une-station-service-a-la-jonquera\/#primaryimage"},"thumbnailUrl":"https:\/\/www.latramuntana.com\/wp-content\/uploads\/2024\/11\/Foto-Benzinera-Bloc.webp","datePublished":"2023-08-18T15:23:16+00:00","dateModified":"2025-02-07T08:56:38+00:00","breadcrumb":{"@id":"https:\/\/www.latramuntana.com\/fr\/nous-elargissons-nos-services-nous-ouvrons-une-station-service-a-la-jonquera\/#breadcrumb"},"inLanguage":"fr-FR","potentialAction":[{"@type":"ReadAction","target":["https:\/\/www.latramuntana.com\/fr\/nous-elargissons-nos-services-nous-ouvrons-une-station-service-a-la-jonquera\/"]}]},{"@type":"ImageObject","inLanguage":"fr-FR","@id":"https:\/\/www.latramuntana.com\/fr\/nous-elargissons-nos-services-nous-ouvrons-une-station-service-a-la-jonquera\/#primaryimage","url":"https:\/\/www.latramuntana.com\/wp-content\/uploads\/2024\/11\/Foto-Benzinera-Bloc.webp","contentUrl":"https:\/\/www.latramuntana.com\/wp-content\/uploads\/2024\/11\/Foto-Benzinera-Bloc.webp","width":783,"height":587,"caption":"Benzinera Tramuntana 24 hores amb estaci\u00f3 de servei a l\u2019aire lliure"},{"@type":"BreadcrumbList","@id":"https:\/\/www.latramuntana.com\/fr\/nous-elargissons-nos-services-nous-ouvrons-une-station-service-a-la-jonquera\/#breadcrumb","itemListElement":[{"@type":"ListItem","position":1,"name":"Portada","item":"https:\/\/www.latramuntana.com\/fr\/"},{"@type":"ListItem","position":2,"name":"Nous \u00e9largissons nos services : nous ouvrons une station-service \u00e0 La Jonquera !"}]},{"@type":"WebSite","@id":"https:\/\/www.latramuntana.com\/fr\/#website","url":"https:\/\/www.latramuntana.com\/fr\/","name":"La Tramuntana","description":"","publisher":{"@id":"https:\/\/www.latramuntana.com\/fr\/#organization"},"potentialAction":[{"@type":"SearchAction","target":{"@type":"EntryPoint","urlTemplate":"https:\/\/www.latramuntana.com\/fr\/?s={search_term_string}"},"query-input":{"@type":"PropertyValueSpecification","valueRequired":true,"valueName":"search_term_string"}}],"inLanguage":"fr-FR"},{"@type":"Organization","@id":"https:\/\/www.latramuntana.com\/fr\/#organization","name":"La Tramuntana","url":"https:\/\/www.latramuntana.com\/fr\/","logo":{"@type":"ImageObject","inLanguage":"fr-FR","@id":"https:\/\/www.latramuntana.com\/fr\/#\/schema\/logo\/image\/","url":"https:\/\/www.latramuntana.com\/wp-content\/uploads\/2024\/06\/latramuntana-logo.svg","contentUrl":"https:\/\/www.latramuntana.com\/wp-content\/uploads\/2024\/06\/latramuntana-logo.svg","width":500,"height":55,"caption":"La Tramuntana"},"image":{"@id":"https:\/\/www.latramuntana.com\/fr\/#\/schema\/logo\/image\/"},"sameAs":["https:\/\/www.facebook.com\/gruptramuntana","https:\/\/www.instagram.com\/gruptramuntana\/","https:\/\/www.linkedin.com\/company\/gruptramuntana\/"]},{"@type":"Person","@id":"https:\/\/www.latramuntana.com\/fr\/#\/schema\/person\/2e0d00b145fb3c044ce65acd115dbd18","name":"Connectalia","image":{"@type":"ImageObject","inLanguage":"fr-FR","@id":"https:\/\/secure.gravatar.com\/avatar\/ead0f7c0e4f7198d7ef6b804f047d07ba9a01858dc2effda64980328bcf723db?s=96&d=mm&r=g","url":"https:\/\/secure.gravatar.com\/avatar\/ead0f7c0e4f7198d7ef6b804f047d07ba9a01858dc2effda64980328bcf723db?s=96&d=mm&r=g","contentUrl":"https:\/\/secure.gravatar.com\/avatar\/ead0f7c0e4f7198d7ef6b804f047d07ba9a01858dc2effda64980328bcf723db?s=96&d=mm&r=g","caption":"Connectalia"}}]}},"_links":{"self":[{"href":"https:\/\/www.latramuntana.com\/fr\/wp-json\/wp\/v2\/posts\/7237","targetHints":{"allow":["GET"]}}],"collection":[{"href":"https:\/\/www.latramuntana.com\/fr\/wp-json\/wp\/v2\/posts"}],"about":[{"href":"https:\/\/www.latramuntana.com\/fr\/wp-json\/wp\/v2\/types\/post"}],"author":[{"embeddable":true,"href":"https:\/\/www.latramuntana.com\/fr\/wp-json\/wp\/v2\/users\/1"}],"replies":[{"embeddable":true,"href":"https:\/\/www.latramuntana.com\/fr\/wp-json\/wp\/v2\/comments?post=7237"}],"version-history":[{"count":0,"href":"https:\/\/www.latramuntana.com\/fr\/wp-json\/wp\/v2\/posts\/7237\/revisions"}],"wp:featuredmedia":[{"embeddable":true,"href":"https:\/\/www.latramuntana.com\/fr\/wp-json\/wp\/v2\/media\/5994"}],"wp:attachment":[{"href":"https:\/\/www.latramuntana.com\/fr\/wp-json\/wp\/v2\/media?parent=7237"}],"wp:term":[{"taxonomy":"category","embeddable":true,"href":"https:\/\/www.latramuntana.com\/fr\/wp-json\/wp\/v2\/categories?post=7237"},{"taxonomy":"post_tag","embeddable":true,"href":"https:\/\/www.latramuntana.com\/fr\/wp-json\/wp\/v2\/tags?post=7237"}],"curies":[{"name":"wp","href":"https:\/\/api.w.org\/{rel}","templated":true}]}}