{"id":7404,"date":"2021-03-12T21:51:54","date_gmt":"2021-03-12T20:51:54","guid":{"rendered":"https:\/\/www.latramuntana.com\/una-de-les-postres-mes-antigues-de-la-nostra-cuina-la-crema-de-sant-josep\/"},"modified":"2025-02-13T17:22:22","modified_gmt":"2025-02-13T16:22:22","slug":"lun-des-desserts-les-plus-anciens-de-notre-cuisine-la-creme-de-sant-joseph","status":"publish","type":"post","link":"https:\/\/www.latramuntana.com\/fr\/lun-des-desserts-les-plus-anciens-de-notre-cuisine-la-creme-de-sant-joseph\/","title":{"rendered":"L&rsquo;un des desserts les plus anciens de notre cuisine : la cr\u00e8me de Sant Joseph"},"content":{"rendered":"<div class=\"text-justify my-2 my-lg-4 w-100\">\n<p>La cr\u00e8me catalane est consid\u00e9r\u00e9e comme un des desserts les plus anciens et les plus traditionnels de la cuisine catalane. Est \u00e9galement connue sous le nom de \u00ab cr\u00e8me br\u00fbl\u00e9e \u00bb ou de \u00ab cr\u00e8me de Saint-Joseph \u00bb. Fait avec des \u0153ufs, du sucre, de la farine et du lait ; et sous un caramel croquant qui le rend irr\u00e9sistible.<\/p>\n<p>Mais d\u2019o\u00f9 vient la cr\u00e8me catalane, pourquoi mange-t-on la cr\u00e8me catalane le jour de Saint Joseph ? Dans cet article vous allez d\u00e9couvrir tous les d\u00e9tails sur l&rsquo;histoire.<\/p>\n<h3><strong>Origines<\/strong><\/h3>\n<p>Dans les recettes du Moyen \u00c2ge, on trouve d\u00e9j\u00e0 des mentions sous le nom de \u00ab\u00a0<em>lait cuit<\/em>\u00a0\u00bb ou \u00ab\u00a0<em>lluixell<\/em>\u00a0\u00bb, des \u00e9laborations \u00e0 base de lait de ch\u00e8vre et d&rsquo;\u0153ufs. On trouve \u00e9galement un journal intitul\u00e9 \u00ab Calaix de Sastre \u00bb, \u00e9crit entre 1768 et 1819 par Rafael d\u2019Amat i de Cortada, baron de Mald\u00e0, o\u00f9 diverses r\u00e9f\u00e9rences sont faites \u00e0 la cr\u00e8me catalane.<\/p>\n<p>En plus, une l\u00e9gende raconte l&rsquo;histoire d&rsquo;un \u00e9v\u00eaque qui a visit\u00e9 un couvent de religieuses. Lors de sa visite, l&rsquo;\u00e9v\u00eaque re\u00e7u un flan en cadeau typique du territoire. Une fois le flan est termin\u00e9, les religieuses se sont rendu compte qu&rsquo;il \u00e9tait rest\u00e9 trop liquide. Pour r\u00e9soudre ce probl\u00e8me, ils ont ajout\u00e9 une couche de sucre br\u00fbl\u00e9. Quand ils ont offert le flan \u00e0 l&rsquo;\u00e9v\u00eaque, le sucre \u00e9tait encore tr\u00e8s chaud et quand il l&rsquo;a go\u00fbt\u00e9, il s&rsquo;est exclam\u00e9 : \u00ab crema ! crema ! \u00bb (\u00c7a br\u00fble !!). Et c\u2019est de l\u00e0 d&rsquo;o\u00f9 vient le nom du c\u00e9l\u00e8bre plat selon la fable.<\/p>\n<h3><strong>Tradition<\/strong><\/h3>\n<p>L&rsquo;origine de la tradition de prendre la cr\u00e8me pour Saint Joseph (le 19 mars) remontent historiquement \u00e0 ces dates parce que \u00e0 cette \u00e9poque, dans le mas, il y avait un exc\u00e8s d&rsquo;\u0153ufs et les poules pondaient beaucoup plus d&rsquo;\u0153ufs que la reste de l&rsquo;ann\u00e9e. Comme il y avait une surproduction, les maisons qui avaient du b\u00e9tail pr\u00e9paraient ce dessert typique de notre gastronomie.<\/p>\n<p>Pour perp\u00e9tuer la tradition, de nombreuses familles continuent \u00e0 \u00e9laborer leur propre cr\u00e8me de Saint-Joseph. Si vous avez envie de la cr\u00e8me et vous voulez faire une, voici la\u00a0<em>pr\u00e9paration en sachet du\u00a0<\/em><em><strong>Royal<\/strong><\/em><em><strong>\u00a0<\/strong><\/em>pour que vous puissiez faire le \u00e0 la maison.<\/p>\n<p>En Catalogne, nous avons l&rsquo;habitude de c\u00e9l\u00e9brer toutes les f\u00eates avec de bons desserts et du bon\u00a0<em><strong>cava<\/strong><\/em>. Et pour la F\u00eate des p\u00e8res, on ne peut penser \u00e0 rien de mieux que de retrouver cette belle tradition et de pr\u00e9parer l&rsquo;un des meilleurs desserts :\u00a0<u>une bonne cr\u00e8me de Saint-Joseph<\/u>.<\/p>\n<\/div>\n<figure class=\"col-12 col-md-10 col-lg-9 p-0\"><img fetchpriority=\"high\" decoding=\"async\" class=\"size-full wp-image-10138 aligncenter\" src=\"https:\/\/www.latramuntana.com\/wp-content\/uploads\/2021\/03\/crema-catalana.png\" alt=\"\" width=\"700\" height=\"500\" srcset=\"https:\/\/www.latramuntana.com\/wp-content\/uploads\/2021\/03\/crema-catalana.png 700w, https:\/\/www.latramuntana.com\/wp-content\/uploads\/2021\/03\/crema-catalana-300x214.png 300w\" sizes=\"(max-width: 700px) 100vw, 700px\" \/><\/figure>\n","protected":false},"excerpt":{"rendered":"<p>La cr\u00e8me catalane est consid\u00e9r\u00e9e comme un des desserts les plus anciens et les plus traditionnels de la cuisine catalane. Est \u00e9galement connue sous le nom de \u00ab cr\u00e8me br\u00fbl\u00e9e \u00bb ou de \u00ab cr\u00e8me de Saint-Joseph \u00bb. Fait avec des \u0153ufs, du sucre, de la farine et du lait ; et sous un caramel [&hellip;]<\/p>\n","protected":false},"author":1,"featured_media":5453,"comment_status":"open","ping_status":"open","sticky":false,"template":"","format":"standard","meta":{"footnotes":""},"categories":[63],"tags":[],"class_list":["post-7404","post","type-post","status-publish","format-standard","has-post-thumbnail","hentry","category-supermarches"],"yoast_head":"<!-- This site is optimized with the Yoast SEO plugin v27.5 - https:\/\/yoast.com\/product\/yoast-seo-wordpress\/ -->\n<title>L&#039;un des desserts les plus anciens de notre cuisine : la cr\u00e8me de Sant Joseph - La Tramuntana<\/title>\n<meta name=\"robots\" content=\"index, follow, max-snippet:-1, max-image-preview:large, max-video-preview:-1\" \/>\n<link rel=\"canonical\" href=\"https:\/\/www.latramuntana.com\/fr\/lun-des-desserts-les-plus-anciens-de-notre-cuisine-la-creme-de-sant-joseph\/\" \/>\n<meta property=\"og:locale\" content=\"fr_FR\" \/>\n<meta property=\"og:type\" content=\"article\" \/>\n<meta property=\"og:title\" content=\"L&#039;un des desserts les plus anciens de notre cuisine : la cr\u00e8me de Sant Joseph - La Tramuntana\" \/>\n<meta property=\"og:description\" content=\"La cr\u00e8me catalane est consid\u00e9r\u00e9e comme un des desserts les plus anciens et les plus traditionnels de la cuisine catalane. Est \u00e9galement connue sous le nom de \u00ab cr\u00e8me br\u00fbl\u00e9e \u00bb ou de \u00ab cr\u00e8me de Saint-Joseph \u00bb. Fait avec des \u0153ufs, du sucre, de la farine et du lait ; et sous un caramel [&hellip;]\" \/>\n<meta property=\"og:url\" content=\"https:\/\/www.latramuntana.com\/fr\/lun-des-desserts-les-plus-anciens-de-notre-cuisine-la-creme-de-sant-joseph\/\" \/>\n<meta property=\"og:site_name\" content=\"La Tramuntana\" \/>\n<meta property=\"article:publisher\" content=\"https:\/\/www.facebook.com\/gruptramuntana\" \/>\n<meta property=\"article:published_time\" content=\"2021-03-12T20:51:54+00:00\" \/>\n<meta property=\"article:modified_time\" content=\"2025-02-13T16:22:22+00:00\" \/>\n<meta property=\"og:image\" content=\"https:\/\/www.latramuntana.com\/wp-content\/uploads\/2024\/11\/Una-de-les-postres-mes-antigues-de-la-nostra-cuina-la-crema-de-Sant-Josep.webp\" \/>\n\t<meta property=\"og:image:width\" content=\"700\" \/>\n\t<meta property=\"og:image:height\" content=\"500\" \/>\n\t<meta property=\"og:image:type\" content=\"image\/png\" \/>\n<meta name=\"author\" content=\"Connectalia\" \/>\n<meta name=\"twitter:card\" content=\"summary_large_image\" \/>\n<meta name=\"twitter:label1\" content=\"\u00c9crit par\" \/>\n\t<meta name=\"twitter:data1\" content=\"Connectalia\" \/>\n\t<meta name=\"twitter:label2\" content=\"Dur\u00e9e de lecture estim\u00e9e\" \/>\n\t<meta name=\"twitter:data2\" content=\"3 minutes\" \/>\n<script type=\"application\/ld+json\" class=\"yoast-schema-graph\">{\"@context\":\"https:\\\/\\\/schema.org\",\"@graph\":[{\"@type\":\"Article\",\"@id\":\"https:\\\/\\\/www.latramuntana.com\\\/fr\\\/lun-des-desserts-les-plus-anciens-de-notre-cuisine-la-creme-de-sant-joseph\\\/#article\",\"isPartOf\":{\"@id\":\"https:\\\/\\\/www.latramuntana.com\\\/fr\\\/lun-des-desserts-les-plus-anciens-de-notre-cuisine-la-creme-de-sant-joseph\\\/\"},\"author\":{\"name\":\"Connectalia\",\"@id\":\"https:\\\/\\\/www.latramuntana.com\\\/fr\\\/#\\\/schema\\\/person\\\/2e0d00b145fb3c044ce65acd115dbd18\"},\"headline\":\"L&rsquo;un des desserts les plus anciens de notre cuisine : la cr\u00e8me de Sant Joseph\",\"datePublished\":\"2021-03-12T20:51:54+00:00\",\"dateModified\":\"2025-02-13T16:22:22+00:00\",\"mainEntityOfPage\":{\"@id\":\"https:\\\/\\\/www.latramuntana.com\\\/fr\\\/lun-des-desserts-les-plus-anciens-de-notre-cuisine-la-creme-de-sant-joseph\\\/\"},\"wordCount\":469,\"commentCount\":0,\"publisher\":{\"@id\":\"https:\\\/\\\/www.latramuntana.com\\\/fr\\\/#organization\"},\"image\":{\"@id\":\"https:\\\/\\\/www.latramuntana.com\\\/fr\\\/lun-des-desserts-les-plus-anciens-de-notre-cuisine-la-creme-de-sant-joseph\\\/#primaryimage\"},\"thumbnailUrl\":\"https:\\\/\\\/www.latramuntana.com\\\/wp-content\\\/uploads\\\/2024\\\/11\\\/Una-de-les-postres-mes-antigues-de-la-nostra-cuina-la-crema-de-Sant-Josep.webp\",\"articleSection\":[\"Supermarch\u00e9s\"],\"inLanguage\":\"fr-FR\",\"potentialAction\":[{\"@type\":\"CommentAction\",\"name\":\"Comment\",\"target\":[\"https:\\\/\\\/www.latramuntana.com\\\/fr\\\/lun-des-desserts-les-plus-anciens-de-notre-cuisine-la-creme-de-sant-joseph\\\/#respond\"]}]},{\"@type\":\"WebPage\",\"@id\":\"https:\\\/\\\/www.latramuntana.com\\\/fr\\\/lun-des-desserts-les-plus-anciens-de-notre-cuisine-la-creme-de-sant-joseph\\\/\",\"url\":\"https:\\\/\\\/www.latramuntana.com\\\/fr\\\/lun-des-desserts-les-plus-anciens-de-notre-cuisine-la-creme-de-sant-joseph\\\/\",\"name\":\"L'un des desserts les plus anciens de notre cuisine : la cr\u00e8me de Sant Joseph - La Tramuntana\",\"isPartOf\":{\"@id\":\"https:\\\/\\\/www.latramuntana.com\\\/fr\\\/#website\"},\"primaryImageOfPage\":{\"@id\":\"https:\\\/\\\/www.latramuntana.com\\\/fr\\\/lun-des-desserts-les-plus-anciens-de-notre-cuisine-la-creme-de-sant-joseph\\\/#primaryimage\"},\"image\":{\"@id\":\"https:\\\/\\\/www.latramuntana.com\\\/fr\\\/lun-des-desserts-les-plus-anciens-de-notre-cuisine-la-creme-de-sant-joseph\\\/#primaryimage\"},\"thumbnailUrl\":\"https:\\\/\\\/www.latramuntana.com\\\/wp-content\\\/uploads\\\/2024\\\/11\\\/Una-de-les-postres-mes-antigues-de-la-nostra-cuina-la-crema-de-Sant-Josep.webp\",\"datePublished\":\"2021-03-12T20:51:54+00:00\",\"dateModified\":\"2025-02-13T16:22:22+00:00\",\"breadcrumb\":{\"@id\":\"https:\\\/\\\/www.latramuntana.com\\\/fr\\\/lun-des-desserts-les-plus-anciens-de-notre-cuisine-la-creme-de-sant-joseph\\\/#breadcrumb\"},\"inLanguage\":\"fr-FR\",\"potentialAction\":[{\"@type\":\"ReadAction\",\"target\":[\"https:\\\/\\\/www.latramuntana.com\\\/fr\\\/lun-des-desserts-les-plus-anciens-de-notre-cuisine-la-creme-de-sant-joseph\\\/\"]}]},{\"@type\":\"ImageObject\",\"inLanguage\":\"fr-FR\",\"@id\":\"https:\\\/\\\/www.latramuntana.com\\\/fr\\\/lun-des-desserts-les-plus-anciens-de-notre-cuisine-la-creme-de-sant-joseph\\\/#primaryimage\",\"url\":\"https:\\\/\\\/www.latramuntana.com\\\/wp-content\\\/uploads\\\/2024\\\/11\\\/Una-de-les-postres-mes-antigues-de-la-nostra-cuina-la-crema-de-Sant-Josep.webp\",\"contentUrl\":\"https:\\\/\\\/www.latramuntana.com\\\/wp-content\\\/uploads\\\/2024\\\/11\\\/Una-de-les-postres-mes-antigues-de-la-nostra-cuina-la-crema-de-Sant-Josep.webp\",\"width\":700,\"height\":500},{\"@type\":\"BreadcrumbList\",\"@id\":\"https:\\\/\\\/www.latramuntana.com\\\/fr\\\/lun-des-desserts-les-plus-anciens-de-notre-cuisine-la-creme-de-sant-joseph\\\/#breadcrumb\",\"itemListElement\":[{\"@type\":\"ListItem\",\"position\":1,\"name\":\"Portada\",\"item\":\"https:\\\/\\\/www.latramuntana.com\\\/fr\\\/\"},{\"@type\":\"ListItem\",\"position\":2,\"name\":\"L&#8217;un des desserts les plus anciens de notre cuisine : la cr\u00e8me de Sant Joseph\"}]},{\"@type\":\"WebSite\",\"@id\":\"https:\\\/\\\/www.latramuntana.com\\\/fr\\\/#website\",\"url\":\"https:\\\/\\\/www.latramuntana.com\\\/fr\\\/\",\"name\":\"La Tramuntana\",\"description\":\"\",\"publisher\":{\"@id\":\"https:\\\/\\\/www.latramuntana.com\\\/fr\\\/#organization\"},\"potentialAction\":[{\"@type\":\"SearchAction\",\"target\":{\"@type\":\"EntryPoint\",\"urlTemplate\":\"https:\\\/\\\/www.latramuntana.com\\\/fr\\\/?s={search_term_string}\"},\"query-input\":{\"@type\":\"PropertyValueSpecification\",\"valueRequired\":true,\"valueName\":\"search_term_string\"}}],\"inLanguage\":\"fr-FR\"},{\"@type\":\"Organization\",\"@id\":\"https:\\\/\\\/www.latramuntana.com\\\/fr\\\/#organization\",\"name\":\"La Tramuntana\",\"url\":\"https:\\\/\\\/www.latramuntana.com\\\/fr\\\/\",\"logo\":{\"@type\":\"ImageObject\",\"inLanguage\":\"fr-FR\",\"@id\":\"https:\\\/\\\/www.latramuntana.com\\\/fr\\\/#\\\/schema\\\/logo\\\/image\\\/\",\"url\":\"https:\\\/\\\/www.latramuntana.com\\\/wp-content\\\/uploads\\\/2024\\\/06\\\/latramuntana-logo.svg\",\"contentUrl\":\"https:\\\/\\\/www.latramuntana.com\\\/wp-content\\\/uploads\\\/2024\\\/06\\\/latramuntana-logo.svg\",\"width\":500,\"height\":55,\"caption\":\"La Tramuntana\"},\"image\":{\"@id\":\"https:\\\/\\\/www.latramuntana.com\\\/fr\\\/#\\\/schema\\\/logo\\\/image\\\/\"},\"sameAs\":[\"https:\\\/\\\/www.facebook.com\\\/gruptramuntana\",\"https:\\\/\\\/www.instagram.com\\\/gruptramuntana\\\/\",\"https:\\\/\\\/www.linkedin.com\\\/company\\\/gruptramuntana\\\/\"]},{\"@type\":\"Person\",\"@id\":\"https:\\\/\\\/www.latramuntana.com\\\/fr\\\/#\\\/schema\\\/person\\\/2e0d00b145fb3c044ce65acd115dbd18\",\"name\":\"Connectalia\",\"image\":{\"@type\":\"ImageObject\",\"inLanguage\":\"fr-FR\",\"@id\":\"https:\\\/\\\/secure.gravatar.com\\\/avatar\\\/ead0f7c0e4f7198d7ef6b804f047d07ba9a01858dc2effda64980328bcf723db?s=96&d=mm&r=g\",\"url\":\"https:\\\/\\\/secure.gravatar.com\\\/avatar\\\/ead0f7c0e4f7198d7ef6b804f047d07ba9a01858dc2effda64980328bcf723db?s=96&d=mm&r=g\",\"contentUrl\":\"https:\\\/\\\/secure.gravatar.com\\\/avatar\\\/ead0f7c0e4f7198d7ef6b804f047d07ba9a01858dc2effda64980328bcf723db?s=96&d=mm&r=g\",\"caption\":\"Connectalia\"}}]}<\/script>\n<!-- \/ Yoast SEO plugin. -->","yoast_head_json":{"title":"L'un des desserts les plus anciens de notre cuisine : la cr\u00e8me de Sant Joseph - La Tramuntana","robots":{"index":"index","follow":"follow","max-snippet":"max-snippet:-1","max-image-preview":"max-image-preview:large","max-video-preview":"max-video-preview:-1"},"canonical":"https:\/\/www.latramuntana.com\/fr\/lun-des-desserts-les-plus-anciens-de-notre-cuisine-la-creme-de-sant-joseph\/","og_locale":"fr_FR","og_type":"article","og_title":"L'un des desserts les plus anciens de notre cuisine : la cr\u00e8me de Sant Joseph - La Tramuntana","og_description":"La cr\u00e8me catalane est consid\u00e9r\u00e9e comme un des desserts les plus anciens et les plus traditionnels de la cuisine catalane. Est \u00e9galement connue sous le nom de \u00ab cr\u00e8me br\u00fbl\u00e9e \u00bb ou de \u00ab cr\u00e8me de Saint-Joseph \u00bb. Fait avec des \u0153ufs, du sucre, de la farine et du lait ; et sous un caramel [&hellip;]","og_url":"https:\/\/www.latramuntana.com\/fr\/lun-des-desserts-les-plus-anciens-de-notre-cuisine-la-creme-de-sant-joseph\/","og_site_name":"La Tramuntana","article_publisher":"https:\/\/www.facebook.com\/gruptramuntana","article_published_time":"2021-03-12T20:51:54+00:00","article_modified_time":"2025-02-13T16:22:22+00:00","og_image":[{"width":700,"height":500,"url":"https:\/\/www.latramuntana.com\/wp-content\/uploads\/2024\/11\/Una-de-les-postres-mes-antigues-de-la-nostra-cuina-la-crema-de-Sant-Josep.webp","type":"image\/png"}],"author":"Connectalia","twitter_card":"summary_large_image","twitter_misc":{"\u00c9crit par":"Connectalia","Dur\u00e9e de lecture estim\u00e9e":"3 minutes"},"schema":{"@context":"https:\/\/schema.org","@graph":[{"@type":"Article","@id":"https:\/\/www.latramuntana.com\/fr\/lun-des-desserts-les-plus-anciens-de-notre-cuisine-la-creme-de-sant-joseph\/#article","isPartOf":{"@id":"https:\/\/www.latramuntana.com\/fr\/lun-des-desserts-les-plus-anciens-de-notre-cuisine-la-creme-de-sant-joseph\/"},"author":{"name":"Connectalia","@id":"https:\/\/www.latramuntana.com\/fr\/#\/schema\/person\/2e0d00b145fb3c044ce65acd115dbd18"},"headline":"L&rsquo;un des desserts les plus anciens de notre cuisine : la cr\u00e8me de Sant Joseph","datePublished":"2021-03-12T20:51:54+00:00","dateModified":"2025-02-13T16:22:22+00:00","mainEntityOfPage":{"@id":"https:\/\/www.latramuntana.com\/fr\/lun-des-desserts-les-plus-anciens-de-notre-cuisine-la-creme-de-sant-joseph\/"},"wordCount":469,"commentCount":0,"publisher":{"@id":"https:\/\/www.latramuntana.com\/fr\/#organization"},"image":{"@id":"https:\/\/www.latramuntana.com\/fr\/lun-des-desserts-les-plus-anciens-de-notre-cuisine-la-creme-de-sant-joseph\/#primaryimage"},"thumbnailUrl":"https:\/\/www.latramuntana.com\/wp-content\/uploads\/2024\/11\/Una-de-les-postres-mes-antigues-de-la-nostra-cuina-la-crema-de-Sant-Josep.webp","articleSection":["Supermarch\u00e9s"],"inLanguage":"fr-FR","potentialAction":[{"@type":"CommentAction","name":"Comment","target":["https:\/\/www.latramuntana.com\/fr\/lun-des-desserts-les-plus-anciens-de-notre-cuisine-la-creme-de-sant-joseph\/#respond"]}]},{"@type":"WebPage","@id":"https:\/\/www.latramuntana.com\/fr\/lun-des-desserts-les-plus-anciens-de-notre-cuisine-la-creme-de-sant-joseph\/","url":"https:\/\/www.latramuntana.com\/fr\/lun-des-desserts-les-plus-anciens-de-notre-cuisine-la-creme-de-sant-joseph\/","name":"L'un des desserts les plus anciens de notre cuisine : la cr\u00e8me de Sant Joseph - La Tramuntana","isPartOf":{"@id":"https:\/\/www.latramuntana.com\/fr\/#website"},"primaryImageOfPage":{"@id":"https:\/\/www.latramuntana.com\/fr\/lun-des-desserts-les-plus-anciens-de-notre-cuisine-la-creme-de-sant-joseph\/#primaryimage"},"image":{"@id":"https:\/\/www.latramuntana.com\/fr\/lun-des-desserts-les-plus-anciens-de-notre-cuisine-la-creme-de-sant-joseph\/#primaryimage"},"thumbnailUrl":"https:\/\/www.latramuntana.com\/wp-content\/uploads\/2024\/11\/Una-de-les-postres-mes-antigues-de-la-nostra-cuina-la-crema-de-Sant-Josep.webp","datePublished":"2021-03-12T20:51:54+00:00","dateModified":"2025-02-13T16:22:22+00:00","breadcrumb":{"@id":"https:\/\/www.latramuntana.com\/fr\/lun-des-desserts-les-plus-anciens-de-notre-cuisine-la-creme-de-sant-joseph\/#breadcrumb"},"inLanguage":"fr-FR","potentialAction":[{"@type":"ReadAction","target":["https:\/\/www.latramuntana.com\/fr\/lun-des-desserts-les-plus-anciens-de-notre-cuisine-la-creme-de-sant-joseph\/"]}]},{"@type":"ImageObject","inLanguage":"fr-FR","@id":"https:\/\/www.latramuntana.com\/fr\/lun-des-desserts-les-plus-anciens-de-notre-cuisine-la-creme-de-sant-joseph\/#primaryimage","url":"https:\/\/www.latramuntana.com\/wp-content\/uploads\/2024\/11\/Una-de-les-postres-mes-antigues-de-la-nostra-cuina-la-crema-de-Sant-Josep.webp","contentUrl":"https:\/\/www.latramuntana.com\/wp-content\/uploads\/2024\/11\/Una-de-les-postres-mes-antigues-de-la-nostra-cuina-la-crema-de-Sant-Josep.webp","width":700,"height":500},{"@type":"BreadcrumbList","@id":"https:\/\/www.latramuntana.com\/fr\/lun-des-desserts-les-plus-anciens-de-notre-cuisine-la-creme-de-sant-joseph\/#breadcrumb","itemListElement":[{"@type":"ListItem","position":1,"name":"Portada","item":"https:\/\/www.latramuntana.com\/fr\/"},{"@type":"ListItem","position":2,"name":"L&#8217;un des desserts les plus anciens de notre cuisine : la cr\u00e8me de Sant Joseph"}]},{"@type":"WebSite","@id":"https:\/\/www.latramuntana.com\/fr\/#website","url":"https:\/\/www.latramuntana.com\/fr\/","name":"La Tramuntana","description":"","publisher":{"@id":"https:\/\/www.latramuntana.com\/fr\/#organization"},"potentialAction":[{"@type":"SearchAction","target":{"@type":"EntryPoint","urlTemplate":"https:\/\/www.latramuntana.com\/fr\/?s={search_term_string}"},"query-input":{"@type":"PropertyValueSpecification","valueRequired":true,"valueName":"search_term_string"}}],"inLanguage":"fr-FR"},{"@type":"Organization","@id":"https:\/\/www.latramuntana.com\/fr\/#organization","name":"La Tramuntana","url":"https:\/\/www.latramuntana.com\/fr\/","logo":{"@type":"ImageObject","inLanguage":"fr-FR","@id":"https:\/\/www.latramuntana.com\/fr\/#\/schema\/logo\/image\/","url":"https:\/\/www.latramuntana.com\/wp-content\/uploads\/2024\/06\/latramuntana-logo.svg","contentUrl":"https:\/\/www.latramuntana.com\/wp-content\/uploads\/2024\/06\/latramuntana-logo.svg","width":500,"height":55,"caption":"La Tramuntana"},"image":{"@id":"https:\/\/www.latramuntana.com\/fr\/#\/schema\/logo\/image\/"},"sameAs":["https:\/\/www.facebook.com\/gruptramuntana","https:\/\/www.instagram.com\/gruptramuntana\/","https:\/\/www.linkedin.com\/company\/gruptramuntana\/"]},{"@type":"Person","@id":"https:\/\/www.latramuntana.com\/fr\/#\/schema\/person\/2e0d00b145fb3c044ce65acd115dbd18","name":"Connectalia","image":{"@type":"ImageObject","inLanguage":"fr-FR","@id":"https:\/\/secure.gravatar.com\/avatar\/ead0f7c0e4f7198d7ef6b804f047d07ba9a01858dc2effda64980328bcf723db?s=96&d=mm&r=g","url":"https:\/\/secure.gravatar.com\/avatar\/ead0f7c0e4f7198d7ef6b804f047d07ba9a01858dc2effda64980328bcf723db?s=96&d=mm&r=g","contentUrl":"https:\/\/secure.gravatar.com\/avatar\/ead0f7c0e4f7198d7ef6b804f047d07ba9a01858dc2effda64980328bcf723db?s=96&d=mm&r=g","caption":"Connectalia"}}]}},"_links":{"self":[{"href":"https:\/\/www.latramuntana.com\/fr\/wp-json\/wp\/v2\/posts\/7404","targetHints":{"allow":["GET"]}}],"collection":[{"href":"https:\/\/www.latramuntana.com\/fr\/wp-json\/wp\/v2\/posts"}],"about":[{"href":"https:\/\/www.latramuntana.com\/fr\/wp-json\/wp\/v2\/types\/post"}],"author":[{"embeddable":true,"href":"https:\/\/www.latramuntana.com\/fr\/wp-json\/wp\/v2\/users\/1"}],"replies":[{"embeddable":true,"href":"https:\/\/www.latramuntana.com\/fr\/wp-json\/wp\/v2\/comments?post=7404"}],"version-history":[{"count":1,"href":"https:\/\/www.latramuntana.com\/fr\/wp-json\/wp\/v2\/posts\/7404\/revisions"}],"predecessor-version":[{"id":10145,"href":"https:\/\/www.latramuntana.com\/fr\/wp-json\/wp\/v2\/posts\/7404\/revisions\/10145"}],"wp:featuredmedia":[{"embeddable":true,"href":"https:\/\/www.latramuntana.com\/fr\/wp-json\/wp\/v2\/media\/5453"}],"wp:attachment":[{"href":"https:\/\/www.latramuntana.com\/fr\/wp-json\/wp\/v2\/media?parent=7404"}],"wp:term":[{"taxonomy":"category","embeddable":true,"href":"https:\/\/www.latramuntana.com\/fr\/wp-json\/wp\/v2\/categories?post=7404"},{"taxonomy":"post_tag","embeddable":true,"href":"https:\/\/www.latramuntana.com\/fr\/wp-json\/wp\/v2\/tags?post=7404"}],"curies":[{"name":"wp","href":"https:\/\/api.w.org\/{rel}","templated":true}]}}